{"id":133310,"date":"2025-04-15T15:42:34","date_gmt":"2025-04-15T13:42:34","guid":{"rendered":"https:\/\/www.mojevrijeme.hr\/magazin\/?p=133310"},"modified":"2025-04-15T16:28:19","modified_gmt":"2025-04-15T14:28:19","slug":"nakon-sastanka-radne-skupine-nisu-nase-umirovljenice-ljenjivice","status":"publish","type":"post","link":"https:\/\/www.mojevrijeme.hr\/magazin\/2025\/04\/nakon-sastanka-radne-skupine-nisu-nase-umirovljenice-ljenjivice\/","title":{"rendered":"Nakon sastanka o mirovinskoj reformi: &#8216;Nisu na\u0161e umirovljenice ljenjivice&#8217;"},"content":{"rendered":"\n<p>Jutros je odr\u017eana sjednica Radne skupine za izmjene Zakona o mirovinskom osiguranju. Rasprava je, doznajemo, bila intenzivna, a pojedine to\u010dke; osobito one koje se odnose na penalizaciju prijevremenog umirovljenja i maj\u010dinski dodatak, pokazale su dubok nesklad izme\u0111u umirovljenika i predstavnika ekonomske struke.<\/p>\n\n\n\n<p>Kako smo doznali od predstavnice Sindikata umirovljenika Hrvatske, <strong>Jasne Petrovi\u0107<\/strong>, ona i<strong> Vanda Crnjac Paukovi\u0107<\/strong> pred resorno ministarstvo i dr\u017eavnu tajnicu <strong>Melitu \u010ci\u010dak<\/strong> stavile su brojne prijedloge i zahtjeve kojima se aktivno usprotivio ekonomist <strong>Danijel Nesti\u0107<\/strong> s Ekonomskog instituta Zagreb.<\/p>\n\n\n\n<p>Podsjetimo, Nesti\u0107 je posljednjih dana izazvao golemu reakciju javnosti svojom op\u0161irnom analizom kojom je pokazao da prijevremeni umirovljenici u kona\u010dnici dobiju znatno ve\u0107u isplatu iz mirovinskog sustava u usporedbi sa svojim kolegama s istovjetnom karijerom, ali koji nisu prijevremeno umirovljeni.<\/p><div id=\"mojev-4009621574\" class=\"mojev-u-tekstu mojev-entity-placement\" style=\"margin-left: auto;margin-right: auto;text-align: center;\"><div class=\"mojev-adlabel\">oglas<\/div><div style=\"height: 250px;\"><script async src=\"https:\/\/pagead2.googlesyndication.com\/pagead\/js\/adsbygoogle.js?client=ca-pub-8106111766207173\"\r\n     crossorigin=\"anonymous\"><\/script>\r\n<!-- Prikazni 1 u tekstu -->\r\n<ins class=\"adsbygoogle\"\r\n     style=\"display:block\"\r\n     data-ad-client=\"ca-pub-8106111766207173\"\r\n     data-ad-slot=\"8535551207\"\r\n     data-ad-format=\"auto\"\r\n     data-full-width-responsive=\"true\"><\/ins>\r\n<script>\r\n     (adsbygoogle = window.adsbygoogle || []).push({});\r\n<\/script><\/div><\/div><br style=\"clear: both; display: block; float: none;\"\/>\n\n\n\n<p>S kojim se argumentima Nesti\u0107 zalo\u017eio za poja\u010danu penalizaciju prijevremenih starosnih mirovina, pro\u010ditajte na <a href=\"https:\/\/www.mojevrijeme.hr\/magazin\/2025\/04\/tko-ode-u-prijevremenu-mirovinu-na-kraju-dobije-vise-ceh-placaju-oni-koji-rade-do-65\/\">ovoj poveznici<\/a>. Petrovi\u0107 ga je do sada vi\u0161ekratno prozvala kao eksponenta Svjetske banke i hrvatskog financijskog sektora, a danas ga je optu\u017eila za socijalnu neosjetljivost i svo\u0111enje umirovljeni\u010dkih egzistencija na gole brojke.<\/p>\n\n\n\n<p>&#8220;Usprotivio se ujedna\u010davanju stope penalizacije&#8221;, kazala nam je u razgovoru dodaju\u0107i da se usprotivio i takozvanom maj\u010dinskom dodatku koji \u017eenama dodjeljuje odre\u0111eni dodani sta\u017e na svako ro\u0111eno dijete. Tu mjeru SUH smatra klju\u010dnom za pravedno obra\u010dunavanje \u017eenskih mirovina.<\/p>\n\n\n\n<p>&#8220;Ta mjera je smanjila rodni jaz u mirovinama sa 30 na 20 posto. Pa nisu na\u0161e umirovljenice ljenjivice koje nisu htjele raditi. Uz to, brojne su zavr\u0161ile na burzi rada kad su im se firme uru\u0161ile. Govorio je da treba podi\u0107i PDV jer se umirovljenicima navodno velikodu\u0161no daju prava. Skandalozno je da je rekao da najni\u017ee mirovine treba vezati uz imovinski cenzus. Kao da su mirovine socijalna pomo\u0107!&#8221; rezignirano nam ka\u017ee ova biv\u0161a dugogodi\u0161nja \u010delnica umirovljeni\u010dkog sindikata.<\/p>\n\n\n\n<p>&#8220;Njima uop\u0107e nije va\u017ena \u010dinjenica da smo drugi po siroma\u0161tvu starijih osoba u Europskoj uniji&#8221;, ka\u017ee Petrovi\u0107 o Nesti\u0107u I Ivani Vukorepi koja je u Radnoj skupini u ime Pravnog fakulteta. &#8220;Nesti\u0107 smatra i da je institut mirovine za dugogodi\u0161njeg osiguranika tako\u0111er nepotreban, a misli i da umirovljenicima treba oduzeti pravo na rad&#8221;, sumira svoje dojmove sa sastanka Petrovi\u0107.<\/p>\n\n\n\n<p>Naime, Vlada je obe\u0107ala u mirovinsku reformu ugraditi i novi model rada za umirovljenike kojima bi se omogu\u0107io rad na puno radno vrijeme uz zadr\u017eavanje polovine mirovine. Sada mogu raditi tek pola radnog vremena, no mogu zadr\u017eati cijelu mirovinu. Vi\u0161e o sastanku radne skupine pro\u010ditajte na <a href=\"https:\/\/www.mojevrijeme.hr\/magazin\/2025\/04\/penalizacija-13-mirovina-i-majcinski-dodatak-ovo-sve-suh-trazi-od-vlade\/\">ovoj poveznici<\/a>.<\/p>\n<div id=\"mojev-4188099393\" class=\"mojev-kraj-teksta mojev-entity-placement\" style=\"margin-bottom: 20px;margin-left: auto;margin-right: auto;text-align: center;\"><div class=\"mojev-adlabel\">oglas<\/div><div style=\"height: 250px;\"><script async src=\"https:\/\/pagead2.googlesyndication.com\/pagead\/js\/adsbygoogle.js?client=ca-pub-8106111766207173\"\r\n     crossorigin=\"anonymous\"><\/script>\r\n<!-- Display-1 -->\r\n<ins class=\"adsbygoogle\"\r\n     style=\"display:block\"\r\n     data-ad-client=\"ca-pub-8106111766207173\"\r\n     data-ad-slot=\"1465712950\"\r\n     data-ad-format=\"auto\"\r\n     data-full-width-responsive=\"true\"><\/ins>\r\n<script>\r\n     (adsbygoogle = window.adsbygoogle || []).push({});\r\n<\/script><\/div><\/div>","protected":false},"excerpt":{"rendered":"<p>Sjednica Radne skupine za izmjene Zakona o mirovinskom osiguranju pokazala je potpuno razila\u017eenje umirovljeni\u010dkih predstavnika i predstavnika dijela stru\u010dne javnosti.<\/p>\n","protected":false},"author":10,"featured_media":95769,"comment_status":"closed","ping_status":"closed","sticky":false,"template":"","format":"standard","meta":{"footnotes":""},"categories":[9],"tags":[1125,684,1964,1116,3498],"class_list":["post-133310","post","type-post","status-publish","format-standard","has-post-thumbnail","hentry","category-vijesti","tag-danijel-nestic","tag-jasna-petrovic","tag-majcinska-mirovina","tag-mirovinska-reforma","tag-penalizacija"],"_links":{"self":[{"href":"https:\/\/www.mojevrijeme.hr\/magazin\/wp-json\/wp\/v2\/posts\/133310","targetHints":{"allow":["GET"]}}],"collection":[{"href":"https:\/\/www.mojevrijeme.hr\/magazin\/wp-json\/wp\/v2\/posts"}],"about":[{"href":"https:\/\/www.mojevrijeme.hr\/magazin\/wp-json\/wp\/v2\/types\/post"}],"author":[{"embeddable":true,"href":"https:\/\/www.mojevrijeme.hr\/magazin\/wp-json\/wp\/v2\/users\/10"}],"replies":[{"embeddable":true,"href":"https:\/\/www.mojevrijeme.hr\/magazin\/wp-json\/wp\/v2\/comments?post=133310"}],"version-history":[{"count":20,"href":"https:\/\/www.mojevrijeme.hr\/magazin\/wp-json\/wp\/v2\/posts\/133310\/revisions"}],"predecessor-version":[{"id":133340,"href":"https:\/\/www.mojevrijeme.hr\/magazin\/wp-json\/wp\/v2\/posts\/133310\/revisions\/133340"}],"wp:featuredmedia":[{"embeddable":true,"href":"https:\/\/www.mojevrijeme.hr\/magazin\/wp-json\/wp\/v2\/media\/95769"}],"wp:attachment":[{"href":"https:\/\/www.mojevrijeme.hr\/magazin\/wp-json\/wp\/v2\/media?parent=133310"}],"wp:term":[{"taxonomy":"category","embeddable":true,"href":"https:\/\/www.mojevrijeme.hr\/magazin\/wp-json\/wp\/v2\/categories?post=133310"},{"taxonomy":"post_tag","embeddable":true,"href":"https:\/\/www.mojevrijeme.hr\/magazin\/wp-json\/wp\/v2\/tags?post=133310"}],"curies":[{"name":"wp","href":"https:\/\/api.w.org\/{rel}","templated":true}]}}