{"id":133605,"date":"2025-04-21T10:29:36","date_gmt":"2025-04-21T08:29:36","guid":{"rendered":"https:\/\/www.mojevrijeme.hr\/magazin\/?p=133605"},"modified":"2025-04-21T11:18:51","modified_gmt":"2025-04-21T09:18:51","slug":"umro-je-franjo-istinski-sljedbenik-isusa-krista","status":"publish","type":"post","link":"https:\/\/www.mojevrijeme.hr\/magazin\/2025\/04\/umro-je-franjo-istinski-sljedbenik-isusa-krista\/","title":{"rendered":"Umro je Franjo, istinski sljedbenik Isusa Krista"},"content":{"rendered":"\n<p>U 9 sati i 45 minuta kardinal Kevin Farrell, komornik Apostolske komore, objavio je smrt <strong>pape Franje<\/strong> u 89. godini \u017eivota. Obratio se javnosti iz Doma svete Marte sljede\u0107im rije\u010dima: &#8220;Predraga bra\u0107o i sestre, s dubokom tugom moram objaviti smrt na\u0161eg oca Franje. U 7:35 jutros rimski biskup Franjo vratio se u O\u010dev dom.&#8221;<\/p>\n\n\n\n<p>&#8220;Cijeli svoj \u017eivot posvetio je slu\u017eenju Gospodinu i Njegovoj Crkvi. U\u010dio nas je \u017eivjeti evan\u0111eoske vrijednosti s vjerno\u0161\u0107u, hrabro\u0161\u0107u i univerzalnom ljubavlju; osobito u korist najsiroma\u0161nijih i najisklju\u010denijih. S neizmjernom zahvalno\u0161\u0107u za njegov primjer istinskog u\u010denika Isusa, preporu\u010dujemo du\u0161u Franje beskrajnoj milosrdnoj ljubavi Jedinoga i Trojedinoga Boga.&#8221;<\/p>\n\n\n\n<h3 class=\"wp-block-heading\">Povijest bolesti<\/h3>\n\n\n\n<p>Papa je primljen u Polikliniku Agostino Gemelli u petak, 14. velja\u010de 2025. godine, nakon \u0161to je nekoliko dana bolovao od bronhitisa. Zdravstveno stanje mu se postupno pogor\u0161avalo, a lije\u010dnici su dijagnosticirali obostranu upalu plu\u0107a u utorak, 18. velja\u010de. Nakon 38 dana provedenih u bolnici, pokojni papa vratio se u Dom svete Marte kako bi nastavio s oporavkom.<\/p><div id=\"mojev-3787835192\" class=\"mojev-u-tekstu mojev-entity-placement\" style=\"margin-left: auto;margin-right: auto;text-align: center;\"><div class=\"mojev-adlabel\">oglas<\/div><div style=\"height: 250px;\"><script async src=\"https:\/\/pagead2.googlesyndication.com\/pagead\/js\/adsbygoogle.js?client=ca-pub-8106111766207173\"\r\n     crossorigin=\"anonymous\"><\/script>\r\n<!-- Prikazni 1 u tekstu -->\r\n<ins class=\"adsbygoogle\"\r\n     style=\"display:block\"\r\n     data-ad-client=\"ca-pub-8106111766207173\"\r\n     data-ad-slot=\"8535551207\"\r\n     data-ad-format=\"auto\"\r\n     data-full-width-responsive=\"true\"><\/ins>\r\n<script>\r\n     (adsbygoogle = window.adsbygoogle || []).push({});\r\n<\/script><\/div><\/div><br style=\"clear: both; display: block; float: none;\"\/>\n\n\n\n<p>1957. godine, u ranim dvadesetima, <strong>Jorge Mario Bergoglio<\/strong> podvrgnut je operaciji u rodnoj Argentini, tijekom koje mu je uklonjen dio plu\u0107a pogo\u0111en te\u0161kom respiratornom infekcijom. Kako je stario, Franjo je \u010desto bolovao od respiratornih bolesti. \u010cak je otkazao planirani posjet Ujedinjenim Arapskim Emiratima u studenom 2023. godine zbog gripe i upale plu\u0107a.<\/p>\n\n\n\n<h3 class=\"wp-block-heading\">I u smrti ostaje skroman<\/h3>\n\n\n\n<p>U travnju 2024. godine Franjo je odobrio a\u017eurirano izdanje liturgijske knjige za papinske sprovodne obrede koja \u0107e slu\u017eiti kao vodi\u010d za misu zadu\u0161nicu koja tek treba biti najavljena. Drugo izdanje <em>Ordo Exsequiarum Romani Pontificis<\/em> uvodi nekoliko novih elemenata, uklju\u010duju\u0107i i na\u010din na koji se postupa s papinim tijelom nakon smrti.<\/p>\n\n\n\n<p>Utvrdba smrti odvija se u kapelici, a ne u sobi u kojoj je preminuo, a njegovo se tijelo odmah pola\u017ee u lijes. Prema rije\u010dima nadbiskupa Diega Ravellija, voditelja Apostolskih ceremonijala, pokojni papa Franjo zatra\u017eio je da sprovodni obredi budu pojednostavljeni i usmjereni na izra\u017eavanje vjere Crkve u uskrslo Tijelo Kristovo.<\/p>\n\n\n\n<p>&#8220;Obnovljeni obred&#8221;, rekao je nadbiskup Ravelli, &#8220;ima za cilj jo\u0161 sna\u017enije naglasiti da je sprovod rimskog Pape sprovod pastira i Kristova u\u010denika, a ne mo\u0107nika ovoga svijeta.&#8221;<\/p>\n<div id=\"mojev-3732035465\" class=\"mojev-kraj-teksta mojev-entity-placement\" style=\"margin-bottom: 20px;margin-left: auto;margin-right: auto;text-align: center;\"><div class=\"mojev-adlabel\">oglas<\/div><div style=\"height: 250px;\"><script async src=\"https:\/\/pagead2.googlesyndication.com\/pagead\/js\/adsbygoogle.js?client=ca-pub-8106111766207173\"\r\n     crossorigin=\"anonymous\"><\/script>\r\n<!-- Display-1 -->\r\n<ins class=\"adsbygoogle\"\r\n     style=\"display:block\"\r\n     data-ad-client=\"ca-pub-8106111766207173\"\r\n     data-ad-slot=\"1465712950\"\r\n     data-ad-format=\"auto\"\r\n     data-full-width-responsive=\"true\"><\/ins>\r\n<script>\r\n     (adsbygoogle = window.adsbygoogle || []).push({});\r\n<\/script><\/div><\/div>","protected":false},"excerpt":{"rendered":"<p>Papa Franjo preminuo je jutros u 7:35 u Domu svete Marte nakon vi\u0161emjese\u010dne borbe s te\u0161kom upalom plu\u0107a. Njegov posljednji zahtjev bio je skroman sprovod; jednostavan i pro\u017eet vjerom.<\/p>\n","protected":false},"author":1,"featured_media":32074,"comment_status":"closed","ping_status":"closed","sticky":false,"template":"","format":"standard","meta":{"footnotes":""},"categories":[9],"tags":[724,1124],"class_list":["post-133605","post","type-post","status-publish","format-standard","has-post-thumbnail","hentry","category-vijesti","tag-in-memoriam","tag-papa-franjo"],"_links":{"self":[{"href":"https:\/\/www.mojevrijeme.hr\/magazin\/wp-json\/wp\/v2\/posts\/133605","targetHints":{"allow":["GET"]}}],"collection":[{"href":"https:\/\/www.mojevrijeme.hr\/magazin\/wp-json\/wp\/v2\/posts"}],"about":[{"href":"https:\/\/www.mojevrijeme.hr\/magazin\/wp-json\/wp\/v2\/types\/post"}],"author":[{"embeddable":true,"href":"https:\/\/www.mojevrijeme.hr\/magazin\/wp-json\/wp\/v2\/users\/1"}],"replies":[{"embeddable":true,"href":"https:\/\/www.mojevrijeme.hr\/magazin\/wp-json\/wp\/v2\/comments?post=133605"}],"version-history":[{"count":5,"href":"https:\/\/www.mojevrijeme.hr\/magazin\/wp-json\/wp\/v2\/posts\/133605\/revisions"}],"predecessor-version":[{"id":133626,"href":"https:\/\/www.mojevrijeme.hr\/magazin\/wp-json\/wp\/v2\/posts\/133605\/revisions\/133626"}],"wp:featuredmedia":[{"embeddable":true,"href":"https:\/\/www.mojevrijeme.hr\/magazin\/wp-json\/wp\/v2\/media\/32074"}],"wp:attachment":[{"href":"https:\/\/www.mojevrijeme.hr\/magazin\/wp-json\/wp\/v2\/media?parent=133605"}],"wp:term":[{"taxonomy":"category","embeddable":true,"href":"https:\/\/www.mojevrijeme.hr\/magazin\/wp-json\/wp\/v2\/categories?post=133605"},{"taxonomy":"post_tag","embeddable":true,"href":"https:\/\/www.mojevrijeme.hr\/magazin\/wp-json\/wp\/v2\/tags?post=133605"}],"curies":[{"name":"wp","href":"https:\/\/api.w.org\/{rel}","templated":true}]}}