{"id":133778,"date":"2025-04-22T18:02:13","date_gmt":"2025-04-22T16:02:13","guid":{"rendered":"https:\/\/www.mojevrijeme.hr\/magazin\/?p=133778"},"modified":"2025-04-22T18:10:04","modified_gmt":"2025-04-22T16:10:04","slug":"bahra-zeli-postati-savjetnica-za-prehranu-i-njegu-tijela-sanjam-dubai-i-irsku","status":"publish","type":"post","link":"https:\/\/www.mojevrijeme.hr\/magazin\/2025\/04\/bahra-zeli-postati-savjetnica-za-prehranu-i-njegu-tijela-sanjam-dubai-i-irsku\/","title":{"rendered":"Bahra \u017eeli postati savjetnica za prehranu i njegu tijela: &#8216;Sanjam Dubai i Irsku&#8217;"},"content":{"rendered":"\n<p><strong>Bahra Zahirovi\u0107<\/strong> (59), \u0161iroj javnosti poznata kao jedna od naj\u0161armantnijih i najzabavnijih sudionica ruralnog zbiljokaza &#8220;Ljubav je na selu&#8221;, ni pred pragom \u0161ezdesetih ne odustaje od snova. U intervjuu za <a href=\"https:\/\/net.hr\/hot\/ljubav-je-na-selu\/bahra-o-studiju-psihologiju-pokretanju-biznisa-i-ljetu-pod-satorom-mozda-bih-tako-nekoga-dobrog-upoznala-4a392138-15ee-11f0-9358-ee0b203e749c\" target=\"_blank\" rel=\"noreferrer noopener\">Net.hr<\/a> otvoreno je progovorila o svakodnevici, izazovima \u017eivota u Hrvatskoj i svojim velikim \u017eeljama; od \u017eivota u inozemstvu do pokretanja vlastitog posla. Ni od ljubavi Bahra odustala nije.<\/p>\n\n\n\n<p>\u201cVelika \u017eelja mi je oti\u0107i u inozemstvo. Naravno, ne bih se uputila u nepoznato ili bez organizacije. Ako bi bilo ne\u0161to preko posrednika koji garantiraju za posao i smje\u0161taj pa s vremena na vrijeme \u2013 voljela bih oti\u0107i&#8221;, priznaje Bahra, nagla\u0161avaju\u0107i da se i dalje osje\u0107a &#8220;zdravo, aktivno i radi\u0161no&#8221; te da \u017eeli &#8220;ostatak \u017eivota ostvariti u najboljem izdanju&#8221;.<\/p>\n\n\n\n<p>Kao mogu\u0107i novi po\u010detak vidi pokretanje vlastitog posla, ali ne bilo kakvog. &#8220;Kad bih mogla pokrenuti neki dobar biznis, voljela bih to ostvariti u nekoj dobro ure\u0111enoj dr\u017eavi vani. Mo\u017ee to biti neka europska zemlja, ali i Kanada, Irska, mo\u017eda \u010dak i Dubai&#8221;, otkriva ova televizijska li\u010dnost koja je osvojila srce mnogog gledatelja.<\/p><div id=\"mojev-2365022688\" class=\"mojev-u-tekstu mojev-entity-placement\" style=\"margin-left: auto;margin-right: auto;text-align: center;\"><div class=\"mojev-adlabel\">oglas<\/div><div style=\"height: 250px;\"><script async src=\"https:\/\/pagead2.googlesyndication.com\/pagead\/js\/adsbygoogle.js?client=ca-pub-8106111766207173\"\r\n     crossorigin=\"anonymous\"><\/script>\r\n<!-- Prikazni 1 u tekstu -->\r\n<ins class=\"adsbygoogle\"\r\n     style=\"display:block\"\r\n     data-ad-client=\"ca-pub-8106111766207173\"\r\n     data-ad-slot=\"8535551207\"\r\n     data-ad-format=\"auto\"\r\n     data-full-width-responsive=\"true\"><\/ins>\r\n<script>\r\n     (adsbygoogle = window.adsbygoogle || []).push({});\r\n<\/script><\/div><\/div><br style=\"clear: both; display: block; float: none;\"\/>\n\n\n\n<p>Privla\u010de je djelatnosti povezane s njegom i psihofizi\u010dkim dobrostanjem. &#8220;Konkretno, voljela bih raditi ne\u0161to \u0161to je vezano za zdravu hranu, savjetovati ljude kako odr\u017eavati svoje tijelo. Zanimaju me teme poput pravilne prehrane i zdravog na\u010dina \u017eivota. Mo\u017eda ne\u0161to u obliku savjetovanja. Tako\u0111er me jako zanima kozmetika, rad u kozmeti\u010dkom salonu, ure\u0111ivanje noktiju, njega lica, sve to.&#8221;<\/p>\n\n\n\n<p>Iako \u017eivot u Hrvatskoj nije jednostavan, Bahra ka\u017ee da ne gubi pozitivan stav. &#8220;Zaposlena sam, ali nemam stalan posao. Trenutno sam u najmu, primanja su niska&#8230; Iskreno, \u017eivim skromno, kao i ve\u0107ina ljudi kod nas. S puno opreza, ali ne prestajem razmi\u0161ljati pozitivno.&#8221;<\/p>\n\n\n\n<p>Posebno mjesto u njezinom srcu i dalje zauzima psihologija. &#8220;Ja sam jo\u0161 uvijek mi\u0161ljenja da, da sam mla\u0111a, naravno da bih upisala psihologiju&#8221;, ka\u017ee i dodaje da bi kao profesorica psihologije najradije radila s djecom ili starijima, kako bi im pomogla &#8220;pro\u0107i kroz situacije koje nisu lake&#8221;.<\/p>\n\n\n\n<p>Iako su joj se \u017eivotni putevi \u010desto mijenjali, Bahra ne prestaje sanjati velike snove \u2013 o karijeri, ljubavi i boljim prilikama. &#8220;Voljela bih \u017eivot provesti negdje vani ili \u017eivjeti ili stvarno upoznati srodnu du\u0161u koja ne\u0107e nanijeti neprilike, ve\u0107 \u0107e mi dati smisao \u017eivota i s kojom mogu zajedno stvarati.\u201d<\/p>\n<div id=\"mojev-1840103893\" class=\"mojev-kraj-teksta mojev-entity-placement\" style=\"margin-bottom: 20px;margin-left: auto;margin-right: auto;text-align: center;\"><div class=\"mojev-adlabel\">oglas<\/div><div style=\"height: 250px;\"><script async src=\"https:\/\/pagead2.googlesyndication.com\/pagead\/js\/adsbygoogle.js?client=ca-pub-8106111766207173\"\r\n     crossorigin=\"anonymous\"><\/script>\r\n<!-- Display-1 -->\r\n<ins class=\"adsbygoogle\"\r\n     style=\"display:block\"\r\n     data-ad-client=\"ca-pub-8106111766207173\"\r\n     data-ad-slot=\"1465712950\"\r\n     data-ad-format=\"auto\"\r\n     data-full-width-responsive=\"true\"><\/ins>\r\n<script>\r\n     (adsbygoogle = window.adsbygoogle || []).push({});\r\n<\/script><\/div><\/div>","protected":false},"excerpt":{"rendered":"<p>Jedno od najprominentnijih lica RTL televizije i emisije &#8216;Ljubav je na selu&#8217; danas promi\u0161lja o novim po\u010decima izvan granica Hrvatske. U fokusu su joj kvalitetan \u017eivot, osobni razvoj i pronala\u017eenje partnera s kojim bi mogla graditi sretnu budu\u0107nost.<\/p>\n","protected":false},"author":1,"featured_media":133784,"comment_status":"closed","ping_status":"closed","sticky":false,"template":"","format":"standard","meta":{"footnotes":""},"categories":[84],"tags":[3612,211,3054],"class_list":["post-133778","post","type-post","status-publish","format-standard","has-post-thumbnail","hentry","category-show","tag-bahra-zahirovic","tag-iseljenici","tag-ljubav-je-na-selu"],"_links":{"self":[{"href":"https:\/\/www.mojevrijeme.hr\/magazin\/wp-json\/wp\/v2\/posts\/133778","targetHints":{"allow":["GET"]}}],"collection":[{"href":"https:\/\/www.mojevrijeme.hr\/magazin\/wp-json\/wp\/v2\/posts"}],"about":[{"href":"https:\/\/www.mojevrijeme.hr\/magazin\/wp-json\/wp\/v2\/types\/post"}],"author":[{"embeddable":true,"href":"https:\/\/www.mojevrijeme.hr\/magazin\/wp-json\/wp\/v2\/users\/1"}],"replies":[{"embeddable":true,"href":"https:\/\/www.mojevrijeme.hr\/magazin\/wp-json\/wp\/v2\/comments?post=133778"}],"version-history":[{"count":9,"href":"https:\/\/www.mojevrijeme.hr\/magazin\/wp-json\/wp\/v2\/posts\/133778\/revisions"}],"predecessor-version":[{"id":133788,"href":"https:\/\/www.mojevrijeme.hr\/magazin\/wp-json\/wp\/v2\/posts\/133778\/revisions\/133788"}],"wp:featuredmedia":[{"embeddable":true,"href":"https:\/\/www.mojevrijeme.hr\/magazin\/wp-json\/wp\/v2\/media\/133784"}],"wp:attachment":[{"href":"https:\/\/www.mojevrijeme.hr\/magazin\/wp-json\/wp\/v2\/media?parent=133778"}],"wp:term":[{"taxonomy":"category","embeddable":true,"href":"https:\/\/www.mojevrijeme.hr\/magazin\/wp-json\/wp\/v2\/categories?post=133778"},{"taxonomy":"post_tag","embeddable":true,"href":"https:\/\/www.mojevrijeme.hr\/magazin\/wp-json\/wp\/v2\/tags?post=133778"}],"curies":[{"name":"wp","href":"https:\/\/api.w.org\/{rel}","templated":true}]}}