{"id":133835,"date":"2025-04-23T14:20:23","date_gmt":"2025-04-23T12:20:23","guid":{"rendered":"https:\/\/www.mojevrijeme.hr\/magazin\/?p=133835"},"modified":"2025-04-25T20:12:37","modified_gmt":"2025-04-25T18:12:37","slug":"kale-su-lijepe-ali-pripazite-na-macke-i-pse","status":"publish","type":"post","link":"https:\/\/www.mojevrijeme.hr\/magazin\/2025\/04\/kale-su-lijepe-ali-pripazite-na-macke-i-pse\/","title":{"rendered":"Kale su lijepe, ali pripazite na ma\u010dke i pse"},"content":{"rendered":"\n<p>Elegantne, profinjene kale sve su \u010de\u0161\u0107e i u hrvatskim domovima. Najvi\u0161e zahvaljuju\u0107i pristupa\u010dnoj cijeni i lakoj dostupnosti u trgova\u010dkim lancima. Ipak, unato\u010d svojoj ljepoti, vrste roda <em>Zantedeschia<\/em> kriju potencijalnu opasnost za ku\u0107ne ljubimce, osobito za ma\u010dke koje \u017eive isklju\u010divo u zatvorenom prostoru.<\/p>\n\n\n\n<p>Kale nisu otrovne u klasi\u010dnom smislu rije\u010di, ali svi dijelovi biljke sadr\u017ee netopive kristale kalcijeva oksalata koje djeluju kao sna\u017ean iritans. Kad ma\u010dka ili pas sa\u017eva\u010de list kale, makar i mali komadi\u0107, milijuni kristali\u0107a zabijaju se u sluznicu usta, jezika i grla, uzrokuju\u0107i peckanje, jaku bol, obilno slinjenje, uzastopno povra\u0107anje, te\u0161ko\u0107e s gutanjem i disanjem.<\/p>\n\n\n\n<p>Ma\u010dka belji jezik, \u0161apom dodiruje jezik i usta ili uspani\u010deno tr\u010di po ku\u0107i, budu\u0107i da ne razumije \u0161to se to\u010dno doga\u0111a. U te\u017eim slu\u010dajevima mo\u017ee do\u0107i i do oticanja jezika ili glasnica, \u0161to dodatno ote\u017eava disanje i izaziva paniku kod \u017eivotinje.<\/p><div id=\"mojev-2997444821\" class=\"mojev-u-tekstu mojev-entity-placement\" style=\"margin-left: auto;margin-right: auto;text-align: center;\"><div class=\"mojev-adlabel\">oglas<\/div><div style=\"height: 250px;\"><script async src=\"https:\/\/pagead2.googlesyndication.com\/pagead\/js\/adsbygoogle.js?client=ca-pub-8106111766207173\"\r\n     crossorigin=\"anonymous\"><\/script>\r\n<!-- Prikazni 1 u tekstu -->\r\n<ins class=\"adsbygoogle\"\r\n     style=\"display:block\"\r\n     data-ad-client=\"ca-pub-8106111766207173\"\r\n     data-ad-slot=\"8535551207\"\r\n     data-ad-format=\"auto\"\r\n     data-full-width-responsive=\"true\"><\/ins>\r\n<script>\r\n     (adsbygoogle = window.adsbygoogle || []).push({});\r\n<\/script><\/div><\/div><br style=\"clear: both; display: block; float: none;\"\/>\n\n\n\n<p>Simptomi se javljaju vrlo brzo nakon kontakta s biljkom, a iako su neugodni, rijetko su \u017eivotno ugro\u017eavaju\u0107i. Veterinari savjetuju da se u svakom slu\u010daju zatra\u017ei stru\u010dna procjena. \u010cak i ako simptomi djeluju blago jer iritacija mo\u017ee potrajati i vi\u0161e od 24 sata. Nakon prividnog smirivanja neugode, mo\u017ee do\u0107i do naglog pogor\u0161anja stanja pa i fatalnih ishoda uslijed zatajenja bubrega. Ka\u017eu, ma\u010dke ne treba siliti da piju vodu ili mlijeko, jer \u0107e ih to jo\u0161 dodatno izbezumiti.<\/p>\n\n\n\n<h3 class=\"wp-block-heading\">Za\u0161to ma\u010dke grickaju sobno bilje?<\/h3>\n\n\n\n<p>Ma\u010dke koje \u017eive u stanu nemaju prirodan pristup bilju koje im je nu\u017eno u prehrani. U prirodi bi lako posegnule za travom koja im poma\u017ee u probavi i izbacivanju dlaka, no u stanu u ponudi uglavnom imaju samo sobno bilje, a to ponekad mo\u017ee biti opasno.<\/p>\n\n\n\n<p>Kako bi se zadovoljila ta prirodna potreba, stru\u010dnjaci preporu\u010duju da se ma\u010dkama redovito nudi posuda sa posijanom ma\u010djom travom ili p\u0161enicom. Takve biljke su sigurne, lako se uzgajaju na prozorskoj dasci, jeftine su i ne predstavljaju nikakav rizik za zdravlje. Pri odabiru sjemena va\u017eno je obratiti pozornost na to da nije tretirano pesticidima.<\/p>\n\n\n\n<p>Iako su psi manje skloni grickanju biljaka, osobito u odrasloj dobi, kod njih tako\u0111er mo\u017ee do\u0107i do ne\u017eeljenog kontakta s kalom. Reakcije su sli\u010dne kao kod ma\u010daka, a osobito treba biti oprezan sa \u0161tencima. Ukratko, elegantne kale zaslu\u017euju mjesto u va\u0161em domu, ali samo ako nisu dostupne macama i psima. Vi\u0161e o uzgoju kala pro\u010ditajte na <a href=\"https:\/\/www.mojevrijeme.hr\/magazin\/2024\/05\/kale-u-vrtu-koje-vrste-prezivljavaju-zimu\/\" data-type=\"post\" data-id=\"107339\">ovoj poveznici<\/a>.<\/p>\n\n\n\n<h3 class=\"wp-block-heading\">Koje jo\u0161 biljke sadr\u017ee visoke koli\u010dine kalcijevog oksalata?<\/h3>\n\n\n\n<p>Difenbahije, alokazije i filodendroni u literaturi se navode kao sobne biljke s visokim udjelom kalcijevog oksalata. Ista se tvar nalazi i u kiselici, rabarbari (osobito u ve\u0107im koli\u010dinama u listovima), cimetu, kurkumi te u vrstama iz rodova <em>Oxalis<\/em> (ukrasne djeteline i cecelji) i <em>Arum<\/em> (kozlaci), kiviju, listovima \u010daja, agavama, penja\u010dici poznatoj kao lozika (<em>Parthenocissus quinquefolia<\/em>, pokriva arkade zagreba\u010dkog Mirogoja) te u razli\u010ditim koli\u010dinama i u \u0161pinatu.<\/p>\n\n\n\n<p>Orhideja <em>Vanilla planifolia<\/em> izlu\u010duje kalcijev oksalat tijekom berbe mahuna od kojih se proizvodi za\u010dinska vanilija, \u0161to mo\u017ee izazvati kontaktni dermatitis.<\/p>\n\n\n<i>Na\u0161a rubrika <strong>Vrt<\/strong> ima svoju Facebook grupu. Pridru\u017eite se ljubiteljima vrtlarstva, pohvalite se uspjesima, pitajte stru\u010dnjake, razmijenite savjete i inspirirajte se. <a style=\"text-decoration: none; font-weight: bold;\" href=\"https:\/\/www.facebook.com\/groups\/635825835756841\" target=\"_blank\" rel=\"noopener noreferrer\">\nKliknite ovdje<\/a> i postanite dio na\u0161e zajednice.<\/i><div id=\"mojev-3049900565\" class=\"mojev-kraj-teksta mojev-entity-placement\" style=\"margin-bottom: 20px;margin-left: auto;margin-right: auto;text-align: center;\"><div class=\"mojev-adlabel\">oglas<\/div><div style=\"height: 250px;\"><script async src=\"https:\/\/pagead2.googlesyndication.com\/pagead\/js\/adsbygoogle.js?client=ca-pub-8106111766207173\"\r\n     crossorigin=\"anonymous\"><\/script>\r\n<!-- Display-1 -->\r\n<ins class=\"adsbygoogle\"\r\n     style=\"display:block\"\r\n     data-ad-client=\"ca-pub-8106111766207173\"\r\n     data-ad-slot=\"1465712950\"\r\n     data-ad-format=\"auto\"\r\n     data-full-width-responsive=\"true\"><\/ins>\r\n<script>\r\n     (adsbygoogle = window.adsbygoogle || []).push({});\r\n<\/script><\/div><\/div>","protected":false},"excerpt":{"rendered":"<p>Kale su sve popularnije kao sobne biljke, no mogu biti opasne za ku\u0107ne ljubimce. Iako nisu smrtonosne, njihovi listovi sadr\u017ee kristale koji izazivaju jaku iritaciju kod ma\u010daka i pasa. Veterinari upozoravaju na simptome i preporu\u010duju sigurnije bilje za domove s ljubimcima.<\/p>\n","protected":false},"author":1,"featured_media":133850,"comment_status":"closed","ping_status":"closed","sticky":false,"template":"","format":"standard","meta":{"footnotes":""},"categories":[3497],"tags":[4017,46,599,781,3804],"class_list":["post-133835","post","type-post","status-publish","format-standard","has-post-thumbnail","hentry","category-vrt","tag-kale","tag-kucni-ljubimci","tag-macke","tag-psi","tag-sobno-bilje"],"_links":{"self":[{"href":"https:\/\/www.mojevrijeme.hr\/magazin\/wp-json\/wp\/v2\/posts\/133835","targetHints":{"allow":["GET"]}}],"collection":[{"href":"https:\/\/www.mojevrijeme.hr\/magazin\/wp-json\/wp\/v2\/posts"}],"about":[{"href":"https:\/\/www.mojevrijeme.hr\/magazin\/wp-json\/wp\/v2\/types\/post"}],"author":[{"embeddable":true,"href":"https:\/\/www.mojevrijeme.hr\/magazin\/wp-json\/wp\/v2\/users\/1"}],"replies":[{"embeddable":true,"href":"https:\/\/www.mojevrijeme.hr\/magazin\/wp-json\/wp\/v2\/comments?post=133835"}],"version-history":[{"count":20,"href":"https:\/\/www.mojevrijeme.hr\/magazin\/wp-json\/wp\/v2\/posts\/133835\/revisions"}],"predecessor-version":[{"id":134064,"href":"https:\/\/www.mojevrijeme.hr\/magazin\/wp-json\/wp\/v2\/posts\/133835\/revisions\/134064"}],"wp:featuredmedia":[{"embeddable":true,"href":"https:\/\/www.mojevrijeme.hr\/magazin\/wp-json\/wp\/v2\/media\/133850"}],"wp:attachment":[{"href":"https:\/\/www.mojevrijeme.hr\/magazin\/wp-json\/wp\/v2\/media?parent=133835"}],"wp:term":[{"taxonomy":"category","embeddable":true,"href":"https:\/\/www.mojevrijeme.hr\/magazin\/wp-json\/wp\/v2\/categories?post=133835"},{"taxonomy":"post_tag","embeddable":true,"href":"https:\/\/www.mojevrijeme.hr\/magazin\/wp-json\/wp\/v2\/tags?post=133835"}],"curies":[{"name":"wp","href":"https:\/\/api.w.org\/{rel}","templated":true}]}}