{"id":134253,"date":"2025-04-29T09:42:21","date_gmt":"2025-04-29T07:42:21","guid":{"rendered":"https:\/\/www.mojevrijeme.hr\/magazin\/?p=134253"},"modified":"2025-04-29T09:48:44","modified_gmt":"2025-04-29T07:48:44","slug":"imao-je-3-eura-na-racunu-i-brdo-dugova-sada-je-slobodan-i-zivi-bez-stresa","status":"publish","type":"post","link":"https:\/\/www.mojevrijeme.hr\/magazin\/2025\/04\/imao-je-3-eura-na-racunu-i-brdo-dugova-sada-je-slobodan-i-zivi-bez-stresa\/","title":{"rendered":"Imao je 3 eura na ra\u010dunu i brdo dugova, sada je slobodan i \u017eivi bez stresa"},"content":{"rendered":"\n<p>Prije pet godina <strong>James Ruddick<\/strong> iza\u0161ao je iz petnaestogodi\u0161nje veze, imao je 50 godina i bio je do grla u dugovima. Na ra\u010dunu su mu ostala 3 eura. Djevojka ga je ostavila porukom. Iza nje je ostalo 21.000 eura dugova po kreditnim karticama za koje James nije znao, ali ih je morao preuzeti.<\/p>\n\n\n\n<p>Bio je sam u svojoj trokatnici u engleskom Carlisleu znaju\u0107i da ne mo\u017ee vi\u0161e financirati ni ku\u0107u ni sebe i da ne\u0161to mora promijeniti. &#8220;Moj je dom bio stvarno lijep, ali sam pomislio: za\u0161to pla\u0107am sve ovo da bih \u017eivio u ku\u0107i s tri spava\u0107e sobe i na kraju mjeseca imao prazan nov\u010danik?&#8221; ispri\u010dao je za <a href=\"https:\/\/www.msn.com\/\" target=\"_blank\" rel=\"noreferrer noopener\">MSN<\/a>.<\/p>\n\n\n\n<p>Mjese\u010dni tro\u0161kovi iznosili su mu oko 1.400 eura, \u0161to mu je ostavljalo vrlo malo za \u017eivot. &#8220;Obratio sam se lokalnim vlastima i rekao da se stvarno mu\u010dim&#8221;, dodao je. &#8220;Objasnio sam da \u0107u vjerojatno morati prodati ku\u0107u i pitao za pomo\u0107 s pronalaskom stanovanja, ali nisu mogli ni\u0161ta u\u010diniti. Nisam imao ni lije\u010dnika ni zubara, po\u010deo sam se pitati za\u0161to uop\u0107e pla\u0107am taj sustav. Radio sam te\u0161ko, a nisam si mogao priu\u0161titi ni godi\u0161nji odmor. Sve je to postalo previ\u0161e. Samo sam gledao kako novac dolazi i odlazi, a ni\u0161ta ne ostaje.&#8221;<\/p><div id=\"mojev-3526556346\" class=\"mojev-u-tekstu mojev-entity-placement\" style=\"margin-left: auto;margin-right: auto;text-align: center;\"><div class=\"mojev-adlabel\">oglas<\/div><div style=\"height: 250px;\"><script async src=\"https:\/\/pagead2.googlesyndication.com\/pagead\/js\/adsbygoogle.js?client=ca-pub-8106111766207173\"\r\n     crossorigin=\"anonymous\"><\/script>\r\n<!-- Prikazni 1 u tekstu -->\r\n<ins class=\"adsbygoogle\"\r\n     style=\"display:block\"\r\n     data-ad-client=\"ca-pub-8106111766207173\"\r\n     data-ad-slot=\"8535551207\"\r\n     data-ad-format=\"auto\"\r\n     data-full-width-responsive=\"true\"><\/ins>\r\n<script>\r\n     (adsbygoogle = window.adsbygoogle || []).push({});\r\n<\/script><\/div><\/div><br style=\"clear: both; display: block; float: none;\"\/>\n\n\n\n<p>Odlu\u010dan da ne tro\u0161i sve \u0161to zaradi na re\u017eije i da ne sjedi sam kod ku\u0107e, James je riskirao: stavio je ku\u0107u na prodaju, rasprodao imovinu i preselio se u kombi. Inspiraciju je na\u0161ao u kombiju koji je prije dijelio s biv\u0161om partnericom. Naime, koristili su ga za vikend-putovanja. &#8220;\u017divot u kombiju bio je jednostavniji na\u010din \u017eivota i u tome sam prona\u0161ao mir pa sam prodao sve \u0161to sam imao, osim nekoliko osobnih stvari, i krenuo na put&#8221;, rekao je.<\/p>\n\n\n\n<p>Krajem 2024. godine kupio je <em>Mercedes Vario<\/em> iz 2008. godine za 29.000 eura, spreman za useljenje. Napravio je dodatne preinake poput ugradnje solarnih panela i hladnjaka sa zamrziva\u010dem.<\/p>\n\n\n\n<p>Danas \u017eivi potpuno &#8220;izvan mre\u017ee&#8221;, osim \u0161to koristi mobitel s ograni\u010denim pristupom internetu, a dru\u0161tvo mu pravi labrador <strong>Bruce<\/strong>. Putovanje su zapo\u010deli kroz Wales i jug Engleske, nakon \u010dega je James po\u010deo volontirati na glazbenim festivalima. Nepla\u0107eni anga\u017emani omogu\u0107ili su mu besplatan parking te bonove za obroke i ponekad besplatna pi\u0107a. Kada je zahladilo, nai\u0161ao je na oglas za \u010duvanje ku\u0107e i ku\u0107nih ljubimaca u Portugalu i odmah prihvatio priliku.<\/p>\n\n\n\n<p>Nakon Portugala, putovao je niz \u0161panjolsku obalu do Tarife pa se uz obalu vratio do Valencije i Benidorma. &#8220;Ponekad se osje\u0107a\u0161 kao da si sam, ali mir i sloboda su nevjerojatni. Sada sam puno sretniji. Otkako sam se preselio u kombi, nikada se nisam osvrnuo. Putovati vlastitim tempom, u vlastitom domu, parkirati gdje god \u017eeli\u0161 i u\u017eivati u boljem vremenu, to je nevjerojatno iskustvo. To je ne\u0161to \u0161to sam jako dugo \u017eelio&#8221;, rekao je James.<\/p>\n\n\n\n<p>Nevjerojatno, unato\u010d tome \u0161to nema stalan prihod, James uspijeva \u017eivjeti s oko 300 funti mjese\u010dno koje uzima iz u\u0161te\u0111evine, iako zna da to nije trajno rje\u0161enje. \u017divi \u0161tedljivo, minimaliziraju\u0107i tro\u0161kove hrane, dok pla\u0107a samo cestovni porez, tehni\u010dki pregled vozila, osiguranje i jeftini mobilni paket.<\/p>\n\n\n\n<p>Sada se vratio u Ujedinjeno Kraljevstvo i ima dogovorene nove anga\u017emane na festivalima do kolovoza. Nakon toga, razmi\u0161lja o putovanju po Italiji. &#8220;Nevjerojatno sam sretan \u0161to ovo mogu raditi. Nisam bio prisiljen, mogao sam iznajmiti mali stan i nastaviti raditi od devet do pet. Ali meni je to bilo samo pre\u017eivljavanje&#8221;, dodao je.<\/p>\n\n\n\n<p>&#8220;Nisam \u017eelio ograni\u010denja. Nije va\u017eno koliko novca ima\u0161 kada sjedi\u0161 oko logorske vatre i ve\u010dera\u0161, svi su jednaki. Probudim se i pomislim: trebamo li ostati jo\u0161 jedan dan, krenuti nekamo drugdje ili prona\u0107i novu pla\u017eu? Sada sam u miru \u2013 to je najbolji na\u010din da to opi\u0161em.&#8221;<\/p>\n<div id=\"mojev-1896124783\" class=\"mojev-kraj-teksta mojev-entity-placement\" style=\"margin-bottom: 20px;margin-left: auto;margin-right: auto;text-align: center;\"><div class=\"mojev-adlabel\">oglas<\/div><div style=\"height: 250px;\"><script async src=\"https:\/\/pagead2.googlesyndication.com\/pagead\/js\/adsbygoogle.js?client=ca-pub-8106111766207173\"\r\n     crossorigin=\"anonymous\"><\/script>\r\n<!-- Display-1 -->\r\n<ins class=\"adsbygoogle\"\r\n     style=\"display:block\"\r\n     data-ad-client=\"ca-pub-8106111766207173\"\r\n     data-ad-slot=\"1465712950\"\r\n     data-ad-format=\"auto\"\r\n     data-full-width-responsive=\"true\"><\/ins>\r\n<script>\r\n     (adsbygoogle = window.adsbygoogle || []).push({});\r\n<\/script><\/div><\/div>","protected":false},"excerpt":{"rendered":"<p>Nakon prekida i financijskog sloma prodao je sve \u0161to je imao i preselio se u kombi. \u017dive\u0107i \u0161tedljivo i putuju\u0107i Europom, prona\u0161ao je na\u010din da s minimalnim tro\u0161kovima i bez stalnog prihoda vodi slobodniji i mirniji \u017eivot. Sretan je.<\/p>\n","protected":false},"author":1,"featured_media":134258,"comment_status":"closed","ping_status":"closed","sticky":false,"template":"","format":"standard","meta":{"footnotes":""},"categories":[2],"tags":[35,4267,3707],"class_list":["post-134253","post","type-post","status-publish","format-standard","has-post-thumbnail","hentry","category-mozaik","tag-sreca","tag-umirovljenici-nomadi","tag-zivotni-stilovi"],"_links":{"self":[{"href":"https:\/\/www.mojevrijeme.hr\/magazin\/wp-json\/wp\/v2\/posts\/134253","targetHints":{"allow":["GET"]}}],"collection":[{"href":"https:\/\/www.mojevrijeme.hr\/magazin\/wp-json\/wp\/v2\/posts"}],"about":[{"href":"https:\/\/www.mojevrijeme.hr\/magazin\/wp-json\/wp\/v2\/types\/post"}],"author":[{"embeddable":true,"href":"https:\/\/www.mojevrijeme.hr\/magazin\/wp-json\/wp\/v2\/users\/1"}],"replies":[{"embeddable":true,"href":"https:\/\/www.mojevrijeme.hr\/magazin\/wp-json\/wp\/v2\/comments?post=134253"}],"version-history":[{"count":14,"href":"https:\/\/www.mojevrijeme.hr\/magazin\/wp-json\/wp\/v2\/posts\/134253\/revisions"}],"predecessor-version":[{"id":134269,"href":"https:\/\/www.mojevrijeme.hr\/magazin\/wp-json\/wp\/v2\/posts\/134253\/revisions\/134269"}],"wp:featuredmedia":[{"embeddable":true,"href":"https:\/\/www.mojevrijeme.hr\/magazin\/wp-json\/wp\/v2\/media\/134258"}],"wp:attachment":[{"href":"https:\/\/www.mojevrijeme.hr\/magazin\/wp-json\/wp\/v2\/media?parent=134253"}],"wp:term":[{"taxonomy":"category","embeddable":true,"href":"https:\/\/www.mojevrijeme.hr\/magazin\/wp-json\/wp\/v2\/categories?post=134253"},{"taxonomy":"post_tag","embeddable":true,"href":"https:\/\/www.mojevrijeme.hr\/magazin\/wp-json\/wp\/v2\/tags?post=134253"}],"curies":[{"name":"wp","href":"https:\/\/api.w.org\/{rel}","templated":true}]}}