{"id":13473,"date":"2018-03-20T12:56:04","date_gmt":"2018-03-20T11:56:04","guid":{"rendered":"https:\/\/www.mojevrijeme.hr\/magazin\/?p=13473"},"modified":"2019-04-17T20:31:49","modified_gmt":"2019-04-17T18:31:49","slug":"siromasne-i-usamljene-japanske-starice-traze-spas-u-zatvorima","status":"publish","type":"post","link":"https:\/\/www.mojevrijeme.hr\/magazin\/2018\/03\/siromasne-i-usamljene-japanske-starice-traze-spas-u-zatvorima\/","title":{"rendered":"Siroma\u0161ne i usamljene japanske starice tra\u017ee spas u zatvorima"},"content":{"rendered":"<p>Svako dru\u0161tvo koje ubrzano stari suo\u010deno je s brojnim izazovima. No u Japanu, \u010dije stanovni\u0161tvo je najstarije na svijetu (27,3 posto Japanaca je starije od 65 godina, \u010dak dvostruko vi\u0161e nego u SAD-u), doga\u0111a se ne\u0161to \u0161to nitko nije mogao pretpostaviti: visoka stopa kriminala upravo kod starijih osoba, pi\u0161e <a href=\"https:\/\/www.bloomberg.com\/news\/features\/2018-03-16\/japan-s-prisons-are-a-haven-for-elderly-women\" target=\"_blank\" rel=\"noopener noreferrer\">Bloomberg<\/a>.<\/p>\n<p>Uhi\u0107enja starijih osoba, naro\u010dito \u017eena, daleko su \u010de\u0161\u0107a nego uhi\u0107enja bilo koje druge dobne skupine. Jedna od pet japanskih zatvorenica pripada starijoj generaciji. Njihovi zlo\u010dini su obi\u010dno neki manji prijestupi \u2013 devet od deset zato\u010denica osu\u0111eno je zbog neke sitne kra\u0111e.\u00a0Za\u0161to starije \u017eene u dr\u017eavi u kojoj se zakon uglavnom po\u0161tuje, tako \u010desto kradu?<\/p>\n<p>Briga za starije osobe nekad je bila zadatak \u010dlanova obitelji i zajednica, no to se mijenja. Od 1980. do 2015. broj starijih osoba koje \u017eive same se u\u0161esterostru\u010dio te sad iznosi gotovo 6 milijuna. 2017. gradska uprava Tokija napravila je istra\u017eivanje koje je pokazalo da vi\u0161e od polovine svih starijih osoba uhva\u0107enih u kra\u0111i \u017eivi samo; 40 posto nemaju obitelj ili rijetko komuniciraju s ro\u0111acima. Ti su ljudi rekli i kako se nemaju kome obratiti kad im ne\u0161to treba.<\/p><div id=\"mojev-2116793859\" class=\"mojev-u-tekstu mojev-entity-placement\" style=\"margin-left: auto;margin-right: auto;text-align: center;\"><div class=\"mojev-adlabel\">oglas<\/div><div style=\"height: 250px;\"><script async src=\"https:\/\/pagead2.googlesyndication.com\/pagead\/js\/adsbygoogle.js?client=ca-pub-8106111766207173\"\r\n     crossorigin=\"anonymous\"><\/script>\r\n<!-- Prikazni 1 u tekstu -->\r\n<ins class=\"adsbygoogle\"\r\n     style=\"display:block\"\r\n     data-ad-client=\"ca-pub-8106111766207173\"\r\n     data-ad-slot=\"8535551207\"\r\n     data-ad-format=\"auto\"\r\n     data-full-width-responsive=\"true\"><\/ins>\r\n<script>\r\n     (adsbygoogle = window.adsbygoogle || []).push({});\r\n<\/script><\/div><\/div><br style=\"clear: both; display: block; float: none;\"\/>\n<p>\u010cak i \u017eene koje imaju gdje oti\u0107i, osje\u0107aju se nevidljivima. &#8216;Mo\u017eda imaju ku\u0107u i obitelj, ali to ne zna\u010di da imaju mjesto koje mogu nazvati domom&#8217;, ka\u017ee <strong>Yumi Muranaka<\/strong>, ka\u017ee ravnatelj \u017eenskog zatvora tridesetak kilometara izvan Hiro\u0161ime. &#8220;Osje\u0107aju da ih nitko ne razumije. Misle da ih smatraju samo besplatnom pomo\u0107i u ku\u0107i.&#8221;<\/p>\n<p>Starije \u017eene \u010desto su i ekonomski vrlo ranjive. \u010cak polovina starijih od 65 godina \u017eivi u relativnom siroma\u0161tvu u usporedbi prema ostatku stanovni\u0161tva. &#8220;Moj mu\u017e je umro pro\u0161le godine. Nismo imali djecu i ostala sam sama. Oti\u0161la sam do trgovine po povr\u0107e i vidjela paket govedine. \u017deljela sam ga, ali si ga nisam mogla priu\u0161titi pa sam ga jednostavno uzela&#8221;, ka\u017ee jedna zatvorenica.<\/p>\n<div id=\"zuto\"><\/p>\n<p><strong>Gospo\u0111a F., 89 godina<\/strong><\/p>\n<p>Ukrala je ri\u017eu, jagode i sirup protiv prehlade. Ovo joj je drugi boravak u zatvoru, osu\u0111ena je na godinu i pol. Ima k\u0107er i unuka. &#8220;\u017divjela sam sama i na socijalnoj pomo\u0107i. Prije sam \u017eivjela s k\u0107eri i sav novac tro\u0161ila na nasilnog zeta.&#8221; <\/div>\n<div id=\"zuto\"><\/p>\n<p><strong>Gospo\u0111a A., 67 godina<\/strong><\/p>\n<p>Ukrala je ne\u0161to odje\u0107e. Ovo joj je prvi boravak u zatvoru, a osu\u0111ena je na dvije godine i tri mjeseca. Ima mu\u017ea, dva sina i troje unu\u010dadi. &#8220;U trgovinama sam ne\u0161to ukrala vi\u0161e od 20 puta. Svaki put odje\u0107u, no nikad ne\u0161to skupo. Kad sam prvi put ne\u0161to ukrala, nisu me uhvatili. Shvatila sam da lako mogu uzeti ne\u0161to \u0161to mi se svi\u0111a i da za to ne moram platiti. Osjetila sam sre\u0107u i uzbu\u0111enje. Moj mu\u017e mi je velika podr\u0161ka i redovito mi pi\u0161e. No moji sinovi se ljute na mene. Unu\u010dad ni ne zna da sam ovdje. Misle da sam u bolnici.&#8221; <\/div>\n<div id=\"attachment_185\" style=\"width: 646px\" class=\"wp-caption aligncenter\"><img loading=\"lazy\" decoding=\"async\" aria-describedby=\"caption-attachment-185\" class=\"size-medium wp-image-185\" src=\"https:\/\/www.mojevrijeme.hr\/magazin\/wp-content\/uploads\/2014\/02\/zatvor-636x348.jpg\" alt=\"\" width=\"636\" height=\"348\" \/><p id=\"caption-attachment-185\" class=\"wp-caption-text\">foto: stock.xchng<\/p><\/div>\n<div id=\"zuto\"><\/p>\n<p><strong>Gospo\u0111a T., 80 godina<\/strong><\/p>\n<p>Ukrala je bakalar, sjemenke i tavu za pe\u010denje. Ovo joj je \u010detvrti boravak u zatvoru, osu\u0111ena je na dvije i pol godine. Ima mu\u017ea, sina i k\u0107er. &#8220;Kad sam bila mla\u0111a, nije mi padalo na pamet krasti. Samo sam mislila na posao i kako \u0161to vi\u0161e raditi. Radila sam 20 godina u tvornici gume, a nakon toga kao njegovateljica u bolnici. Novca je uvijek nedostajalo, no ipak smo uspjeli poslati sina na fakultet. Moj mu\u017e je prije \u0161est godina imao mo\u017edani udar i otada je u krevetu. Osim toga je i dementan te pati od paranoje. Bilo mi je jako te\u0161ko brinuti o njemu, no nikome nisam govorila o svojoj muci jer me je bilo sram.<\/p>\n<p>U zatvor sam prvi put dospjela kad mi je bilo 70 godina. Kad su me uhvatili u kra\u0111i, zapravo sam imala novca da platim tu robu, ali jednostavno nisam \u017eeljela i\u0107i ku\u0107i, a nisam imala gdje oti\u0107i. Tra\u017eiti pomo\u0107 u zatvoru mi je bilo jedino rje\u0161enje. U zatvoru mi je \u017eivot puno jednostavniji. Mogu biti svoja i disati, koliko god to bilo privremeno. Moj sin mi ka\u017ee da sam bolesna i da bih trebala biti u nekoj psihijatrijskoj ustanovi. No ja ne mislim da sam bolesna. Mislim da me moja tjeskoba tjera na ka\u0111u.&#8221; <\/div>\n<div id=\"zuto\"><\/p>\n<p><strong>Gospo\u0111a N., 80 godina<\/strong><\/p>\n<p>Ukrala je jednu knjigu, krokete i ru\u010dni ventilator. Ovo joj je tre\u0107i boravak u zatvoru, osu\u0111ena je na tri godine i dva mjeseca. Ima mu\u017ea, dvojicu sinova i \u0161estero unu\u010dadi. &#8220;Uvijek sam bila puno sama i osje\u0107ala se usamljeno. Moj mi je mu\u017e davao puno nvca i svi su mi govorili kako sam sretna. No nisam \u017eeljela novac. To me uop\u0107e nije usre\u0107ilo. Prvi put sam ne\u0161to ukrala prije 13 godina. U\u0161la sam u jednu knji\u017earu i ukrala neki roman s mekim uvezom. Kad su me ulovili, odveli su me u policijsku postaju gdje me ispitao jedan vrlo drag policajac. Pa\u017eljivo me saslu\u0161ao. \u010cinilo mi se da me po prvi puta netko u \u017eivotu slu\u0161a. Na kraju me potap\u0161ao po ramenu i rekao da razumije da sam usamljena, no da u budu\u0107e vi\u0161e ne kradem.<\/p>\n<p>Ne mogu vam ni opisati koliko volim raditi u zatvorskoj tvornici. Neki dan su me pohvalili kako sam vrijedna i pedantna. Volim raditi i \u017eao mi je \u0161to nikad u \u017eivotu nisam imala pravi posao. Da jesam, moj bi \u017eivot bio posve druga\u010diji. Vi\u0161e volim \u017eivot u zatvoru nego na slobodi. Ovdje uvijek ima ljudi pa se ne osje\u0107am usamljeno. Kad sam drugi put osu\u0111ena, obe\u0107ala sam da se vi\u0161e ne\u0107u vra\u0107ati. No kad su me oslobodili, po\u010dela sam osje\u0107ati nostalgiju.&#8221; <\/div>\n<div id=\"zuto\"><\/p>\n<p><strong>Gospo\u0111a K., 74 godine<\/strong><\/p>\n<p>Ukrala je Coca-Colu i sok od naran\u010de. Ovo joj je drugi boravak u zatvoru, no jo\u0161 nije dobila kona\u010dnu presudu. Ima sina i k\u0107er. &#8220;\u017divjela sam od socijalne pomo\u0107i i bilo mi je vrlo te\u0161ko. Kad\u00b8me puste iz zatvora, ne znam kao \u0107u pre\u017eivjeti od 1.000 jena (9 dolara) dnevno. Nemam se \u010demu veseliti na slobodi. Zatvor je za mene prava oaza. Mjesto za relaksaciju i u\u017eivanje. Ovdje mo\u017eda nemam slobodu, no nemam ni briga. Oko mene ima puno ljudi s kojima mogu razgovarati, a svaki dan dobijem tri ukusna i hranjiva obroka. K\u0107er me posje\u0107uje jednom mjese\u010dno i ka\u017ee mi da sam jadna. Mislim da je mo\u017eda u pravu.&#8221; <\/div>\n<div id=\"attachment_13479\" style=\"width: 646px\" class=\"wp-caption aligncenter\"><img loading=\"lazy\" decoding=\"async\" aria-describedby=\"caption-attachment-13479\" class=\"size-medium wp-image-13479\" src=\"https:\/\/www.mojevrijeme.hr\/magazin\/wp-content\/uploads\/2018\/03\/japanka-636x352.jpg\" alt=\"\" width=\"636\" height=\"352\" srcset=\"https:\/\/www.mojevrijeme.hr\/magazin\/wp-content\/uploads\/2018\/03\/japanka-636x352.jpg 636w, https:\/\/www.mojevrijeme.hr\/magazin\/wp-content\/uploads\/2018\/03\/japanka.jpg 740w\" sizes=\"auto, (max-width: 636px) 100vw, 636px\" \/><p id=\"caption-attachment-13479\" class=\"wp-caption-text\">foto: Pixabay<\/p><\/div>\n<p>Niti vlada, niti privatni sektor nemaju rje\u0161enje za u\u010dinkovitu rehabilitaciju starijih zatvorenika, a tro\u0161kovi njihova boravka u zatvoru nezaustavljivo rastu. Tro\u0161kovi vezani uz lije\u010denje starijih zatvorenika u proteklih deset godina popeli su se na 6 milijardi jena (50 milijuna dolara), \u0161to je pove\u0107anje od 80 posto. Zaposleni su i posebni radnici koji poma\u017eu starijim zatvorenicima oko kupanja i odlaska na toalet tijekom dana, ali no\u0107u taj posao obavljaju \u010duvari.<\/p>\n<p>U nekim zatvorima, posao \u010duvara sve vi\u0161e nalikuje njegovatelju u stara\u010dkom domu. <strong>Satomi Kezuka<\/strong>, starija \u010duvarica u \u017eenskom zatvoru Tochigi, udaljenom oko 100 km od Tokija, ka\u017ee da njezin posao sad uklju\u010duje i rje\u0161avanje problema s inkontinencijom. &#8220;Srame se pa skrivaju svoje rublje. Ka\u017eem im da mi ga donesu na pranje.&#8221; Ina\u010de, \u010dak tre\u0107ina \u010duvarica u zatvorima da otkaz unutar tri godine.<\/p>\n<p>2016. godine japanski parlament izglasao je zakon po kojem bi se starijim kradljivcima recidivistima omogu\u0107ila pomo\u0107, bilo financijska, bilo u nekom drugom obliku. Otada ured tu\u017eitelja i zatvori rade s dr\u017eavnim agencijama i ula\u017eu zajedni\u010dke napore da se starijim prekr\u0161iteljima osigura pomo\u0107. No problemi koji prisiljavaju starije \u017eene da tra\u017ee relativan komfor unutar zatvora, previ\u0161e je kompleksan da bi ga vlada samo tako mogla rije\u0161iti.<\/p>\n<div id=\"mojev-2769391139\" class=\"mojev-kraj-teksta mojev-entity-placement\" style=\"margin-bottom: 20px;margin-left: auto;margin-right: auto;text-align: center;\"><div class=\"mojev-adlabel\">oglas<\/div><div style=\"height: 250px;\"><script async src=\"https:\/\/pagead2.googlesyndication.com\/pagead\/js\/adsbygoogle.js?client=ca-pub-8106111766207173\"\r\n     crossorigin=\"anonymous\"><\/script>\r\n<!-- Display-1 -->\r\n<ins class=\"adsbygoogle\"\r\n     style=\"display:block\"\r\n     data-ad-client=\"ca-pub-8106111766207173\"\r\n     data-ad-slot=\"1465712950\"\r\n     data-ad-format=\"auto\"\r\n     data-full-width-responsive=\"true\"><\/ins>\r\n<script>\r\n     (adsbygoogle = window.adsbygoogle || []).push({});\r\n<\/script><\/div><\/div>","protected":false},"excerpt":{"rendered":"<p>Ovdje mo\u017eda nemam slobodu, no nemam ni briga. Oko mene ima puno ljudi s kojima mogu razgovarati, a svaki dan dobijem tri ukusna i hranjiva obroka. K\u0107er me posje\u0107uje jednom mjese\u010dno i ka\u017ee mi da sam jadna. Mislim da je mo\u017eda u pravu.<\/p>\n","protected":false},"author":4,"featured_media":13478,"comment_status":"closed","ping_status":"closed","sticky":false,"template":"","format":"standard","meta":{"footnotes":""},"categories":[2],"tags":[693,237,33],"class_list":["post-13473","post","type-post","status-publish","format-standard","has-post-thumbnail","hentry","category-mozaik","tag-japan","tag-siromastvo","tag-zatvor"],"_links":{"self":[{"href":"https:\/\/www.mojevrijeme.hr\/magazin\/wp-json\/wp\/v2\/posts\/13473","targetHints":{"allow":["GET"]}}],"collection":[{"href":"https:\/\/www.mojevrijeme.hr\/magazin\/wp-json\/wp\/v2\/posts"}],"about":[{"href":"https:\/\/www.mojevrijeme.hr\/magazin\/wp-json\/wp\/v2\/types\/post"}],"author":[{"embeddable":true,"href":"https:\/\/www.mojevrijeme.hr\/magazin\/wp-json\/wp\/v2\/users\/4"}],"replies":[{"embeddable":true,"href":"https:\/\/www.mojevrijeme.hr\/magazin\/wp-json\/wp\/v2\/comments?post=13473"}],"version-history":[{"count":0,"href":"https:\/\/www.mojevrijeme.hr\/magazin\/wp-json\/wp\/v2\/posts\/13473\/revisions"}],"wp:featuredmedia":[{"embeddable":true,"href":"https:\/\/www.mojevrijeme.hr\/magazin\/wp-json\/wp\/v2\/media\/13478"}],"wp:attachment":[{"href":"https:\/\/www.mojevrijeme.hr\/magazin\/wp-json\/wp\/v2\/media?parent=13473"}],"wp:term":[{"taxonomy":"category","embeddable":true,"href":"https:\/\/www.mojevrijeme.hr\/magazin\/wp-json\/wp\/v2\/categories?post=13473"},{"taxonomy":"post_tag","embeddable":true,"href":"https:\/\/www.mojevrijeme.hr\/magazin\/wp-json\/wp\/v2\/tags?post=13473"}],"curies":[{"name":"wp","href":"https:\/\/api.w.org\/{rel}","templated":true}]}}