{"id":134800,"date":"2025-05-06T12:43:22","date_gmt":"2025-05-06T10:43:22","guid":{"rendered":"https:\/\/www.mojevrijeme.hr\/magazin\/?p=134800"},"modified":"2025-05-06T12:50:06","modified_gmt":"2025-05-06T10:50:06","slug":"poginuo-zeljko-semper-mirovinski-strucnjak-i-borac-za-prava-umirovljenika","status":"publish","type":"post","link":"https:\/\/www.mojevrijeme.hr\/magazin\/2025\/05\/poginuo-zeljko-semper-mirovinski-strucnjak-i-borac-za-prava-umirovljenika\/","title":{"rendered":"Poginuo \u017deljko \u0160emper, mirovinski stru\u010dnjak i borac za prava umirovljenika"},"content":{"rendered":"\n<p>U prometnoj nesre\u0107i koja se dogodila na Vara\u017edinskoj cesti u Koprivnici \u017eivot je izgubio \u017deljko \u0160emper. \u0160iroj javnosti bio je poznat kao dugogodi\u0161nji \u010dlan Hrvatske stranke umirovljenika, saborski zastupnik, analiti\u010dar mirovinskog sustava i do zadnjeg dana borac za prava umirovljenika.<\/p>\n\n\n\n<p>\u0160emper je jutros oko 10 sati i 20 minuta vozio bicikl Vara\u017edinskom cestom, kada se sudario s osobnim automobilom, objavila je Policijska uprava koprivni\u010dko-kri\u017eeva\u010dka.<\/p>\n\n\n\n<p>Smrt je potvrdila i Hrvatska stranka umirovljenika (HSU). &#8220;Nesre\u0107a se dogodila na Vara\u017edinskoj cesti, nedaleko od benzinske postaje Petrol i Gradskog groblja. Automobil je udario biciklista, koji je na mjestu poginuo. \u0160emper \u017eivio je u ku\u0107i u Vara\u017edinskoj ulici te je \u010desto u centar grada i\u0161ao biciklom. Bio je veliki borac za umirovljeni\u010dka prava i biv\u0161i saborski zastupnik iz redova HSU-a. Ro\u0111en je 17. sije\u010dnja 1944. u Hlebinama, kod Koprivnice&#8221;, objavila je stranka.<\/p><div id=\"mojev-4053326277\" class=\"mojev-u-tekstu mojev-entity-placement\" style=\"margin-left: auto;margin-right: auto;text-align: center;\"><div class=\"mojev-adlabel\">oglas<\/div><div style=\"height: 250px;\"><script async src=\"https:\/\/pagead2.googlesyndication.com\/pagead\/js\/adsbygoogle.js?client=ca-pub-8106111766207173\"\r\n     crossorigin=\"anonymous\"><\/script>\r\n<!-- Prikazni 1 u tekstu -->\r\n<ins class=\"adsbygoogle\"\r\n     style=\"display:block\"\r\n     data-ad-client=\"ca-pub-8106111766207173\"\r\n     data-ad-slot=\"8535551207\"\r\n     data-ad-format=\"auto\"\r\n     data-full-width-responsive=\"true\"><\/ins>\r\n<script>\r\n     (adsbygoogle = window.adsbygoogle || []).push({});\r\n<\/script><\/div><\/div><br style=\"clear: both; display: block; float: none;\"\/>\n\n\n\n<p>&#8220;Najve\u0107i trag ostavio je kao vrhunski stru\u010dnjak u podru\u010dju mirovinskog sustava i javnih financija. Kroz svoj rad u dr\u017eavnim institucijama, uklju\u010duju\u0107i Hrvatski zavod za mirovinsko osiguranje te kroz medijske istupe i analize, godinama je neumorno radio na edukaciji javnosti o mirovinskim pitanjima. Njegovi komentari bili su stru\u010dno utemeljeni, jasno artikulirani i uvijek usmjereni prema postizanju pravednijeg i odr\u017eivijeg sustava mirovinskog osiguranja u Hrvatskoj&#8221;, objavio je Grad Koprivnica.<\/p>\n<div id=\"mojev-2204384988\" class=\"mojev-kraj-teksta mojev-entity-placement\" style=\"margin-bottom: 20px;margin-left: auto;margin-right: auto;text-align: center;\"><div class=\"mojev-adlabel\">oglas<\/div><div style=\"height: 250px;\"><script async src=\"https:\/\/pagead2.googlesyndication.com\/pagead\/js\/adsbygoogle.js?client=ca-pub-8106111766207173\"\r\n     crossorigin=\"anonymous\"><\/script>\r\n<!-- Display-1 -->\r\n<ins class=\"adsbygoogle\"\r\n     style=\"display:block\"\r\n     data-ad-client=\"ca-pub-8106111766207173\"\r\n     data-ad-slot=\"1465712950\"\r\n     data-ad-format=\"auto\"\r\n     data-full-width-responsive=\"true\"><\/ins>\r\n<script>\r\n     (adsbygoogle = window.adsbygoogle || []).push({});\r\n<\/script><\/div><\/div>","protected":false},"excerpt":{"rendered":"<p>\u0160iroj javnosti poznat kao analiti\u010dar mirovinskog sustava, \u0160emper je ostavio dubok trag u mirovinskoj politici.<\/p>\n","protected":false},"author":1,"featured_media":132606,"comment_status":"closed","ping_status":"closed","sticky":false,"template":"","format":"standard","meta":{"footnotes":""},"categories":[9],"tags":[724,3706],"class_list":["post-134800","post","type-post","status-publish","format-standard","has-post-thumbnail","hentry","category-vijesti","tag-in-memoriam","tag-zeljko-semper"],"_links":{"self":[{"href":"https:\/\/www.mojevrijeme.hr\/magazin\/wp-json\/wp\/v2\/posts\/134800","targetHints":{"allow":["GET"]}}],"collection":[{"href":"https:\/\/www.mojevrijeme.hr\/magazin\/wp-json\/wp\/v2\/posts"}],"about":[{"href":"https:\/\/www.mojevrijeme.hr\/magazin\/wp-json\/wp\/v2\/types\/post"}],"author":[{"embeddable":true,"href":"https:\/\/www.mojevrijeme.hr\/magazin\/wp-json\/wp\/v2\/users\/1"}],"replies":[{"embeddable":true,"href":"https:\/\/www.mojevrijeme.hr\/magazin\/wp-json\/wp\/v2\/comments?post=134800"}],"version-history":[{"count":8,"href":"https:\/\/www.mojevrijeme.hr\/magazin\/wp-json\/wp\/v2\/posts\/134800\/revisions"}],"predecessor-version":[{"id":134808,"href":"https:\/\/www.mojevrijeme.hr\/magazin\/wp-json\/wp\/v2\/posts\/134800\/revisions\/134808"}],"wp:featuredmedia":[{"embeddable":true,"href":"https:\/\/www.mojevrijeme.hr\/magazin\/wp-json\/wp\/v2\/media\/132606"}],"wp:attachment":[{"href":"https:\/\/www.mojevrijeme.hr\/magazin\/wp-json\/wp\/v2\/media?parent=134800"}],"wp:term":[{"taxonomy":"category","embeddable":true,"href":"https:\/\/www.mojevrijeme.hr\/magazin\/wp-json\/wp\/v2\/categories?post=134800"},{"taxonomy":"post_tag","embeddable":true,"href":"https:\/\/www.mojevrijeme.hr\/magazin\/wp-json\/wp\/v2\/tags?post=134800"}],"curies":[{"name":"wp","href":"https:\/\/api.w.org\/{rel}","templated":true}]}}