{"id":134965,"date":"2025-05-08T13:18:54","date_gmt":"2025-05-08T11:18:54","guid":{"rendered":"https:\/\/www.mojevrijeme.hr\/magazin\/?p=134965"},"modified":"2025-05-08T13:42:55","modified_gmt":"2025-05-08T11:42:55","slug":"mogu-raditi-ali-necu-super-zivim-od-socijalne-pomoci","status":"publish","type":"post","link":"https:\/\/www.mojevrijeme.hr\/magazin\/2025\/05\/mogu-raditi-ali-necu-super-zivim-od-socijalne-pomoci\/","title":{"rendered":"&#8216;Mogu raditi, ali ne\u0107u. Super \u017eivim od socijalne pomo\u0107i&#8217;"},"content":{"rendered":"\n<p><em>Chris <\/em>iz Duisburga, poznat gledateljima zbiljokazne emisije <em>Armes Deutschland<\/em>, ve\u0107 14 godina prima socijalnu pomo\u0107. Kako sam ka\u017ee, namjerava tako i nastaviti. Umjesto da radi, ovaj mladi\u0107 \u017eivi po vlastitim pravilima, a novac od dr\u017eave tro\u0161i na zabavu, luksuz i ilegalne poslove, javlja <em>Fokus.de.<\/em><\/p>\n\n\n\n<p>U jednoj od epizoda koja prikazuje ljude koje odbijaju raditi pa radije \u017eive od socijalne pomo\u0107i, kamera Chrisa prati do frizera. Naime, snimljena je po\u010detkom mjeseca kada sjeda pomo\u0107, a to zna\u010di da se Chris mo\u017ee malo opustiti.<\/p>\n\n\n\n<p>&#8220;\u017divim na ra\u010dun dr\u017eave ve\u0107 14 godina. Mogu raditi, ali ovako se bolje \u017eivi&#8221;, izjavio je bez ustru\u010davanja. &#8220;Novac tro\u0161im na izlaske ili luksuzne stvari. Ako mi se svidi neka jakna, kupim je. Odem u grad, ne\u0161to si priu\u0161tim, igre za <em>PlayStation<\/em>. Treba se \u010dovjek tu i tamo razmaziti.&#8221;<\/p><div id=\"mojev-344676496\" class=\"mojev-u-tekstu mojev-entity-placement\" style=\"margin-left: auto;margin-right: auto;text-align: center;\"><div class=\"mojev-adlabel\">oglas<\/div><div style=\"height: 250px;\"><script async src=\"https:\/\/pagead2.googlesyndication.com\/pagead\/js\/adsbygoogle.js?client=ca-pub-8106111766207173\"\r\n     crossorigin=\"anonymous\"><\/script>\r\n<!-- Prikazni 1 u tekstu -->\r\n<ins class=\"adsbygoogle\"\r\n     style=\"display:block\"\r\n     data-ad-client=\"ca-pub-8106111766207173\"\r\n     data-ad-slot=\"8535551207\"\r\n     data-ad-format=\"auto\"\r\n     data-full-width-responsive=\"true\"><\/ins>\r\n<script>\r\n     (adsbygoogle = window.adsbygoogle || []).push({});\r\n<\/script><\/div><\/div><br style=\"clear: both; display: block; float: none;\"\/>\n\n\n\n<p>Chris se ne ustru\u010dava govoriti ni o svojim nelegalnim poslovima. U emisiji priznaje kako prodaje marihuanu, a upravo zbog te izjave protiv njega je pokrenuta istraga zbog trgovine drogama. &#8220;Rekao sam na televiziji da pu\u0161im travu i eto. Da, radim to u fu\u0161u&#8221;, dodaje bez ikakvog kajanja.<\/p>\n\n\n\n<p>Nedavno je s majkom bio na sajmu na kojem je tako\u0111er potro\u0161io pozama\u0161an iznos. I opet, bez gri\u017enje savjesti. Za njega je \u017eivot u\u017eivanje. A rad? Rad je nepotrebna komplikacija. Iako je ranije govorio da \u017eeli &#8220;poslo\u017eiti \u017eivot&#8221;, trenuta\u010dno nema nikakvih pokazatelja da \u0107e se to doista i dogoditi.<\/p>\n\n\n\n<h3 class=\"wp-block-heading\">\u0160to mu to\u010dno dr\u017eava daje?<\/h3>\n\n\n\n<p>Chris prima temeljnu socijalnu pomo\u0107 od 563 eura mjese\u010dno. To je standardna naknada za samce u Njema\u010dkoj u 2025. godini. Osim toga, ima pravo na dodatke za tro\u0161kove stanovanja i grijanja. U jednoj emisiji je nabrojao i dodatne naknade koje koristi, kao i to da mu se ukupni prihodi kre\u0107u izme\u0111u 1.500 i 2.000 eura mjese\u010dno.<\/p>\n\n\n\n<p>Chris, navodi <em>Focus.de<\/em>, u Njema\u010dkoj u\u017eiva status televizijskog antijunaka. On je <em>partijaner<\/em>, dugotrajno nezaposlen i potpuno ravnodu\u0161an prema radu. Ljubav je, ka\u017ee, odavno prekri\u017eio. Preostaje mu jo\u0161 jedino zabava. Naravno, na ra\u010dun dr\u017eave.<\/p>\n<div id=\"mojev-320144279\" class=\"mojev-kraj-teksta mojev-entity-placement\" style=\"margin-bottom: 20px;margin-left: auto;margin-right: auto;text-align: center;\"><div class=\"mojev-adlabel\">oglas<\/div><div style=\"height: 250px;\"><script async src=\"https:\/\/pagead2.googlesyndication.com\/pagead\/js\/adsbygoogle.js?client=ca-pub-8106111766207173\"\r\n     crossorigin=\"anonymous\"><\/script>\r\n<!-- Display-1 -->\r\n<ins class=\"adsbygoogle\"\r\n     style=\"display:block\"\r\n     data-ad-client=\"ca-pub-8106111766207173\"\r\n     data-ad-slot=\"1465712950\"\r\n     data-ad-format=\"auto\"\r\n     data-full-width-responsive=\"true\"><\/ins>\r\n<script>\r\n     (adsbygoogle = window.adsbygoogle || []).push({});\r\n<\/script><\/div><\/div>","protected":false},"excerpt":{"rendered":"<p>Ve\u0107 14 godina \u017eivi od socijalne pomo\u0107i, a odbijanje rada pretvorio je u svoj identitet. Novac tro\u0161i na zabavu i luksuz, hvali se nelegalnim poslovima i bez srama koristi sustav.<\/p>\n","protected":false},"author":1,"featured_media":134966,"comment_status":"closed","ping_status":"closed","sticky":false,"template":"","format":"standard","meta":{"footnotes":""},"categories":[84],"tags":[4199,1062,3646],"class_list":["post-134965","post","type-post","status-publish","format-standard","has-post-thumbnail","hentry","category-show","tag-naknada-za-nezaposlene","tag-reality-show","tag-socijalni-transferi"],"_links":{"self":[{"href":"https:\/\/www.mojevrijeme.hr\/magazin\/wp-json\/wp\/v2\/posts\/134965","targetHints":{"allow":["GET"]}}],"collection":[{"href":"https:\/\/www.mojevrijeme.hr\/magazin\/wp-json\/wp\/v2\/posts"}],"about":[{"href":"https:\/\/www.mojevrijeme.hr\/magazin\/wp-json\/wp\/v2\/types\/post"}],"author":[{"embeddable":true,"href":"https:\/\/www.mojevrijeme.hr\/magazin\/wp-json\/wp\/v2\/users\/1"}],"replies":[{"embeddable":true,"href":"https:\/\/www.mojevrijeme.hr\/magazin\/wp-json\/wp\/v2\/comments?post=134965"}],"version-history":[{"count":10,"href":"https:\/\/www.mojevrijeme.hr\/magazin\/wp-json\/wp\/v2\/posts\/134965\/revisions"}],"predecessor-version":[{"id":134977,"href":"https:\/\/www.mojevrijeme.hr\/magazin\/wp-json\/wp\/v2\/posts\/134965\/revisions\/134977"}],"wp:featuredmedia":[{"embeddable":true,"href":"https:\/\/www.mojevrijeme.hr\/magazin\/wp-json\/wp\/v2\/media\/134966"}],"wp:attachment":[{"href":"https:\/\/www.mojevrijeme.hr\/magazin\/wp-json\/wp\/v2\/media?parent=134965"}],"wp:term":[{"taxonomy":"category","embeddable":true,"href":"https:\/\/www.mojevrijeme.hr\/magazin\/wp-json\/wp\/v2\/categories?post=134965"},{"taxonomy":"post_tag","embeddable":true,"href":"https:\/\/www.mojevrijeme.hr\/magazin\/wp-json\/wp\/v2\/tags?post=134965"}],"curies":[{"name":"wp","href":"https:\/\/api.w.org\/{rel}","templated":true}]}}