{"id":135115,"date":"2025-05-12T08:22:57","date_gmt":"2025-05-12T06:22:57","guid":{"rendered":"https:\/\/www.mojevrijeme.hr\/magazin\/?p=135115"},"modified":"2025-05-12T08:22:58","modified_gmt":"2025-05-12T06:22:58","slug":"eu-uvodi-digitalne-vozacke-ali-i-nova-pravila-za-starije-vozace","status":"publish","type":"post","link":"https:\/\/www.mojevrijeme.hr\/magazin\/2025\/05\/eu-uvodi-digitalne-vozacke-ali-i-nova-pravila-za-starije-vozace\/","title":{"rendered":"EU uvodi digitalne voza\u010dke, ali i nova pravila za starije voza\u010de"},"content":{"rendered":"\n<p>Europski parlament i Vije\u0107e postigli su dogovor o novim pravilima vezanim uz voza\u010dke dozvole, navode\u0107i u priop\u0107enjima za javnost da je cilj novih pravila modernizacija sustava i pove\u0107anje sigurnosti na cestama.<\/p>\n\n\n\n<p>Nova pravila uvode se kroz prijelazno razdoblje od 5 godina i \u0161est mjeseci kako bi ih zemlje \u010dlanice EU mogle implementirati u svoje zakonodavstvo. Najve\u0107a novost je uvo\u0111enje digitalne voza\u010dke dozvole, koja \u0107e voza\u010dima biti dostupna putem mobilnih ure\u0111aja, dok \u0107e fizi\u010dka verzija i dalje ostati opcija na zahtjev.<\/p>\n\n\n\n<p>I dok se digitalizacija smatra pozitivnim pomakom u smjeru modernizacije, najvi\u0161e kontroverzi izazvala je mogu\u0107nost skra\u0107ivanja trajanja valjanosti dozvola osobama starijima od 65 godina, uz uvo\u0111enje dodatnih lije\u010dni\u010dkih pregleda, javlja Sindikat umirovljenika Hrvatske (<a href=\"http:\/\/www.suh.hr\" target=\"_blank\" rel=\"noreferrer noopener\">SUH<\/a>).<\/p><div id=\"mojev-4096723592\" class=\"mojev-u-tekstu mojev-entity-placement\" style=\"margin-left: auto;margin-right: auto;text-align: center;\"><div class=\"mojev-adlabel\">oglas<\/div><div style=\"height: 250px;\"><script async src=\"https:\/\/pagead2.googlesyndication.com\/pagead\/js\/adsbygoogle.js?client=ca-pub-8106111766207173\"\r\n     crossorigin=\"anonymous\"><\/script>\r\n<!-- Prikazni 1 u tekstu -->\r\n<ins class=\"adsbygoogle\"\r\n     style=\"display:block\"\r\n     data-ad-client=\"ca-pub-8106111766207173\"\r\n     data-ad-slot=\"8535551207\"\r\n     data-ad-format=\"auto\"\r\n     data-full-width-responsive=\"true\"><\/ins>\r\n<script>\r\n     (adsbygoogle = window.adsbygoogle || []).push({});\r\n<\/script><\/div><\/div><br style=\"clear: both; display: block; float: none;\"\/>\n\n\n\n<p>Automatsko skra\u0107ivanje valjanosti dozvola temeljem dobi je o\u010diti primjer diskriminacije, a na\u017ealost, u Hrvatskoj su se obvezni zdravstveni pregledi za starije od 65 godina poku\u0161ali uvrstiti u Zakon o sigurnosti prometa na cestama u \u010detiri navrata od 2015. do 2019. godine, ali je Sindikat umirovljenika Hrvatske svaki put argumentacijom i zagovaranjem uspio se izboriti da se takve odredbe ne uvedu.<\/p>\n\n\n\n<p>Podaci Ministarstva unutarnjih poslova tako\u0111er idu u prilog starijim voza\u010dima. Statistika pokazuje da su voza\u010di stariji od 65 godina u 2020. godini skrivili manji postotak prometnih nesre\u0107a nego \u0161to je njihov udio u ukupnom broju voza\u010da. Od 23.037 nesre\u0107a te godine, stariji voza\u010di prouzro\u010dili su njih 3.072 (13,3 posto), iako \u010dine vi\u0161e od 14 posto voza\u010dke populacije. U kategorijama nesre\u0107a s ozlije\u0111enima i smrtnim ishodima, udjeli su tako\u0111er manji od prosjeka.<\/p>\n\n\n\n<p>Posebno je va\u017eno naglasiti da me\u0111unarodne studije pokazuju kako su voza\u010di u dobi od 65 do 70 godina sigurniji u prometu od ve\u0107ine mla\u0111ih skupina \u2013 pa i onih izme\u0111u 30 i 60 godina. Tek kod osoba starijih od 80 godina dolazi do blagog pada sigurnosti, ali ni to nije razlog za obvezne lije\u010dni\u010dke preglede.<\/p>\n<div id=\"mojev-98272532\" class=\"mojev-kraj-teksta mojev-entity-placement\" style=\"margin-bottom: 20px;margin-left: auto;margin-right: auto;text-align: center;\"><div class=\"mojev-adlabel\">oglas<\/div><div style=\"height: 250px;\"><script async src=\"https:\/\/pagead2.googlesyndication.com\/pagead\/js\/adsbygoogle.js?client=ca-pub-8106111766207173\"\r\n     crossorigin=\"anonymous\"><\/script>\r\n<!-- Display-1 -->\r\n<ins class=\"adsbygoogle\"\r\n     style=\"display:block\"\r\n     data-ad-client=\"ca-pub-8106111766207173\"\r\n     data-ad-slot=\"1465712950\"\r\n     data-ad-format=\"auto\"\r\n     data-full-width-responsive=\"true\"><\/ins>\r\n<script>\r\n     (adsbygoogle = window.adsbygoogle || []).push({});\r\n<\/script><\/div><\/div>","protected":false},"excerpt":{"rendered":"<p>Uvo\u0111enje digitalnih voza\u010dkih dozvola unutar EU pozdravlja se kao korak prema modernizaciji, no najavljene izmjene za starije voza\u010de izazivaju kritike zbog mogu\u0107e diskriminacije. <\/p>\n","protected":false},"author":1,"featured_media":116383,"comment_status":"closed","ping_status":"closed","sticky":false,"template":"","format":"standard","meta":{"footnotes":""},"categories":[9],"tags":[574,3393,566],"class_list":["post-135115","post","type-post","status-publish","format-standard","has-post-thumbnail","hentry","category-vijesti","tag-europska-unija","tag-vozaci","tag-vozacka-dozvola"],"_links":{"self":[{"href":"https:\/\/www.mojevrijeme.hr\/magazin\/wp-json\/wp\/v2\/posts\/135115","targetHints":{"allow":["GET"]}}],"collection":[{"href":"https:\/\/www.mojevrijeme.hr\/magazin\/wp-json\/wp\/v2\/posts"}],"about":[{"href":"https:\/\/www.mojevrijeme.hr\/magazin\/wp-json\/wp\/v2\/types\/post"}],"author":[{"embeddable":true,"href":"https:\/\/www.mojevrijeme.hr\/magazin\/wp-json\/wp\/v2\/users\/1"}],"replies":[{"embeddable":true,"href":"https:\/\/www.mojevrijeme.hr\/magazin\/wp-json\/wp\/v2\/comments?post=135115"}],"version-history":[{"count":1,"href":"https:\/\/www.mojevrijeme.hr\/magazin\/wp-json\/wp\/v2\/posts\/135115\/revisions"}],"predecessor-version":[{"id":135116,"href":"https:\/\/www.mojevrijeme.hr\/magazin\/wp-json\/wp\/v2\/posts\/135115\/revisions\/135116"}],"wp:featuredmedia":[{"embeddable":true,"href":"https:\/\/www.mojevrijeme.hr\/magazin\/wp-json\/wp\/v2\/media\/116383"}],"wp:attachment":[{"href":"https:\/\/www.mojevrijeme.hr\/magazin\/wp-json\/wp\/v2\/media?parent=135115"}],"wp:term":[{"taxonomy":"category","embeddable":true,"href":"https:\/\/www.mojevrijeme.hr\/magazin\/wp-json\/wp\/v2\/categories?post=135115"},{"taxonomy":"post_tag","embeddable":true,"href":"https:\/\/www.mojevrijeme.hr\/magazin\/wp-json\/wp\/v2\/tags?post=135115"}],"curies":[{"name":"wp","href":"https:\/\/api.w.org\/{rel}","templated":true}]}}