{"id":135236,"date":"2025-05-14T19:57:17","date_gmt":"2025-05-14T17:57:17","guid":{"rendered":"https:\/\/www.mojevrijeme.hr\/magazin\/?p=135236"},"modified":"2025-05-14T19:57:53","modified_gmt":"2025-05-14T17:57:53","slug":"mirko-hodak-izgubio-sam-oko-zdravlje-i-snagu-ali-zivot-je-lijep","status":"publish","type":"post","link":"https:\/\/www.mojevrijeme.hr\/magazin\/2025\/05\/mirko-hodak-izgubio-sam-oko-zdravlje-i-snagu-ali-zivot-je-lijep\/","title":{"rendered":"Mirko Hodak: &#8216;Izgubio sam oko i pre\u017eivio rak, ali \u017eivot je lijep&#8217;"},"content":{"rendered":"\n<p>Ve\u0107 pri ro\u0111enju lije\u010dnici su njegovoj majci rekli da nije sigurno ho\u0107e li pre\u017eivjeti pa su \u0161est mjeseci proveli u bolnici bore\u0107i se za njegov \u017eivot. Kasnije u djetinjstvu prebolio je ba\u0161 sve dje\u010dje bolesti, a u mladosti pre\u017eivio niz nesre\u0107a, me\u0111u ostalim i onu pri kojoj je izgubio oko. U 32. godini dijagnosticiran mu je rak grla, a supruzi su tada rekli da gotovo sigurno ne\u0107e do\u010dekati Novu godinu. Do danas je pre\u017eivio i pet sr\u010danih te tri mo\u017edana udara.<\/p>\n\n\n\n<p>Unato\u010d tome, umirovljenik <strong>Mirko Hodak<\/strong> (75) iz mjesta Rokovci u op\u0107ini Andrija\u0161evci, na \u017eivot se ne \u017eali. U svojim elektri\u010dnim kolicima \u017eivi dan po dan, sat po sat, slijede\u0107i jednostavan princip: &#8220;moli i voli&#8221;. Dodaje potom i rije\u010d &#8220;jedi&#8221;, jer kao pravi Slavonac cijeni dobru kremenadlu.<\/p>\n\n\n\n<p>Fizi\u010dki ograni\u010dena, ali duhovno rasko\u0161na \u2013 tako bi se ukratko mogla opisati svakodnevica gospodina Mirka. &#8220;Bolesti su me nau\u010dile \u017eivjeti u sada\u0161njem trenutku. \u010cim se ujutro probudim, najprije se sat i pol molim. Potom uz doru\u010dak i kapu\u010dino popijem lijekove; ukupno 13 tableta. Nekad sam ih uzimao i po 23. Do ru\u010dka ponekad izmolim i krunicu. Nakon popodnevnog odmora, svaki dan oko pola \u010detiri, svojoj Lidiji skuham kavu. Tako je ve\u0107 52 godine, koliko smo u braku&#8221;, otkriva nam.<\/p><div id=\"mojev-2697741104\" class=\"mojev-u-tekstu mojev-entity-placement\" style=\"margin-left: auto;margin-right: auto;text-align: center;\"><div class=\"mojev-adlabel\">oglas<\/div><div style=\"height: 250px;\"><script async src=\"https:\/\/pagead2.googlesyndication.com\/pagead\/js\/adsbygoogle.js?client=ca-pub-8106111766207173\"\r\n     crossorigin=\"anonymous\"><\/script>\r\n<!-- Prikazni 1 u tekstu -->\r\n<ins class=\"adsbygoogle\"\r\n     style=\"display:block\"\r\n     data-ad-client=\"ca-pub-8106111766207173\"\r\n     data-ad-slot=\"8535551207\"\r\n     data-ad-format=\"auto\"\r\n     data-full-width-responsive=\"true\"><\/ins>\r\n<script>\r\n     (adsbygoogle = window.adsbygoogle || []).push({});\r\n<\/script><\/div><\/div><br style=\"clear: both; display: block; float: none;\"\/>\n\n\n\n<h2 class=\"wp-block-heading\">Rutina i mir u svakodnevnoj borbi<\/h2>\n\n\n\n<p>Nave\u010der odlazi na misu, a potom na televizoru najradije gleda dokumentarce o \u017eivotinjama. Ponedjeljkom u svojim kolicima obi\u0111e \u0161kolsku prijateljicu koja je invalid od ro\u0111enja, a tijekom tjedna posjeti i ponekog prijatelja.<\/p>\n\n\n\n<p>Ni njihova ku\u0107a, ka\u017ee, nikad nije prazna jer su njegovih troje djece ostali u rodnom kraju i podarili im 11 unu\u010dadi, a sada ve\u0107 imaju i idvoje praunu\u010dadi. &#8220;U Slavoniji se danas \u017eivi bolje nego ikad. Ima vi\u0161e posla, pla\u0107e vi\u0161e nisu tako mizerne, pogledajte samo ku\u0107e i po tri auta ispred njih. Mirovine jesu male, ali ne kukaju oni s najmanje, ve\u0107 oni kojima nikad nije dovoljno. To nam govori da prije te\u017enje za vi\u0161e novca svatko mora sebi postaviti pitanje: Jesam li zadovoljan iznutra? Jer ako nisi, sve drugo pada u vodu&#8221;, napominje.<\/p>\n\n\n\n<h3 class=\"wp-block-heading\">Zadovoljan mirovinom<\/h3>\n\n\n\n<p>Njegova mirovina iznosi 530 eura, a supruga prima nacionalnu mirovinu od 154 eura. Ipak, od toga su uspjeli u\u0161tedjeti za pro\u0161irenje grobnog mjesta, spomenik i pogreb.<\/p>\n\n\n\n<p>&#8220;Odrastao sam bez oca pa sam se morao sam boriti kroz \u017eivot. Imao sam 25, a supruga 20 godina kad smo sagradili ku\u0107u. Zaposlio sam se u struci kao tokar u Spa\u010dvi, a ona je 12 i pol godina radila kao frizerka. Kad su mi s 32 godine lije\u010dnici rekli da zbog raka grla ne\u0107u po\u017eivjeti ni godinu dana, dala je otkaz. Dogovorili smo se da \u0107e nakon moje smrti uzeti moju mirovinu i sama se brinuti o troje djece. Ja sam pre\u017eivio, a ona se vi\u0161e nije uspjela zaposliti&#8221;, govori.<\/p>\n\n\n\n<p>Raku grla prethodila je jo\u0161 jedna tragedija, kad je pri gradnji ku\u0107e izgubio oko. &#8220;Zavr\u0161io sam za tokara i radio u struci u vinkova\u010dkoj Spa\u010dvi, no kad sam izgubio oko morao na prekvalifikaciju jer vi\u0161e nisam mogao raditi kao tokar. Nakon toga obavljao sam razne poslove u kancelariji te izme\u0111u ostalog bio i sindikalni povjerenik te sportski direktor tada poznatog drugoliga\u0161kog nogometnog kluba Spa\u010dva Vinkovci. No, nakon 25 godina sta\u017ea, ve\u0107 s 40 godina, morao sam u invalidsku mirovinu&#8221;, prisje\u0107a se.<\/p>\n\n\n\n<h3 class=\"wp-block-heading\">Snaga vjere <\/h3>\n\n\n\n<p>Tada je ve\u0107 bio duboko u vjeri, kojoj se okrenuo nakon smrti brata koji je izgubio bitku s te\u0161kom du\u0161evnom bolesti. &#8220;Uslijed svega \u0161to sam pro\u017eivio shvatio sam da \u010dovjek sam po sebi ne mo\u017ee ni\u0161ta, sve je bo\u017eja volja. Ni u mirovini me nesre\u0107e i problemi sa zdravljem nisu zaobilazili.&#8221;<\/p>\n\n\n\n<p>&#8220;Nakon te\u0161kog prvog infarkta, kad me supruga do\u0161la posjetiti u bolnicu, medicinska sestra joj je rekla da sam preminuo. Ni tada mi lije\u010dnici dakle nisu davali ni jedan posto \u0161anse da pre\u017eivim. A pre\u017eivio sam kasnije jo\u0161 \u010detiri sr\u010dana i tri mo\u017edana udara. Imam i te\u0161ki reumatoidni artritis. Ako stanem na noge, a prsti su mi od bolesti savinuti prema dolje, jo\u0161 osam dana osje\u0107am bolove. Sve sam vi\u0161e u kolicima&#8221;, priznaje.<\/p>\n\n\n\n<h3 class=\"wp-block-heading\">Obitelj kao oslonac<\/h3>\n\n\n\n<p>Veseli se iznimno, ka\u017ee, kad se kod njih okupi u\u017ea obitelj koja sada broji ve\u0107 19 \u010dlanova. Iako su im mirovine male, a djece je puno, daruju ih svaki ro\u0111endan, imendan, Bo\u017ei\u0107, Uskrs i kirbaj.<\/p>\n\n\n\n<p>&#8220;Za svaki va\u017ean dan dajemo im po 20 eura. Radije pru\u017eimo njima nego da tro\u0161imo po restoranima. Ne volimo i\u0107i ni u kafi\u0107e, kavu najradije pijemo kod ku\u0107e, ve\u0107 52 godine sretni udvoje. \u0160to re\u0107i na sve to, nego da je \u017eivot lijep&#8221;, ka\u017ee nam ovaj nepopravljivi optimist, \u010dovjek koji nas je jo\u0161 jednom podsjetio na mo\u0107 zahvalnosti, jednostavnosti i duhovne snage.<\/p>\n<div id=\"mojev-1482089559\" class=\"mojev-kraj-teksta mojev-entity-placement\" style=\"margin-bottom: 20px;margin-left: auto;margin-right: auto;text-align: center;\"><div class=\"mojev-adlabel\">oglas<\/div><div style=\"height: 250px;\"><script async src=\"https:\/\/pagead2.googlesyndication.com\/pagead\/js\/adsbygoogle.js?client=ca-pub-8106111766207173\"\r\n     crossorigin=\"anonymous\"><\/script>\r\n<!-- Display-1 -->\r\n<ins class=\"adsbygoogle\"\r\n     style=\"display:block\"\r\n     data-ad-client=\"ca-pub-8106111766207173\"\r\n     data-ad-slot=\"1465712950\"\r\n     data-ad-format=\"auto\"\r\n     data-full-width-responsive=\"true\"><\/ins>\r\n<script>\r\n     (adsbygoogle = window.adsbygoogle || []).push({});\r\n<\/script><\/div><\/div>","protected":false},"excerpt":{"rendered":"<p>Unato\u010d raku, gubitku oka, pet infarkta i tri mo\u017edana udara, 75-godi\u0161nji Mirko Hodak iz Rokovaca \u017eivi mirno, dan po dan, u elektri\u010dnim kolicima. U malim rutinama i obiteljskom zajedni\u0161tvu pronalazi snagu i smisao, pokazuju\u0107i kako otpornost i optimizam mogu nadja\u010dati \u017eivotne udarce.<\/p>\n","protected":false},"author":15,"featured_media":135348,"comment_status":"closed","ping_status":"closed","sticky":false,"template":"","format":"standard","meta":{"footnotes":""},"categories":[2],"tags":[4680,41,3557],"class_list":["post-135236","post","type-post","status-publish","format-standard","has-post-thumbnail","hentry","category-mozaik","tag-mirko-hodak","tag-optimizam","tag-rak"],"_links":{"self":[{"href":"https:\/\/www.mojevrijeme.hr\/magazin\/wp-json\/wp\/v2\/posts\/135236","targetHints":{"allow":["GET"]}}],"collection":[{"href":"https:\/\/www.mojevrijeme.hr\/magazin\/wp-json\/wp\/v2\/posts"}],"about":[{"href":"https:\/\/www.mojevrijeme.hr\/magazin\/wp-json\/wp\/v2\/types\/post"}],"author":[{"embeddable":true,"href":"https:\/\/www.mojevrijeme.hr\/magazin\/wp-json\/wp\/v2\/users\/15"}],"replies":[{"embeddable":true,"href":"https:\/\/www.mojevrijeme.hr\/magazin\/wp-json\/wp\/v2\/comments?post=135236"}],"version-history":[{"count":10,"href":"https:\/\/www.mojevrijeme.hr\/magazin\/wp-json\/wp\/v2\/posts\/135236\/revisions"}],"predecessor-version":[{"id":135351,"href":"https:\/\/www.mojevrijeme.hr\/magazin\/wp-json\/wp\/v2\/posts\/135236\/revisions\/135351"}],"wp:featuredmedia":[{"embeddable":true,"href":"https:\/\/www.mojevrijeme.hr\/magazin\/wp-json\/wp\/v2\/media\/135348"}],"wp:attachment":[{"href":"https:\/\/www.mojevrijeme.hr\/magazin\/wp-json\/wp\/v2\/media?parent=135236"}],"wp:term":[{"taxonomy":"category","embeddable":true,"href":"https:\/\/www.mojevrijeme.hr\/magazin\/wp-json\/wp\/v2\/categories?post=135236"},{"taxonomy":"post_tag","embeddable":true,"href":"https:\/\/www.mojevrijeme.hr\/magazin\/wp-json\/wp\/v2\/tags?post=135236"}],"curies":[{"name":"wp","href":"https:\/\/api.w.org\/{rel}","templated":true}]}}