{"id":135250,"date":"2025-05-14T09:30:01","date_gmt":"2025-05-14T07:30:01","guid":{"rendered":"https:\/\/www.mojevrijeme.hr\/magazin\/?p=135250"},"modified":"2025-05-14T10:07:15","modified_gmt":"2025-05-14T08:07:15","slug":"rok-za-isplatu-13-penzije-je-odreden-ali-bez-jamstva-kolika-ce-biti","status":"publish","type":"post","link":"https:\/\/www.mojevrijeme.hr\/magazin\/2025\/05\/rok-za-isplatu-13-penzije-je-odreden-ali-bez-jamstva-kolika-ce-biti\/","title":{"rendered":"Rok za isplatu 13. penzije je odre\u0111en, no umirovljenici nisu zadovoljni"},"content":{"rendered":"\n<p>Nova mirovinska reforma, \u010diji je nacrt Zakona o mirovinskom osiguranju (ZOMO) nedavno bio u javnom savjetovanju, uvodi godi\u0161nji dodatak na mirovinu, a kojeg kolokvijalno zovemo i trinaestom mirovinom.<\/p>\n\n\n\n<p>Rije\u010d je o ispunjenju vi\u0161egodi\u0161njih tra\u017eenja umirovljeni\u010dkih udruga, a po uzoru na brojne dr\u017eave Europske unije. Ideja, zaista, zvu\u010di obe\u0107avaju\u0107e, no umirovljenici nisu zadovoljni. Prema porukama koje dobivamo od na\u0161ih \u010ditatelja, iako je predvi\u0111ena zakonska procedura jasna, a rok za provedbu mirovinske reforme relativno kratak, umirovljenici \u017eele 13. mirovinu &#8220;odmah i sada&#8221; i to u visini svoje redovne mirovine.<\/p>\n\n\n\n<h3 class=\"wp-block-heading\">\u0160to ka\u017ee prijedlog Zakona?<\/h3>\n\n\n\n<p>Zakonodavac je pak jasno definirao u \u010dlanku 92. novog ZOMO-a isplatu godi\u0161njeg dodatka, i rok isplate i na\u010din obra\u010duna. Tako u stavku 2. pi\u0161e da se visina godi\u0161njeg dodatka na mirovinu odre\u0111uje kao umno\u017eak punih godina mirovinskog sta\u017ea za odre\u0111ivanje mirovine u hrvatskom mirovinskom osiguranju i vrijednosti godi\u0161njeg dodatka utvr\u0111ene za jednu godinu mirovinskog sta\u017ea.<\/p><div id=\"mojev-2178602892\" class=\"mojev-u-tekstu mojev-entity-placement\" style=\"margin-left: auto;margin-right: auto;text-align: center;\"><div class=\"mojev-adlabel\">oglas<\/div><div style=\"height: 250px;\"><script async src=\"https:\/\/pagead2.googlesyndication.com\/pagead\/js\/adsbygoogle.js?client=ca-pub-8106111766207173\"\r\n     crossorigin=\"anonymous\"><\/script>\r\n<!-- Prikazni 1 u tekstu -->\r\n<ins class=\"adsbygoogle\"\r\n     style=\"display:block\"\r\n     data-ad-client=\"ca-pub-8106111766207173\"\r\n     data-ad-slot=\"8535551207\"\r\n     data-ad-format=\"auto\"\r\n     data-full-width-responsive=\"true\"><\/ins>\r\n<script>\r\n     (adsbygoogle = window.adsbygoogle || []).push({});\r\n<\/script><\/div><\/div><br style=\"clear: both; display: block; float: none;\"\/>\n\n\n\n<p>Stavak 4. ka\u017ee da Odluku o vrijednosti godi\u0161njeg dodatka za jednu godinu mirovinskoga sta\u017ea donosi Vlada Republike Hrvatske najkasnije do 31. listopada svake kalendarske godine. Stavak 5. navodi da Hrvatski zavod za mirovinsko osiguranje godi\u0161nji dodatak na mirovinu ispla\u0107uje u prosincu, bez dono\u0161enja rje\u0161enja.<\/p>\n\n\n\n<h3 class=\"wp-block-heading\">\u0160to to to\u010dno zna\u010di za umirovljenike?<\/h3>\n\n\n\n<p>U praksi to zna\u010di da visina ovog dodatka, koji \u0107e biti svojevrsna bo\u017ei\u0107nica, ovisi isklju\u010divo o rebalansu prora\u010duna i bud\u017eetskim mogu\u0107nostima u teku\u0107oj godini. To za umirovljenike mo\u017ee biti dobro u dobrim godinama, a lo\u0161e u onim mr\u0161avima.<\/p>\n\n\n\n<p>Podsjetimo, Sindikat umirovljenika Hrvatske (SUH) tra\u017eio je uvo\u0111enje 13. mirovine kako bi se zakonski zacementirali jednokratni dodaci koje je Vlada RH ispla\u0107ivala u skoro desetak navrata te kako ti dodaci ne bi ovisili o volji vladaju\u0107ih. No kako stvari stoje, visina 13. mirovine ovisit \u0107e upravo o politi\u010dkoj volji vladaju\u0107ih, budu\u0107i da se vrijednost godine sta\u017ea ne ve\u017ee ni uz kakav postoje\u0107i financijski parametar. Umirovljenici tako do kraja godine ne\u0107e znati koliko \u0107e dobiti.<\/p>\n\n\n\n<h3 class=\"wp-block-heading\">\u0160to umirovljenici tra\u017ee?<\/h3>\n\n\n\n<p>Na ovaj je \u010dlanak podneseno ukupno devet komentara u savjetovanju sa zainteresiranom javno\u0161\u0107u, uklju\u010duju\u0107i i onaj nedavno preminulog analiti\u010dara mirovinskog sustava \u017deljka \u0160empera. &#8220;Vlada RH se odlu\u010dila da na\u0161a 13. mirovina bude mizerija od \u010detvrtine prosje\u010dne hrvatske mirovine&#8221;, napisao je \u0160emper nezadovoljan prvim informacijama prema kojima bi se godine sta\u017ea mno\u017eile s pet eura. &#8220;To bi na prosje\u010dan sta\u017e iznosilo 155 eura. To \u0107e na kraju sigurno biti najni\u017ei iznos takozvane 13. mirovine u EU&#8221;, naveo je \u0160emper.<\/p>\n\n\n\n<p>\u0160emper je predlo\u017eio pravedniji model: kombinaciju godina sta\u017ea i iznosa osobne mirovine. U njegovom prijedlogu dodatak bi se ra\u010dunao kao umno\u017eak godina sta\u017ea i polovine aktualne vrijednosti mirovine (AVM) uz dodatak od 25 posto osobne mirovine. Takvim izra\u010dunom do\u0161lo bi se do 353 eura dodatka za prosje\u010dnog umirovljenika.<\/p>\n\n\n\n<p>Sindikat umirovljenika Hrvatske (SUH) predla\u017ee da se dodatak fiksno ve\u017ee uz aktualnu vrijednost mirovine, \u010dime bi iznos rastao sukladno cijenama i pla\u0107ama. &#8220;S trenutnom vrijednosti AVM od 13,57 eura i prosje\u010dnim sta\u017eom od 32 godine, prosje\u010dnom umirovljeniku krajem 2025. godine ispla\u0107eno bi bilo oko 430 eura, \u0161to je i dalje puno manji iznos od jedne prosje\u010dne hrvatske mirovine&#8221;, naveli su iz SUH-a. Pravobranitelj za osobe s invaliditetom pak predla\u017ee da dodatak iznosi barem prosje\u010dnu mirovinu.<\/p>\n<div id=\"mojev-2842792262\" class=\"mojev-kraj-teksta mojev-entity-placement\" style=\"margin-bottom: 20px;margin-left: auto;margin-right: auto;text-align: center;\"><div class=\"mojev-adlabel\">oglas<\/div><div style=\"height: 250px;\"><script async src=\"https:\/\/pagead2.googlesyndication.com\/pagead\/js\/adsbygoogle.js?client=ca-pub-8106111766207173\"\r\n     crossorigin=\"anonymous\"><\/script>\r\n<!-- Display-1 -->\r\n<ins class=\"adsbygoogle\"\r\n     style=\"display:block\"\r\n     data-ad-client=\"ca-pub-8106111766207173\"\r\n     data-ad-slot=\"1465712950\"\r\n     data-ad-format=\"auto\"\r\n     data-full-width-responsive=\"true\"><\/ins>\r\n<script>\r\n     (adsbygoogle = window.adsbygoogle || []).push({});\r\n<\/script><\/div><\/div>","protected":false},"excerpt":{"rendered":"<p>Takozvana trinaesta mirovina bit \u0107e obra\u010dunata prema godinama sta\u017ea, no njezina visina ne\u0107e biti zajam\u010dena, ve\u0107 \u0107e ovisiti o odluci Vlade. Iako predstavlja ispunjenje starog zahtjeva umirovljeni\u010dkih udruga, mnogi upozoravaju da je iznos prenizak i politi\u010dki uvjetovan.<\/p>\n","protected":false},"author":10,"featured_media":135277,"comment_status":"closed","ping_status":"closed","sticky":false,"template":"","format":"standard","meta":{"footnotes":""},"categories":[9],"tags":[3398,1116,3706],"class_list":["post-135250","post","type-post","status-publish","format-standard","has-post-thumbnail","hentry","category-vijesti","tag-13-mirovina","tag-mirovinska-reforma","tag-zeljko-semper"],"_links":{"self":[{"href":"https:\/\/www.mojevrijeme.hr\/magazin\/wp-json\/wp\/v2\/posts\/135250","targetHints":{"allow":["GET"]}}],"collection":[{"href":"https:\/\/www.mojevrijeme.hr\/magazin\/wp-json\/wp\/v2\/posts"}],"about":[{"href":"https:\/\/www.mojevrijeme.hr\/magazin\/wp-json\/wp\/v2\/types\/post"}],"author":[{"embeddable":true,"href":"https:\/\/www.mojevrijeme.hr\/magazin\/wp-json\/wp\/v2\/users\/10"}],"replies":[{"embeddable":true,"href":"https:\/\/www.mojevrijeme.hr\/magazin\/wp-json\/wp\/v2\/comments?post=135250"}],"version-history":[{"count":21,"href":"https:\/\/www.mojevrijeme.hr\/magazin\/wp-json\/wp\/v2\/posts\/135250\/revisions"}],"predecessor-version":[{"id":135300,"href":"https:\/\/www.mojevrijeme.hr\/magazin\/wp-json\/wp\/v2\/posts\/135250\/revisions\/135300"}],"wp:featuredmedia":[{"embeddable":true,"href":"https:\/\/www.mojevrijeme.hr\/magazin\/wp-json\/wp\/v2\/media\/135277"}],"wp:attachment":[{"href":"https:\/\/www.mojevrijeme.hr\/magazin\/wp-json\/wp\/v2\/media?parent=135250"}],"wp:term":[{"taxonomy":"category","embeddable":true,"href":"https:\/\/www.mojevrijeme.hr\/magazin\/wp-json\/wp\/v2\/categories?post=135250"},{"taxonomy":"post_tag","embeddable":true,"href":"https:\/\/www.mojevrijeme.hr\/magazin\/wp-json\/wp\/v2\/tags?post=135250"}],"curies":[{"name":"wp","href":"https:\/\/api.w.org\/{rel}","templated":true}]}}