{"id":135529,"date":"2025-05-19T20:16:18","date_gmt":"2025-05-19T18:16:18","guid":{"rendered":"https:\/\/www.mojevrijeme.hr\/magazin\/?p=135529"},"modified":"2025-05-19T20:16:19","modified_gmt":"2025-05-19T18:16:19","slug":"na-bakin-90-rodendan-10-unuka-se-pojavilo-u-njezinoj-odjeci","status":"publish","type":"post","link":"https:\/\/www.mojevrijeme.hr\/magazin\/2025\/05\/na-bakin-90-rodendan-10-unuka-se-pojavilo-u-njezinoj-odjeci\/","title":{"rendered":"Na bakin 90. ro\u0111endan, 10 unuka se pojavilo u njezinoj odje\u0107i"},"content":{"rendered":"\n<p>\u010cvrsta ameri\u010dka obitelj prona\u0161la je poseban na\u010din kako \u0107e razveseliti svoju najstariju \u010dlanicu &#8211; suprugu, mamu, baku, i prabaku Nancy na njezin 90. ro\u0111endan. &#8220;Moji baka i djed imaju tri k\u0107eri, a moja mama je najmla\u0111a. Njene sestre imaju po \u010detiri k\u0107eri, a ja imam jo\u0161 sestru i brata. Dakle, ukupno nas je 11 unu\u010dadi, od toga 10 unuka i jedan unuk&#8221;, za <em><a href=\"https:\/\/people.com\/grandkids-dress-up-as-grandma-in-her-clothes-90th-birthday-exclusive-11720087\" target=\"_blank\" rel=\"noreferrer noopener\">People<\/a> <\/em>je obiteljsku matematiku otkrila unuka Olivia.<\/p>\n\n\n\n<p>Isti\u010de da se cijela obitelj okuplja \u010desto, uvijek bude prigoda za slavlje. &#8220;Baka i djed se svim silama trude da ostanemo povezani. Poku\u0161avamo od svega napraviti prigodu za fe\u0161tu, \u0161to je zabavno. Kad je do\u0161ao red na proslavu bakinog 90. ro\u0111endana, znali smo da je \u017eelimo ba\u0161 posebno iznenaditi. Ipak je ona stup ove obitelji, sredi\u0161te svih zbivanja&#8221;, dodaje Olivia.<\/p>\n\n\n\n<h3 class=\"wp-block-heading\">Top odje\u0107a i nakit<\/h3>\n\n\n\n<p>Baka je, opisuje unuka, posebna i po tome \u0161to je tijekom \u017eivota iznimno njegovala modni izri\u010daj. &#8220;Mislile smo \u0107e joj biti jako smije\u0161no ako je iznenadimo i odjenemo se kao ona. Imamo hrpu njezine odje\u0107e i nakita pa nije moglo i\u0107i jednostavnije, osim \u0161to smo morale kriomice pretra\u017eiti njezin ormar i izabrati svoje favorite za tu prigodu. No, baka i djed su nedavno selili pa nije bio problem uzeti stvari na na\u010din da ne primijeti&#8221;, ka\u017ee.<\/p><div id=\"mojev-4057429313\" class=\"mojev-u-tekstu mojev-entity-placement\" style=\"margin-left: auto;margin-right: auto;text-align: center;\"><div class=\"mojev-adlabel\">oglas<\/div><div style=\"height: 250px;\"><script async src=\"https:\/\/pagead2.googlesyndication.com\/pagead\/js\/adsbygoogle.js?client=ca-pub-8106111766207173\"\r\n     crossorigin=\"anonymous\"><\/script>\r\n<!-- Prikazni 1 u tekstu -->\r\n<ins class=\"adsbygoogle\"\r\n     style=\"display:block\"\r\n     data-ad-client=\"ca-pub-8106111766207173\"\r\n     data-ad-slot=\"8535551207\"\r\n     data-ad-format=\"auto\"\r\n     data-full-width-responsive=\"true\"><\/ins>\r\n<script>\r\n     (adsbygoogle = window.adsbygoogle || []).push({});\r\n<\/script><\/div><\/div><br style=\"clear: both; display: block; float: none;\"\/>\n\n\n\n<p>&#8220;Poigrale smo se s onim \u0161to je ostalo od bakine odje\u0107e iz njenih modnih dana, a ako nismo mogle prona\u0107i sve za kompletan <em>stajling<\/em>, dodale smo i ne\u0161to svoje, jer dobro poznajemo bakin stil i znamo \u0161to se uz to sla\u017ee. Obo\u017eava animal print, oduvijek ga je voljela, pa nam je bilo lako kombinirati njezine komade sa svojima prema onome \u0161to znamo o njezinom stilu&#8221;, obja\u0161njava unuka.<\/p>\n\n\n\n<figure class=\"wp-block-image size-large\"><img loading=\"lazy\" decoding=\"async\" width=\"740\" height=\"444\" src=\"https:\/\/www.mojevrijeme.hr\/magazin\/wp-content\/uploads\/2025\/05\/baka2-740x444.jpg\" alt=\"\" class=\"wp-image-135574\" srcset=\"https:\/\/www.mojevrijeme.hr\/magazin\/wp-content\/uploads\/2025\/05\/baka2-740x444.jpg 740w, https:\/\/www.mojevrijeme.hr\/magazin\/wp-content\/uploads\/2025\/05\/baka2-636x382.jpg 636w, https:\/\/www.mojevrijeme.hr\/magazin\/wp-content\/uploads\/2025\/05\/baka2-768x461.jpg 768w, https:\/\/www.mojevrijeme.hr\/magazin\/wp-content\/uploads\/2025\/05\/baka2-1536x922.jpg 1536w, https:\/\/www.mojevrijeme.hr\/magazin\/wp-content\/uploads\/2025\/05\/baka2-1500x900.jpg 1500w, https:\/\/www.mojevrijeme.hr\/magazin\/wp-content\/uploads\/2025\/05\/baka2-1600x960.jpg 1600w, https:\/\/www.mojevrijeme.hr\/magazin\/wp-content\/uploads\/2025\/05\/baka2-590x354.jpg 590w, https:\/\/www.mojevrijeme.hr\/magazin\/wp-content\/uploads\/2025\/05\/baka2-400x240.jpg 400w, https:\/\/www.mojevrijeme.hr\/magazin\/wp-content\/uploads\/2025\/05\/baka2.jpg 2000w\" sizes=\"auto, (max-width: 740px) 100vw, 740px\" \/><figcaption class=\"wp-element-caption\">scr: Tik Tok<\/figcaption><\/figure>\n\n\n\n<h3 class=\"wp-block-heading\">Upe\u010datljiv stil<\/h3>\n\n\n\n<p>Baka je, slo\u017eile su se unuke, imala stil kojem su se divile u djetinjstvu. &#8220;Oduvijek se voljela dotjerivati i prona\u0107i razlog za to. Najpoznatija je po svojim kompletima i naj\u010de\u0161\u0107e je nosila prekrasne dvodijelne kombinacije koje je uskla\u0111ivala po bojama. \u010cesto bi stavila crveni ru\u017e ili neki zabavan <em>make-up<\/em>. Uvijek je imala sre\u0111enu kosu i sjajan nakit. Bila je ve\u0107a od \u017eivota, zaista.&#8221;<\/p>\n\n\n\n<p>Kad je do\u0161ao trenutak velikog otkri\u0107a, Olivia ka\u017ee da baka u prvi mah nije shvatila \u0161to se doga\u0111a. &#8220;Uvijek je voljela dobru zabavu. Mi smo napravile posve razli\u010dite kombinacije, a mislim da joj ni\u0161ta nije bilo jasno sve dok nas \u010detiri, pet nismo bile na okupu. A onda su dolazile i ostale unuke u razli\u010ditim njenim <em>stajlinzima <\/em>i to je bilo urnebesno&#8221;, obja\u0161njava Olivia.<\/p>\n\n\n\n<h3 class=\"wp-block-heading\">Bakin utjecaj na unuke<\/h3>\n\n\n\n<p>&#8220;U jednom trenutku baka je uzviknula da i ona ima takvu ko\u0161ulju. Nije znala da je to stvarno njezina, pa smo joj rekle. Sve joj je kliknulo tek kada su se pojavile unuke koje su nosile perike&#8221;, ispri\u010dale su. Video s tog posebnog dana postao je viralan i na <em><a href=\"https:\/\/www.tiktok.com\/@livskelley\/video\/7466916710034066731?_r=1&amp;_t=ZP-8ulzP9hVaDG\" target=\"_blank\" rel=\"noreferrer noopener\">TikToku<\/a><\/em>.<\/p>\n\n\n\n<figure class=\"wp-block-image size-large\"><img loading=\"lazy\" decoding=\"async\" width=\"740\" height=\"444\" src=\"https:\/\/www.mojevrijeme.hr\/magazin\/wp-content\/uploads\/2025\/05\/baka3-740x444.jpg\" alt=\"\" class=\"wp-image-135573\" srcset=\"https:\/\/www.mojevrijeme.hr\/magazin\/wp-content\/uploads\/2025\/05\/baka3-740x444.jpg 740w, https:\/\/www.mojevrijeme.hr\/magazin\/wp-content\/uploads\/2025\/05\/baka3-636x382.jpg 636w, https:\/\/www.mojevrijeme.hr\/magazin\/wp-content\/uploads\/2025\/05\/baka3-768x461.jpg 768w, https:\/\/www.mojevrijeme.hr\/magazin\/wp-content\/uploads\/2025\/05\/baka3-1536x922.jpg 1536w, https:\/\/www.mojevrijeme.hr\/magazin\/wp-content\/uploads\/2025\/05\/baka3-1500x900.jpg 1500w, https:\/\/www.mojevrijeme.hr\/magazin\/wp-content\/uploads\/2025\/05\/baka3-1600x960.jpg 1600w, https:\/\/www.mojevrijeme.hr\/magazin\/wp-content\/uploads\/2025\/05\/baka3-590x354.jpg 590w, https:\/\/www.mojevrijeme.hr\/magazin\/wp-content\/uploads\/2025\/05\/baka3-400x240.jpg 400w, https:\/\/www.mojevrijeme.hr\/magazin\/wp-content\/uploads\/2025\/05\/baka3.jpg 2000w\" sizes=\"auto, (max-width: 740px) 100vw, 740px\" \/><figcaption class=\"wp-element-caption\">scr: Tik Tok<\/figcaption><\/figure>\n\n\n\n<p>&#8220;Mislim da je baki poput na\u0161e te\u0161ko pokazati ili re\u0107i koliko nam zna\u010di, a ovo je bio izvrstan na\u010din da joj poka\u017eemo koliki je utjecaj imala na nas, ne samo u modnom smislu, nego i kako je do\u017eivljavamo. Mislim da je to \u0161to smo se odjenule poput nje za nju bio najbolji kompliment. Bilo je dirljivo omogu\u0107iti joj pogled devet desetlje\u0107a unatrag i pokazati joj da se sav trud i energija koje je ulo\u017eila u sebe doista isplatili&#8221;, ka\u017eu unuke.<\/p>\n<div id=\"mojev-200439018\" class=\"mojev-kraj-teksta mojev-entity-placement\" style=\"margin-bottom: 20px;margin-left: auto;margin-right: auto;text-align: center;\"><div class=\"mojev-adlabel\">oglas<\/div><div style=\"height: 250px;\"><script async src=\"https:\/\/pagead2.googlesyndication.com\/pagead\/js\/adsbygoogle.js?client=ca-pub-8106111766207173\"\r\n     crossorigin=\"anonymous\"><\/script>\r\n<!-- Display-1 -->\r\n<ins class=\"adsbygoogle\"\r\n     style=\"display:block\"\r\n     data-ad-client=\"ca-pub-8106111766207173\"\r\n     data-ad-slot=\"1465712950\"\r\n     data-ad-format=\"auto\"\r\n     data-full-width-responsive=\"true\"><\/ins>\r\n<script>\r\n     (adsbygoogle = window.adsbygoogle || []).push({});\r\n<\/script><\/div><\/div>","protected":false},"excerpt":{"rendered":"<p>Unuke gospo\u0111e Nancy Foppiano smislile su otka\u010den na\u010din kako proslaviti bakin 90. ro\u0111endan. Na jedan su dan zavirile u njezin ormar, odabrale omiljene komade i kopirale njezin prepoznatljiv stil kako bi joj odale po\u010dast. Baka o svemu nije znala ni\u0161ta, pa nije nedostajalo ni suza radosnica.<\/p>\n","protected":false},"author":17,"featured_media":135575,"comment_status":"closed","ping_status":"closed","sticky":false,"template":"","format":"standard","meta":{"footnotes":""},"categories":[2],"tags":[3549,38],"class_list":["post-135529","post","type-post","status-publish","format-standard","has-post-thumbnail","hentry","category-mozaik","tag-bake-i-unuci","tag-rodendan"],"_links":{"self":[{"href":"https:\/\/www.mojevrijeme.hr\/magazin\/wp-json\/wp\/v2\/posts\/135529","targetHints":{"allow":["GET"]}}],"collection":[{"href":"https:\/\/www.mojevrijeme.hr\/magazin\/wp-json\/wp\/v2\/posts"}],"about":[{"href":"https:\/\/www.mojevrijeme.hr\/magazin\/wp-json\/wp\/v2\/types\/post"}],"author":[{"embeddable":true,"href":"https:\/\/www.mojevrijeme.hr\/magazin\/wp-json\/wp\/v2\/users\/17"}],"replies":[{"embeddable":true,"href":"https:\/\/www.mojevrijeme.hr\/magazin\/wp-json\/wp\/v2\/comments?post=135529"}],"version-history":[{"count":7,"href":"https:\/\/www.mojevrijeme.hr\/magazin\/wp-json\/wp\/v2\/posts\/135529\/revisions"}],"predecessor-version":[{"id":135577,"href":"https:\/\/www.mojevrijeme.hr\/magazin\/wp-json\/wp\/v2\/posts\/135529\/revisions\/135577"}],"wp:featuredmedia":[{"embeddable":true,"href":"https:\/\/www.mojevrijeme.hr\/magazin\/wp-json\/wp\/v2\/media\/135575"}],"wp:attachment":[{"href":"https:\/\/www.mojevrijeme.hr\/magazin\/wp-json\/wp\/v2\/media?parent=135529"}],"wp:term":[{"taxonomy":"category","embeddable":true,"href":"https:\/\/www.mojevrijeme.hr\/magazin\/wp-json\/wp\/v2\/categories?post=135529"},{"taxonomy":"post_tag","embeddable":true,"href":"https:\/\/www.mojevrijeme.hr\/magazin\/wp-json\/wp\/v2\/tags?post=135529"}],"curies":[{"name":"wp","href":"https:\/\/api.w.org\/{rel}","templated":true}]}}