{"id":135578,"date":"2025-05-20T00:58:37","date_gmt":"2025-05-19T22:58:37","guid":{"rendered":"https:\/\/www.mojevrijeme.hr\/magazin\/?p=135578"},"modified":"2025-05-20T01:21:05","modified_gmt":"2025-05-19T23:21:05","slug":"mogu-li-se-spontano-u-vrtu-krizati-krastavci-tikve-lubenice-i-dinje","status":"publish","type":"post","link":"https:\/\/www.mojevrijeme.hr\/magazin\/2025\/05\/mogu-li-se-spontano-u-vrtu-krizati-krastavci-tikve-lubenice-i-dinje\/","title":{"rendered":"Mogu li se spontano u vrtu kri\u017eati krastavci, tikve, lubenice i dinje?"},"content":{"rendered":"\n<p>Svake godine vrtlari u grupama na dru\u0161tvenim mre\u017eama postavljaju isto pitanje: mogu li se me\u0111usobno spontano kri\u017eati vrtne vrste iz porodice tikvenja\u010da <em>(Cucurbitaceae)<\/em>; krastavci, tikve, lubenice i dinje? Dapa\u010de, mnogi \u0107e posvjedo\u010diti da im se ba\u0161 to dogodilo i da su dobili neobi\u010dne plodove.<\/p>\n\n\n\n<p>No agronomi odbacuju tu mogu\u0107nost. Ve\u0107ina biljki me\u0111usobno se ne mogu kri\u017eati jer bi za to trebale pripadati istoj vrsti. A \u010dak i da se radi o istoj vrsti, kri\u017eanje, osim u nekim iznimkama, ne bi utjecalo na plodove koje biljka daje te godine. <\/p>\n\n\n\n<p>Rezultati kri\u017eanja bili bi vidljivi idu\u0107e sezone kada bi iz ovogodi\u0161njeg sjemena niknule nove biljke. Tada se mogu pojaviti \u010dudni, neo\u010dekivani oblici i okusi, ali, ponavljamo, rije\u010d je o kri\u017eanju unutar iste vrste. <\/p><div id=\"mojev-1173654553\" class=\"mojev-u-tekstu mojev-entity-placement\" style=\"margin-left: auto;margin-right: auto;text-align: center;\"><div class=\"mojev-adlabel\">oglas<\/div><div style=\"height: 250px;\"><script async src=\"https:\/\/pagead2.googlesyndication.com\/pagead\/js\/adsbygoogle.js?client=ca-pub-8106111766207173\"\r\n     crossorigin=\"anonymous\"><\/script>\r\n<!-- Prikazni 1 u tekstu -->\r\n<ins class=\"adsbygoogle\"\r\n     style=\"display:block\"\r\n     data-ad-client=\"ca-pub-8106111766207173\"\r\n     data-ad-slot=\"8535551207\"\r\n     data-ad-format=\"auto\"\r\n     data-full-width-responsive=\"true\"><\/ins>\r\n<script>\r\n     (adsbygoogle = window.adsbygoogle || []).push({});\r\n<\/script><\/div><\/div><br style=\"clear: both; display: block; float: none;\"\/>\n\n\n\n<p>Konkretno, lubenice i tikve pripadaju razli\u010ditim vrstama i zato se one uop\u0107e ne mogu kri\u017eati. Me\u0111utim, tikva (<em>Cucurbita pepo<\/em>) ima bezbroj sorti i varijeteta i oni se mogu kri\u017eati, budu\u0107i da je rije\u010d o istoj vrsti, ma koliko se razlikovale u rastu, obliku i boji ploda. Tako se mogu pojaviti kri\u017eanci izme\u0111u tikvica, dekorativnih bundeva i nekih vrsta bu\u010da.<\/p>\n\n\n\n<p>Kri\u017eanje je mogu\u0107e i me\u0111u raznim vrstama dinja koje sve pripadaju vrsti <em>Cucumis melo<\/em> ili lubenica koje pripadaju vrsti <em>Citrullus lanatus<\/em>. Tako se mogu kri\u017eati \u017eute i mre\u017easte dinje, ali se ne mogu kri\u017eati dinje i lubenice.<\/p>\n\n\n\n<p>Ukratko; kri\u017eanje me\u0111u razli\u010ditim vrstama, poput krastavca <em>(Cucumis sativus)<\/em> i bundeve, nije mogu\u0107e. A ako ne skupljate vlastito sjeme, nemate razloga za brigu ni kod sorti iste vrste koje se mogu kri\u017eati.<\/p>\n\n\n<i>Na\u0161a rubrika <strong>Vrt<\/strong> ima svoju Facebook grupu. Pridru\u017eite se ljubiteljima vrtlarstva, pohvalite se uspjesima, pitajte stru\u010dnjake, razmijenite savjete i inspirirajte se. <a style=\"text-decoration: none; font-weight: bold;\" href=\"https:\/\/www.facebook.com\/groups\/635825835756841\" target=\"_blank\" rel=\"noopener noreferrer\">\nKliknite ovdje<\/a> i postanite dio na\u0161e zajednice.<\/i><div id=\"mojev-2962388385\" class=\"mojev-kraj-teksta mojev-entity-placement\" style=\"margin-bottom: 20px;margin-left: auto;margin-right: auto;text-align: center;\"><div class=\"mojev-adlabel\">oglas<\/div><div style=\"height: 250px;\"><script async src=\"https:\/\/pagead2.googlesyndication.com\/pagead\/js\/adsbygoogle.js?client=ca-pub-8106111766207173\"\r\n     crossorigin=\"anonymous\"><\/script>\r\n<!-- Display-1 -->\r\n<ins class=\"adsbygoogle\"\r\n     style=\"display:block\"\r\n     data-ad-client=\"ca-pub-8106111766207173\"\r\n     data-ad-slot=\"1465712950\"\r\n     data-ad-format=\"auto\"\r\n     data-full-width-responsive=\"true\"><\/ins>\r\n<script>\r\n     (adsbygoogle = window.adsbygoogle || []).push({});\r\n<\/script><\/div><\/div>","protected":false},"excerpt":{"rendered":"<p>Vrtlari \u010desto strahuju da \u0107e im se tikve, krastavci i lubenice spontano kri\u017eati u vrtu. Dapa\u010de, mnogi tvrde da im se ba\u0161 to dogodilo. \u0160to ka\u017eu agronomi?<\/p>\n","protected":false},"author":1,"featured_media":135584,"comment_status":"closed","ping_status":"closed","sticky":false,"template":"","format":"standard","meta":{"footnotes":""},"categories":[3497],"tags":[4684,1560,3551,4131,3912,4683],"class_list":["post-135578","post","type-post","status-publish","format-standard","has-post-thumbnail","hentry","category-vrt","tag-dinje","tag-genetika","tag-krastavci","tag-lubenice","tag-povrtnjak","tag-tikvenjace"],"_links":{"self":[{"href":"https:\/\/www.mojevrijeme.hr\/magazin\/wp-json\/wp\/v2\/posts\/135578","targetHints":{"allow":["GET"]}}],"collection":[{"href":"https:\/\/www.mojevrijeme.hr\/magazin\/wp-json\/wp\/v2\/posts"}],"about":[{"href":"https:\/\/www.mojevrijeme.hr\/magazin\/wp-json\/wp\/v2\/types\/post"}],"author":[{"embeddable":true,"href":"https:\/\/www.mojevrijeme.hr\/magazin\/wp-json\/wp\/v2\/users\/1"}],"replies":[{"embeddable":true,"href":"https:\/\/www.mojevrijeme.hr\/magazin\/wp-json\/wp\/v2\/comments?post=135578"}],"version-history":[{"count":4,"href":"https:\/\/www.mojevrijeme.hr\/magazin\/wp-json\/wp\/v2\/posts\/135578\/revisions"}],"predecessor-version":[{"id":135583,"href":"https:\/\/www.mojevrijeme.hr\/magazin\/wp-json\/wp\/v2\/posts\/135578\/revisions\/135583"}],"wp:featuredmedia":[{"embeddable":true,"href":"https:\/\/www.mojevrijeme.hr\/magazin\/wp-json\/wp\/v2\/media\/135584"}],"wp:attachment":[{"href":"https:\/\/www.mojevrijeme.hr\/magazin\/wp-json\/wp\/v2\/media?parent=135578"}],"wp:term":[{"taxonomy":"category","embeddable":true,"href":"https:\/\/www.mojevrijeme.hr\/magazin\/wp-json\/wp\/v2\/categories?post=135578"},{"taxonomy":"post_tag","embeddable":true,"href":"https:\/\/www.mojevrijeme.hr\/magazin\/wp-json\/wp\/v2\/tags?post=135578"}],"curies":[{"name":"wp","href":"https:\/\/api.w.org\/{rel}","templated":true}]}}