{"id":135786,"date":"2025-05-23T14:04:20","date_gmt":"2025-05-23T12:04:20","guid":{"rendered":"https:\/\/www.mojevrijeme.hr\/magazin\/?p=135786"},"modified":"2025-05-23T14:04:21","modified_gmt":"2025-05-23T12:04:21","slug":"danska-dize-dob-za-umirovljenje-postavlja-europski-rekord","status":"publish","type":"post","link":"https:\/\/www.mojevrijeme.hr\/magazin\/2025\/05\/danska-dize-dob-za-umirovljenje-postavlja-europski-rekord\/","title":{"rendered":"Danska di\u017ee dob za umirovljenje, postavlja europski rekord"},"content":{"rendered":"\n<p>Danski parlament usvojio je zakon prema kojem \u0107e se dob za umirovljenje postupno povisiti na 70 godina do 2040. godine. Time \u0107e Danska postati zemlja s najvi\u0161om zakonskom dobnom granicom za odlazak u mirovinu u Europi.<\/p>\n\n\n\n<p>Otkako je 2006. godine uvedeno pravilo koje vezuje dob za umirovljenje uz o\u010dekivani \u017eivotni vijek, granica se automatski revidira svakih pet godina. Trenutno je postavljena na 67 godina, no planirano je da se podigne na 68 do 2030. godine, na 69 do 2035. godine, a kona\u010dno i na 70 godina do 2040. godine. Ta \u0107e se promjena odnositi na sve osobe ro\u0111ene nakon 31. prosinca 1970. godine.<\/p>\n\n\n\n<p>Zakon je u \u010detvrtak usvojen s 81 glasom za i 21 protiv, unato\u010d prethodnoj izjavi socijaldemokratske premijerke <strong>Mette Frederiksen<\/strong> da njezina stranka vi\u0161e ne smatra da bi se dob za mirovinu trebala automatski pove\u0107avati te da &#8220;nije mogu\u0107e ljude stalno tjerati da rade godinu dulje&#8221;.<\/p><div id=\"mojev-2294146901\" class=\"mojev-u-tekstu mojev-entity-placement\" style=\"margin-left: auto;margin-right: auto;text-align: center;\"><div class=\"mojev-adlabel\">oglas<\/div><div style=\"height: 250px;\"><script async src=\"https:\/\/pagead2.googlesyndication.com\/pagead\/js\/adsbygoogle.js?client=ca-pub-8106111766207173\"\r\n     crossorigin=\"anonymous\"><\/script>\r\n<!-- Prikazni 1 u tekstu -->\r\n<ins class=\"adsbygoogle\"\r\n     style=\"display:block\"\r\n     data-ad-client=\"ca-pub-8106111766207173\"\r\n     data-ad-slot=\"8535551207\"\r\n     data-ad-format=\"auto\"\r\n     data-full-width-responsive=\"true\"><\/ins>\r\n<script>\r\n     (adsbygoogle = window.adsbygoogle || []).push({});\r\n<\/script><\/div><\/div><br style=\"clear: both; display: block; float: none;\"\/>\n\n\n\n<p>Kritike su stigle i s terena. <strong>Tommas Jensen<\/strong>, 47-godi\u0161nji krovopokriva\u010d, rekao je za danske medije da je zakon nerazuman. &#8220;Samo radimo i radimo, ali ne mo\u017eemo vi\u0161e&#8221;, kazao je, nagla\u0161avaju\u0107i kako su fizi\u010dki radnici posebno pogo\u0111eni. &#8220;Cijeli \u017eivot pla\u0107am poreze. Treba ostati i vremena za djecu i unuke.&#8221;<\/p>\n\n\n\n<p>Zbog spomenute reforme u posljednjim su se tjednima u Kopenhagenu odr\u017eavali prosvjedi uz podr\u0161ku sindikata. Predsjednik jedne od sindikalnih sredi\u0161njica, <strong>Jesper Ettrup Rasmussen<\/strong>, izjavio je neposredno prije glasanja da je pove\u0107anje dobi za mirovinu nepravedno.<\/p>\n\n\n\n<p>&#8220;Danska ima zdravo gospodarstvo, a istovremeno i najvi\u0161u dob za umirovljenje u EU. Vi\u0161a dob zna\u010di da \u0107e ljudi izgubiti pravo na dostojanstvenu starost&#8221;, poru\u010dio je.<\/p>\n\n\n\n<p>Mnoge europske vlade pove\u0107ale su dob za umirovljenje kako bi se prilagodile duljem \u017eivotnom vijeku i smanjile prora\u010dunske deficite. Tako je u \u0160vedskoj najranija dob za ostvarivanje mirovine 63 godine, u Italiji je propisana dob 67 (s mogu\u0107im pove\u0107anjem), dok je u Ujedinjenom Kraljevstvu trenutno 66 godina, ali raste za mla\u0111e generacije.<\/p>\n\n\n\n<p>U Francuskoj je 2023. godine kontroverznim zakonom dob pove\u0107ana s 62 na 64 godine, \u0161to je izazvalo masovne prosvjede i nerede. Taj je zakon predsjednik <strong>Emmanuel Macron<\/strong> progurao bez parlamentarnog glasanja.<\/p>\n<div id=\"mojev-2774773543\" class=\"mojev-kraj-teksta mojev-entity-placement\" style=\"margin-bottom: 20px;margin-left: auto;margin-right: auto;text-align: center;\"><div class=\"mojev-adlabel\">oglas<\/div><div style=\"height: 250px;\"><script async src=\"https:\/\/pagead2.googlesyndication.com\/pagead\/js\/adsbygoogle.js?client=ca-pub-8106111766207173\"\r\n     crossorigin=\"anonymous\"><\/script>\r\n<!-- Display-1 -->\r\n<ins class=\"adsbygoogle\"\r\n     style=\"display:block\"\r\n     data-ad-client=\"ca-pub-8106111766207173\"\r\n     data-ad-slot=\"1465712950\"\r\n     data-ad-format=\"auto\"\r\n     data-full-width-responsive=\"true\"><\/ins>\r\n<script>\r\n     (adsbygoogle = window.adsbygoogle || []).push({});\r\n<\/script><\/div><\/div>","protected":false},"excerpt":{"rendered":"<p>Danska \u0107e do 2040. godine imati najvi\u0161u dob za umirovljenje u Europi. Parlament je podr\u017eao zakon koji dodatno ve\u017ee umirovljenje uz o\u010dekivani \u017eivotni vijek.<\/p>\n","protected":false},"author":1,"featured_media":88235,"comment_status":"closed","ping_status":"closed","sticky":false,"template":"","format":"standard","meta":{"footnotes":""},"categories":[9],"tags":[279,2706],"class_list":["post-135786","post","type-post","status-publish","format-standard","has-post-thumbnail","hentry","category-vijesti","tag-danska","tag-dob-za-umirovljenje"],"_links":{"self":[{"href":"https:\/\/www.mojevrijeme.hr\/magazin\/wp-json\/wp\/v2\/posts\/135786","targetHints":{"allow":["GET"]}}],"collection":[{"href":"https:\/\/www.mojevrijeme.hr\/magazin\/wp-json\/wp\/v2\/posts"}],"about":[{"href":"https:\/\/www.mojevrijeme.hr\/magazin\/wp-json\/wp\/v2\/types\/post"}],"author":[{"embeddable":true,"href":"https:\/\/www.mojevrijeme.hr\/magazin\/wp-json\/wp\/v2\/users\/1"}],"replies":[{"embeddable":true,"href":"https:\/\/www.mojevrijeme.hr\/magazin\/wp-json\/wp\/v2\/comments?post=135786"}],"version-history":[{"count":3,"href":"https:\/\/www.mojevrijeme.hr\/magazin\/wp-json\/wp\/v2\/posts\/135786\/revisions"}],"predecessor-version":[{"id":135789,"href":"https:\/\/www.mojevrijeme.hr\/magazin\/wp-json\/wp\/v2\/posts\/135786\/revisions\/135789"}],"wp:featuredmedia":[{"embeddable":true,"href":"https:\/\/www.mojevrijeme.hr\/magazin\/wp-json\/wp\/v2\/media\/88235"}],"wp:attachment":[{"href":"https:\/\/www.mojevrijeme.hr\/magazin\/wp-json\/wp\/v2\/media?parent=135786"}],"wp:term":[{"taxonomy":"category","embeddable":true,"href":"https:\/\/www.mojevrijeme.hr\/magazin\/wp-json\/wp\/v2\/categories?post=135786"},{"taxonomy":"post_tag","embeddable":true,"href":"https:\/\/www.mojevrijeme.hr\/magazin\/wp-json\/wp\/v2\/tags?post=135786"}],"curies":[{"name":"wp","href":"https:\/\/api.w.org\/{rel}","templated":true}]}}