{"id":136055,"date":"2025-05-28T14:55:41","date_gmt":"2025-05-28T12:55:41","guid":{"rendered":"https:\/\/www.mojevrijeme.hr\/magazin\/?p=136055"},"modified":"2025-05-28T14:57:28","modified_gmt":"2025-05-28T12:57:28","slug":"tereza-podrzala-hdz-ovog-kandidata-izadite-na-izbore","status":"publish","type":"post","link":"https:\/\/www.mojevrijeme.hr\/magazin\/2025\/05\/tereza-podrzala-hdz-ovog-kandidata-izadite-na-izbore\/","title":{"rendered":"Tereza podr\u017eala HDZ-ovog kandidata: Iza\u0111ite na izbore!"},"content":{"rendered":"\n<p>Proslavljena hrvatska pjeva\u010dica, <strong>Tereza Kesovija<\/strong> (86), svoju je potporu pred nedjeljne izbore dala HDZ-u. Ova ro\u0111ena Konavljanka pozvala je bira\u010de grada Dubrovnika da glasuju za <strong>Matu Frankovi\u0107a<\/strong> koji \u0107e u nedjelju odmjeriti snage s <strong>Anitom Bona\u010di\u0107 Obradovi\u0107<\/strong> iza koje stoje lijeve stranke SDP i Mo\u017eemo.  <\/p>\n\n\n\n<p>&#8220;Dragi Dubrovkinje i dragi gospari, svi vi koji volite svoj grad koliko ga volim ja i koliko ga voli Mato. Kad netko svoj grad voli, u\u010dinit \u0107e da bude \u0161to bolji i prosperitetniji. Mato voli svoj grad. Zato, molim vas, iza\u0111ite na birali\u0161ta u nedjelju i zaokru\u017eite broj 1 jer Mato Frankovi\u0107 je na\u0161 gradona\u010delnik&#8221;,   pozvala je Tereza u videu koji je Frankovi\u0107 objavio na svojoj stranici Facebooka. <\/p>\n\n\n\n<p>Podsjetimo, nije ovo prvi puta da Tereza iskazuje simpatije prema politi\u010darima najja\u010de hrvatske stranke. Dapa\u010de, svojevremeno se za N1 prisjetila i osniva\u010da HDZ-a Franje Tu\u0111mana \u010diji skriveni \u0161arm nije mogao proma\u0107i njenom izo\u0161trenom oku.<\/p><div id=\"mojev-2618724331\" class=\"mojev-u-tekstu mojev-entity-placement\" style=\"margin-left: auto;margin-right: auto;text-align: center;\"><div class=\"mojev-adlabel\">oglas<\/div><div style=\"height: 250px;\"><script async src=\"https:\/\/pagead2.googlesyndication.com\/pagead\/js\/adsbygoogle.js?client=ca-pub-8106111766207173\"\r\n     crossorigin=\"anonymous\"><\/script>\r\n<!-- Prikazni 1 u tekstu -->\r\n<ins class=\"adsbygoogle\"\r\n     style=\"display:block\"\r\n     data-ad-client=\"ca-pub-8106111766207173\"\r\n     data-ad-slot=\"8535551207\"\r\n     data-ad-format=\"auto\"\r\n     data-full-width-responsive=\"true\"><\/ins>\r\n<script>\r\n     (adsbygoogle = window.adsbygoogle || []).push({});\r\n<\/script><\/div><\/div><br style=\"clear: both; display: block; float: none;\"\/>\n\n\n\n<p>&#8220;Dr.\u00a0Franju Tu\u0111mana\u00a0sam po\u0161tovala kao predsjednika, nismo bili jako bliski. U \u010duvenom vlaku za Knin sam mu pri\u0161la i rekla mu: Gospodine predsjedni\u010de, za\u0161to se malo \u010de\u0161\u0107e ne smijete? A tako ste zgodni kad se smijete. On se vrlo rijetko smijao. Mrgodan \u010dovjek nije simpati\u010dan \u010dovjek. Daj se malo nasmije\u0161i!&#8221; kazala je pjeva\u010dica.<\/p>\n<div id=\"mojev-965092342\" class=\"mojev-kraj-teksta mojev-entity-placement\" style=\"margin-bottom: 20px;margin-left: auto;margin-right: auto;text-align: center;\"><div class=\"mojev-adlabel\">oglas<\/div><div style=\"height: 250px;\"><script async src=\"https:\/\/pagead2.googlesyndication.com\/pagead\/js\/adsbygoogle.js?client=ca-pub-8106111766207173\"\r\n     crossorigin=\"anonymous\"><\/script>\r\n<!-- Display-1 -->\r\n<ins class=\"adsbygoogle\"\r\n     style=\"display:block\"\r\n     data-ad-client=\"ca-pub-8106111766207173\"\r\n     data-ad-slot=\"1465712950\"\r\n     data-ad-format=\"auto\"\r\n     data-full-width-responsive=\"true\"><\/ins>\r\n<script>\r\n     (adsbygoogle = window.adsbygoogle || []).push({});\r\n<\/script><\/div><\/div>","protected":false},"excerpt":{"rendered":"<p>Tereza Kesovija dala je podr\u0161ku HDZ-ovom kandidatu uo\u010di nedjeljnih izbora. U videoporuci pozvala je sugra\u0111ane da glasaju za &#8211; \u010dovjeka koji voli svoj grad.<\/p>\n","protected":false},"author":1,"featured_media":136056,"comment_status":"closed","ping_status":"closed","sticky":false,"template":"","format":"standard","meta":{"footnotes":""},"categories":[9],"tags":[4669,3101,21],"class_list":["post-136055","post","type-post","status-publish","format-standard","has-post-thumbnail","hentry","category-vijesti","tag-lokalni-izbori-2025","tag-mato-frankovic","tag-tereza-kesovija"],"_links":{"self":[{"href":"https:\/\/www.mojevrijeme.hr\/magazin\/wp-json\/wp\/v2\/posts\/136055","targetHints":{"allow":["GET"]}}],"collection":[{"href":"https:\/\/www.mojevrijeme.hr\/magazin\/wp-json\/wp\/v2\/posts"}],"about":[{"href":"https:\/\/www.mojevrijeme.hr\/magazin\/wp-json\/wp\/v2\/types\/post"}],"author":[{"embeddable":true,"href":"https:\/\/www.mojevrijeme.hr\/magazin\/wp-json\/wp\/v2\/users\/1"}],"replies":[{"embeddable":true,"href":"https:\/\/www.mojevrijeme.hr\/magazin\/wp-json\/wp\/v2\/comments?post=136055"}],"version-history":[{"count":3,"href":"https:\/\/www.mojevrijeme.hr\/magazin\/wp-json\/wp\/v2\/posts\/136055\/revisions"}],"predecessor-version":[{"id":136060,"href":"https:\/\/www.mojevrijeme.hr\/magazin\/wp-json\/wp\/v2\/posts\/136055\/revisions\/136060"}],"wp:featuredmedia":[{"embeddable":true,"href":"https:\/\/www.mojevrijeme.hr\/magazin\/wp-json\/wp\/v2\/media\/136056"}],"wp:attachment":[{"href":"https:\/\/www.mojevrijeme.hr\/magazin\/wp-json\/wp\/v2\/media?parent=136055"}],"wp:term":[{"taxonomy":"category","embeddable":true,"href":"https:\/\/www.mojevrijeme.hr\/magazin\/wp-json\/wp\/v2\/categories?post=136055"},{"taxonomy":"post_tag","embeddable":true,"href":"https:\/\/www.mojevrijeme.hr\/magazin\/wp-json\/wp\/v2\/tags?post=136055"}],"curies":[{"name":"wp","href":"https:\/\/api.w.org\/{rel}","templated":true}]}}