{"id":136061,"date":"2025-05-28T17:50:00","date_gmt":"2025-05-28T15:50:00","guid":{"rendered":"https:\/\/www.mojevrijeme.hr\/magazin\/?p=136061"},"modified":"2025-05-28T18:46:27","modified_gmt":"2025-05-28T16:46:27","slug":"draga-ksenija-zbog-zgodnog-zupnika-srljam-u-propast","status":"publish","type":"post","link":"https:\/\/www.mojevrijeme.hr\/magazin\/2025\/05\/draga-ksenija-zbog-zgodnog-zupnika-srljam-u-propast\/","title":{"rendered":"Draga Ksenija: Zbog zgodnog \u017eupnika srljam u propast"},"content":{"rendered":"\n<p><strong>Draga Ksenija<\/strong>, treba mi tvoje iskreno i direktno mi\u0161ljenje. Imam 50 godina i dosta sam aktivna u na\u0161oj \u017eupi. Lani nam je do\u0161ao novi sve\u0107enik. Ugodan je i, da budem ba\u0161 iskrena, vrlo privla\u010dan zreo mu\u0161karac. Sav je nekako intelektualan, a istovremeno <em>frajerast<\/em>. Kad je u civilnoj odje\u0107i, nitko ne bi pomislio da je sve\u0107enik jer djeluje jako svjetovno. <\/p>\n\n\n\n<p>Radimo zajedno na raznim projektima. Shvatila sam da se veselim tim susretima vi\u0161e nego \u0161to bih trebala i smjela. Mislim da se po\u010dinjem zaljubljivati i to me uznemiruje. Udana sam i nemam nikakve namjere mijenjati svoj \u017eivot. Ne \u017eelim osje\u0107aje koji mogu uni\u0161titi moju obitelj. Ne \u017eelim ujutro kad se probudim i nave\u010der kad legnem misliti o njemu.<\/p>\n\n\n\n<p>Trebam li o tome razgovarati s njim? Bi li bilo dobro da se bez obja\u0161njenja povu\u010dem iz \u017eupnih aktivnosti? O svemu razmi\u0161ljam. Stvarno ne \u017eelim probleme. Ako ima\u0161 savjet, rado \u0107u ga \u010duti. <em>Na ku\u0161nji<\/em><\/p><div id=\"mojev-1263680819\" class=\"mojev-u-tekstu mojev-entity-placement\" style=\"margin-left: auto;margin-right: auto;text-align: center;\"><div class=\"mojev-adlabel\">oglas<\/div><div style=\"height: 250px;\"><script async src=\"https:\/\/pagead2.googlesyndication.com\/pagead\/js\/adsbygoogle.js?client=ca-pub-8106111766207173\"\r\n     crossorigin=\"anonymous\"><\/script>\r\n<!-- Prikazni 1 u tekstu -->\r\n<ins class=\"adsbygoogle\"\r\n     style=\"display:block\"\r\n     data-ad-client=\"ca-pub-8106111766207173\"\r\n     data-ad-slot=\"8535551207\"\r\n     data-ad-format=\"auto\"\r\n     data-full-width-responsive=\"true\"><\/ins>\r\n<script>\r\n     (adsbygoogle = window.adsbygoogle || []).push({});\r\n<\/script><\/div><\/div><br style=\"clear: both; display: block; float: none;\"\/>\n\n\n\n<h3 class=\"wp-block-heading\">Leptiri\u0107i ili vatra?<\/h3>\n\n\n\n<p><strong>Draga Na ku\u0161nji<\/strong>, na prvu bih vam rekla: \u010destitam jer jo\u0161 uvijek osje\u0107ate leptiri\u0107e u trbuhu pa makar ih izazivao i sve\u0107enik. Nemojte si ni\u0161ta zamjerati. Vi ste \u017eiva \u017eena, a \u017eivi ljudi ne mogu uvijek kontrolirati svoje osje\u0107aje pa ni nagone. U tome je ljepota \u017eivota, ali i klica nereda koji od \u017eivota mo\u017eemo napraviti.<\/p>\n\n\n\n<p>Razumijem i va\u0161u uznemirenost jer svjesni ste \u0161to biste mogli izgubiti. No, na kraju dana, samo vi mo\u017eete odlu\u010diti ho\u0107ete li se igrati vatrom ili \u0107ete je ugasiti prije nego \u0161to izgorite. Rekla bih, ako se smijem \u0161aliti, da vam je nu\u017ena klauzura.<\/p>\n\n\n\n<p>Mislim da nema smisla optere\u0107ivati ga svojim osje\u0107ajima. Ako to u\u010dinite, vjerojatno \u0107ete se povu\u0107i iz \u017eupnih aktivnosti pa to mo\u017eete u\u010diniti i sami, bez dodatnih komplikacija i obja\u0161njavanja. Ja bih se na va\u0161em mjestu povukla. A ako ba\u0161 \u017eelite, mo\u017eete napraviti i kaos od svog \u017eivota. Navijam za izbjegavanje isku\u0161enja. <em>Ksenija<\/em><\/p>\n\n\n\n<div id=\"crveno\"><\/p>\n\n\n\n<h3 class=\"wp-block-heading\">Pi\u0161ite Kseniji!<\/h3>\n\n\n\n<p>\u017delite li <strong>anonimno<\/strong> postaviti pitanje i posavjetovati se s na\u0161om kolumnisticom i \u017eivotnom savjetnicom Ksenijom Habunek ili samo ispri\u010dati svoju pri\u010du i vi\u0111enje ove teme, mo\u017eete to u\u010diniti putem internetskog obrasca klikom na <a href=\"https:\/\/www.mojevrijeme.hr\/magazin\/draga-ksenija\/\"><strong>ovu poveznicu<\/strong><\/a>.<\/p>\n\n\n\n<p>Ostala pitanja i Ksenijine odgovore potra\u017eite na <a href=\"https:\/\/www.mojevrijeme.hr\/magazin\/category\/povjerljivo\/draga-ksenija\/\"><strong>ovoj poveznici<\/strong><\/a>.<\/p>\n\n\n\n<p><\/div>\n<div id=\"mojev-3372717908\" class=\"mojev-kraj-teksta mojev-entity-placement\" style=\"margin-bottom: 20px;margin-left: auto;margin-right: auto;text-align: center;\"><div class=\"mojev-adlabel\">oglas<\/div><div style=\"height: 250px;\"><script async src=\"https:\/\/pagead2.googlesyndication.com\/pagead\/js\/adsbygoogle.js?client=ca-pub-8106111766207173\"\r\n     crossorigin=\"anonymous\"><\/script>\r\n<!-- Display-1 -->\r\n<ins class=\"adsbygoogle\"\r\n     style=\"display:block\"\r\n     data-ad-client=\"ca-pub-8106111766207173\"\r\n     data-ad-slot=\"1465712950\"\r\n     data-ad-format=\"auto\"\r\n     data-full-width-responsive=\"true\"><\/ins>\r\n<script>\r\n     (adsbygoogle = window.adsbygoogle || []).push({});\r\n<\/script><\/div><\/div>","protected":false},"excerpt":{"rendered":"<p>Zaljubljenost u sve\u0107enika izazvala je krizu u \u017eivotu udane \u017eene. Zbog svega razmi\u0161lja o povla\u010denju iz \u017eupnih aktivnosti. Emocije su neukrotive, a potencijalna cijena previsoka.<\/p>\n","protected":false},"author":11,"featured_media":136065,"comment_status":"closed","ping_status":"closed","sticky":false,"template":"","format":"standard","meta":{"footnotes":""},"categories":[4133],"tags":[358,1824],"class_list":["post-136061","post","type-post","status-publish","format-standard","has-post-thumbnail","hentry","category-draga-ksenija","tag-preljub","tag-svecenici"],"_links":{"self":[{"href":"https:\/\/www.mojevrijeme.hr\/magazin\/wp-json\/wp\/v2\/posts\/136061","targetHints":{"allow":["GET"]}}],"collection":[{"href":"https:\/\/www.mojevrijeme.hr\/magazin\/wp-json\/wp\/v2\/posts"}],"about":[{"href":"https:\/\/www.mojevrijeme.hr\/magazin\/wp-json\/wp\/v2\/types\/post"}],"author":[{"embeddable":true,"href":"https:\/\/www.mojevrijeme.hr\/magazin\/wp-json\/wp\/v2\/users\/11"}],"replies":[{"embeddable":true,"href":"https:\/\/www.mojevrijeme.hr\/magazin\/wp-json\/wp\/v2\/comments?post=136061"}],"version-history":[{"count":9,"href":"https:\/\/www.mojevrijeme.hr\/magazin\/wp-json\/wp\/v2\/posts\/136061\/revisions"}],"predecessor-version":[{"id":136072,"href":"https:\/\/www.mojevrijeme.hr\/magazin\/wp-json\/wp\/v2\/posts\/136061\/revisions\/136072"}],"wp:featuredmedia":[{"embeddable":true,"href":"https:\/\/www.mojevrijeme.hr\/magazin\/wp-json\/wp\/v2\/media\/136065"}],"wp:attachment":[{"href":"https:\/\/www.mojevrijeme.hr\/magazin\/wp-json\/wp\/v2\/media?parent=136061"}],"wp:term":[{"taxonomy":"category","embeddable":true,"href":"https:\/\/www.mojevrijeme.hr\/magazin\/wp-json\/wp\/v2\/categories?post=136061"},{"taxonomy":"post_tag","embeddable":true,"href":"https:\/\/www.mojevrijeme.hr\/magazin\/wp-json\/wp\/v2\/tags?post=136061"}],"curies":[{"name":"wp","href":"https:\/\/api.w.org\/{rel}","templated":true}]}}