{"id":136090,"date":"2025-05-29T12:31:30","date_gmt":"2025-05-29T10:31:30","guid":{"rendered":"https:\/\/www.mojevrijeme.hr\/magazin\/?p=136090"},"modified":"2025-05-29T12:33:48","modified_gmt":"2025-05-29T10:33:48","slug":"zbog-statusa-na-facebooku-gradonacelnik-prijavljuje-gradane-izborna-sutnja","status":"publish","type":"post","link":"https:\/\/www.mojevrijeme.hr\/magazin\/2025\/05\/zbog-statusa-na-facebooku-gradonacelnik-prijavljuje-gradane-izborna-sutnja\/","title":{"rendered":"Zbog statusa na Facebooku gradona\u010delnik prijavljuje gra\u0111ane: Izborna \u0161utnja"},"content":{"rendered":"\n<p>Kada je rije\u010d o izbornoj \u0161utnji, malo je komu jasno \u0161to smiju, a \u0161to ne smiju gra\u0111ani koji na izborima sudjeluju samo kao bira\u010di. Naime, jedna je na\u0161a \u010ditateljica (podaci poznati redakciji) zbog objave na Facebooku primila poziv na o\u010ditovanje lokalnom izbornom povjerenstvu. Prijavio ju je aktualni gradona\u010delnik koji \u0107e fotelju morati braniti u drugom izbornom krugu u nedjelju.<\/p>\n\n\n\n<p>U dopisu koji je zaprimila nalazi se i kopija prijave koju je napisao gradona\u010delnik, kao i snimka njezine objave koju gradona\u010delnik smatra kr\u0161enjem izborne \u0161utnje. Uvjerili smo se, rije\u010d o statusu u kojem na\u0161a \u010ditateljica na svom privatnom profilu na Facebooku, uo\u010di prvog kruga lokalnih izbora, parafrazira slogan gradona\u010delnikove protukandidatkinje.<\/p>\n\n\n\n<p>Gdje je granica izme\u0111u slobode govora i izborne promid\u017ebe? Odnosi li se izborna \u0161utnja i na gra\u0111ane koji nisu uklju\u010deni u izborni proces? Jer, na\u0161a \u010ditateljica nije kandidatkinja za gradona\u010delnicu, ne nalazi se ni na jednoj listi i nije uklju\u010dena u organizaciju izborne kampanje. Unato\u010d tome, zbog statusa na privatnom profilu sada se mora o\u010ditovati, a mo\u017eda \u0107e morati platiti i masnu kaznu.<\/p><div id=\"mojev-1852211580\" class=\"mojev-u-tekstu mojev-entity-placement\" style=\"margin-left: auto;margin-right: auto;text-align: center;\"><div class=\"mojev-adlabel\">oglas<\/div><div style=\"height: 250px;\"><script async src=\"https:\/\/pagead2.googlesyndication.com\/pagead\/js\/adsbygoogle.js?client=ca-pub-8106111766207173\"\r\n     crossorigin=\"anonymous\"><\/script>\r\n<!-- Prikazni 1 u tekstu -->\r\n<ins class=\"adsbygoogle\"\r\n     style=\"display:block\"\r\n     data-ad-client=\"ca-pub-8106111766207173\"\r\n     data-ad-slot=\"8535551207\"\r\n     data-ad-format=\"auto\"\r\n     data-full-width-responsive=\"true\"><\/ins>\r\n<script>\r\n     (adsbygoogle = window.adsbygoogle || []).push({});\r\n<\/script><\/div><\/div><br style=\"clear: both; display: block; float: none;\"\/>\n\n\n\n<h3 class=\"wp-block-heading\">\u0160to ka\u017ee Dr\u017eavno izborno povjerenstvo?<\/h3>\n\n\n\n<p>Dr\u017eavno izborno povjerenstvo u svom je priop\u0107enju za drugi krug lokalnih izbora podsjetilo na stroga pravila \u0161utnje koja vrijede od subote u 00:00 sati do nedjelje u 19:00 sati. <\/p>\n\n\n\n<p>&#8220;Dr\u017eavno izborno povjerenstvo poziva sudionike drugog kruga glasovanja i ponovljenog glasovanja te druge fizi\u010dke i pravne osobe da se u vremenu izborne \u0161utnje suzdr\u017ee od (&#8230;) postavljanja novih promid\u017ebenih sadr\u017eaja poput statusa, video <em>clipova<\/em>, slika ili komentara na dru\u0161tvenim mre\u017eama, odnosno platformama, kao \u0161to su Facebook, Instagram, Google, You Tube, X, TikTok i ostale, a koji se izravno objavljuju na naslovnicama kao novosti ili na privatnim profilima povezanih privatnih korisnika dru\u0161tvenih mre\u017ea.&#8221;<\/p>\n\n\n\n<h3 class=\"wp-block-heading\">Kazne i posljedice<\/h3>\n\n\n\n<p>Prema \u010dlanku 134. Zakona o lokalnim izborima, kazne za kr\u0161enje izborne \u0161utnje nisu simboli\u010dne. Fizi\u010dka osoba mo\u017ee biti ka\u017enjena s <strong>398,17 eura<\/strong>, dok su kazne za kandidate vi\u0161estruko ve\u0107e; od <strong>1.327,23 do 3.981,68 eura<\/strong>. Pravne osobe koje prekr\u0161e \u0161utnju riskiraju kazne od <strong>13.272,28 do 66.361,40 eura<\/strong>, a odgovorne osobe u tim pravnim osobama od <strong>1.327,23 do 3.981,68 eura<\/strong>. S druge strane, zakon koji regulira parlamentarne izbore tako\u0111er propisuje izbornu \u0161utnju, no za njeno kr\u0161enje ne propisuje kazne.<\/p>\n\n\n\n<p>Dakle, pravila igre vrlu su jasna. Ba\u0161 kao i poruke koje ljudi na poziciji mo\u0107i \u0161alju bira\u010dima kada ih prijavljuju izbornim povjerenstvima zbog obi\u010dnih statusa na privatnim Facebook profilima.<\/p>\n\n\n\n<div id=\"crveno\"><\/p>\n\n\n\n<h3 class=\"wp-block-heading\">Zanima nas va\u0161a pri\u010da<\/h3>\n\n\n\n<p>\u017delite li i vi, posve anonimno, podijeliti svoje iskustvo i vi\u0111enje ove teme s nama i na\u0161im \u010ditateljima, mo\u017eete to u\u010diniti putem web obrasca <a rel=\"noreferrer noopener\" href=\"https:\/\/www.mojevrijeme.hr\/magazin\/povjerljivo\/\" target=\"_blank\">Povjerljivo<\/a>. Napi\u0161ite svoju pri\u010du!<\/p>\n\n\n\n<p><\/div>\n<div id=\"mojev-3878955420\" class=\"mojev-kraj-teksta mojev-entity-placement\" style=\"margin-bottom: 20px;margin-left: auto;margin-right: auto;text-align: center;\"><div class=\"mojev-adlabel\">oglas<\/div><div style=\"height: 250px;\"><script async src=\"https:\/\/pagead2.googlesyndication.com\/pagead\/js\/adsbygoogle.js?client=ca-pub-8106111766207173\"\r\n     crossorigin=\"anonymous\"><\/script>\r\n<!-- Display-1 -->\r\n<ins class=\"adsbygoogle\"\r\n     style=\"display:block\"\r\n     data-ad-client=\"ca-pub-8106111766207173\"\r\n     data-ad-slot=\"1465712950\"\r\n     data-ad-format=\"auto\"\r\n     data-full-width-responsive=\"true\"><\/ins>\r\n<script>\r\n     (adsbygoogle = window.adsbygoogle || []).push({});\r\n<\/script><\/div><\/div>","protected":false},"excerpt":{"rendered":"<p>Gra\u0111ani koji nisu dio izbornog procesa mogu se na\u0107i pod istragom zbog navodnog kr\u0161enja izborne \u0161utnje, \u010dak i zbog objava na privatnim profilima na Facebooku. Svjedo\u010di o tomu na\u0161a \u010ditateljica koja je parafrazirala slogan kandidatkinje suprotstavljene aktualnom gradona\u010delniku.<\/p>\n","protected":false},"author":1,"featured_media":136103,"comment_status":"closed","ping_status":"closed","sticky":false,"template":"","format":"standard","meta":{"footnotes":""},"categories":[9],"tags":[2714,4669],"class_list":["post-136090","post","type-post","status-publish","format-standard","has-post-thumbnail","hentry","category-vijesti","tag-izborna-sutnja","tag-lokalni-izbori-2025"],"_links":{"self":[{"href":"https:\/\/www.mojevrijeme.hr\/magazin\/wp-json\/wp\/v2\/posts\/136090","targetHints":{"allow":["GET"]}}],"collection":[{"href":"https:\/\/www.mojevrijeme.hr\/magazin\/wp-json\/wp\/v2\/posts"}],"about":[{"href":"https:\/\/www.mojevrijeme.hr\/magazin\/wp-json\/wp\/v2\/types\/post"}],"author":[{"embeddable":true,"href":"https:\/\/www.mojevrijeme.hr\/magazin\/wp-json\/wp\/v2\/users\/1"}],"replies":[{"embeddable":true,"href":"https:\/\/www.mojevrijeme.hr\/magazin\/wp-json\/wp\/v2\/comments?post=136090"}],"version-history":[{"count":13,"href":"https:\/\/www.mojevrijeme.hr\/magazin\/wp-json\/wp\/v2\/posts\/136090\/revisions"}],"predecessor-version":[{"id":136109,"href":"https:\/\/www.mojevrijeme.hr\/magazin\/wp-json\/wp\/v2\/posts\/136090\/revisions\/136109"}],"wp:featuredmedia":[{"embeddable":true,"href":"https:\/\/www.mojevrijeme.hr\/magazin\/wp-json\/wp\/v2\/media\/136103"}],"wp:attachment":[{"href":"https:\/\/www.mojevrijeme.hr\/magazin\/wp-json\/wp\/v2\/media?parent=136090"}],"wp:term":[{"taxonomy":"category","embeddable":true,"href":"https:\/\/www.mojevrijeme.hr\/magazin\/wp-json\/wp\/v2\/categories?post=136090"},{"taxonomy":"post_tag","embeddable":true,"href":"https:\/\/www.mojevrijeme.hr\/magazin\/wp-json\/wp\/v2\/tags?post=136090"}],"curies":[{"name":"wp","href":"https:\/\/api.w.org\/{rel}","templated":true}]}}