{"id":13642,"date":"2018-03-24T14:53:32","date_gmt":"2018-03-24T13:53:32","guid":{"rendered":"https:\/\/www.mojevrijeme.hr\/magazin\/?p=13642"},"modified":"2018-04-12T18:26:19","modified_gmt":"2018-04-12T16:26:19","slug":"protiv-istanbulske-aktivistice-su-stare-i-nezeljene-zene-zlostavljaju-muskarce","status":"publish","type":"post","link":"https:\/\/www.mojevrijeme.hr\/magazin\/2018\/03\/protiv-istanbulske-aktivistice-su-stare-i-nezeljene-zene-zlostavljaju-muskarce\/","title":{"rendered":"Protivnici Istanbulske: Aktivistice su stare i ne\u017eeljene, \u017eene zlostavljaju mu\u0161karce"},"content":{"rendered":"<p>U Zagrebu je odr\u017ean prosvjed protiv ratifikacije <strong>Istanbulske konvencije<\/strong> koja se bavi za\u0161titom \u017eena i djece od nasilja u obitelji. Policija je tijekom skupa priop\u0107ila da se okupilo 5 tisu\u0107a prosvjednika, no organizatori tvrde da je stiglo 70 tisu\u0107a ljudi iz svih krajeva Hrvatske.\u00a0Me\u0111u prosvjednicima su bili i \u0110uro Glogo\u0161ki, Hrvoje Zekanovi\u0107, Ladislav Il\u010di\u0107, Zlatko Hasanbegovi\u0107, \u017deljka Marki\u0107, Ru\u017ea Toma\u0161i\u0107 te Josip Klemm.<\/p>\n<p>Novinarka N1 televizija <strong>Katarina Bre\u010di\u0107<\/strong> nasumi\u010dno je iz mase izvla\u010dila sugovornike koji su pred televizijskom kamerom obja\u0161njavali za\u0161to su se danas okupili u Zagrebu ispred sredi\u0161njice HDZ-a. \u201eTu sam za unu\u010de, praunu\u010de i ljude koji su ginuli za Hrvatsku\u201d, kazao je umirovljenik koji misli da iz Konvencije ne proizlazi ni\u0161ta dobroga. \u201eNe \u017eelim biti roditelj 1 ili roditelj 2, ja sam samo djed\u201c, kazao je.<\/p>\n<h3>Seks s kozama?<\/h3>\n<p>Na pitanje pi\u0161e li doista to u Konvenciji odgovorio je: \u201ePa jeste pro\u010ditala? Pi\u0161e! Na kraju ne\u0107u biti ni mu\u0161ko, ni \u017eensko<strong> ve\u0107 \u0107u bit&#8217; jarac<\/strong>, a onda \u0107u se <strong>parit&#8217; s kozama<\/strong>.\u201c \u201eMislite li da je cilj Konvencije da se ljudi <strong>pare sa \u017eivotinjama<\/strong>?\u201c logi\u010dno je pitanje postavljeno prosvjedniku . \u201eNe, nije to cilj. Iz toga ni\u0161ta normalnog i lijepog ne izlazi\u201c, odgovorio je.<\/p><div id=\"mojev-1899153592\" class=\"mojev-u-tekstu mojev-entity-placement\" style=\"margin-left: auto;margin-right: auto;text-align: center;\"><div class=\"mojev-adlabel\">oglas<\/div><div style=\"height: 250px;\"><script async src=\"https:\/\/pagead2.googlesyndication.com\/pagead\/js\/adsbygoogle.js?client=ca-pub-8106111766207173\"\r\n     crossorigin=\"anonymous\"><\/script>\r\n<!-- Prikazni 1 u tekstu -->\r\n<ins class=\"adsbygoogle\"\r\n     style=\"display:block\"\r\n     data-ad-client=\"ca-pub-8106111766207173\"\r\n     data-ad-slot=\"8535551207\"\r\n     data-ad-format=\"auto\"\r\n     data-full-width-responsive=\"true\"><\/ins>\r\n<script>\r\n     (adsbygoogle = window.adsbygoogle || []).push({});\r\n<\/script><\/div><\/div><br style=\"clear: both; display: block; float: none;\"\/>\n<p>\u010cinjenicu da su u Hrvatskoj u protekle \u010detiri godine <strong>ubijene 63 \u017eene<\/strong>, \u0161to Konvencija \u017eeli sprije\u010diti, prosvjednik je objasnio seksisti\u010dkim i upravo <strong>rodnim uvredama<\/strong> na ra\u010dun aktivistkinja za \u017eenska prava. \u201eZakon je taj koji bi se trebao po\u0161tivati. Novac koji se ula\u017ee u udruge, trebalo je ulo\u017eiti bolje. Do nasilja nije do\u0161lo bez veze; ljudi nemaju \u0161to jesti, nemaju \u0161to dati djeci. Onda se jedan od \u010dlanova familije opije ili zdrogira, padne u depresiji i nastane krkljanac. To se mo\u017ee lako rije\u0161iti. Mene samo zanima, one koje se bore za \u017eenska prava, \u0161to su radile do 60. godine? Sad <strong>kad su stare<\/strong>, kad ih <strong>nitko vi\u0161e ne\u0107e pogledati<\/strong>, sad bi se borile za \u017eenska prava. Di su bile prije?\u201c<\/p>\n<h3>Ubojstva \u017eena usporedio sa zvocanjem koje trpe mu\u0161karci<\/h3>\n<p>Drugi mu\u0161karac na prosvjed je do\u0161ao u pratnji supruge i djece. Kada ga je novinarka pitala \u0161to \u0107e se najgore dogoditi ako se ratificira Istanbulska konvencija, odgovorio je: \u201ePa ne\u0107e se ni\u0161ta specijalno dogoditi.\u201c Na pitanje za\u0161to onda prosvjeduje nije mogao ponuditi smisleni odgovor.<\/p>\n<p>\u201eNe govori nitko o za\u0161titi mu\u0161karaca. Na\u017ealost neke \u017eene su ubijene, no postoji druga strana medalje koja je <strong>verbalno zlostavljanje mu\u0161karaca<\/strong>. Nije u redu \u0161titi samo \u017eene,<strong> treba \u0161tititi i mu\u0161karce<\/strong>\u201c, kazao je prosvjednik koji za sebe ka\u017ee da \u017eivi vrijednosti koje \u201e\u017eivimo ne samo mi, ve\u0107 djedovi na\u0161ih djedova\u201c.<\/p>\n<p>Na Facebook stranici inicijative protiv Konvencije vidljivo je da su prosvjednici organiziranim prijevozom stigli iz cijele Hrvatske, ali i iz Bosne i Hercegovine koja je, bez prosvjeda,\u00a0<strong>prije pet godina ratificirala<\/strong> Konvenciju.<\/p>\n<div id=\"mojev-441011791\" class=\"mojev-kraj-teksta mojev-entity-placement\" style=\"margin-bottom: 20px;margin-left: auto;margin-right: auto;text-align: center;\"><div class=\"mojev-adlabel\">oglas<\/div><div style=\"height: 250px;\"><script async src=\"https:\/\/pagead2.googlesyndication.com\/pagead\/js\/adsbygoogle.js?client=ca-pub-8106111766207173\"\r\n     crossorigin=\"anonymous\"><\/script>\r\n<!-- Display-1 -->\r\n<ins class=\"adsbygoogle\"\r\n     style=\"display:block\"\r\n     data-ad-client=\"ca-pub-8106111766207173\"\r\n     data-ad-slot=\"1465712950\"\r\n     data-ad-format=\"auto\"\r\n     data-full-width-responsive=\"true\"><\/ins>\r\n<script>\r\n     (adsbygoogle = window.adsbygoogle || []).push({});\r\n<\/script><\/div><\/div>","protected":false},"excerpt":{"rendered":"<p>Sad kad su stare, kad ih nitko vi\u0161e ne\u0107e pogledati, sad bi se borile za \u017eenska prava. Di su bile prije? Mene samo zanima, one koje se bore za \u017eenska prava, \u0161to su radile do 60. godine? <\/p>\n","protected":false},"author":1,"featured_media":13644,"comment_status":"closed","ping_status":"closed","sticky":false,"template":"","format":"standard","meta":{"footnotes":""},"categories":[9],"tags":[1185,476,1056,687,937],"class_list":["post-13642","post","type-post","status-publish","format-standard","has-post-thumbnail","hentry","category-vijesti","tag-ageizam","tag-diskriminacija","tag-istanbulska-konvencija","tag-prosvjedi","tag-seksizam"],"_links":{"self":[{"href":"https:\/\/www.mojevrijeme.hr\/magazin\/wp-json\/wp\/v2\/posts\/13642","targetHints":{"allow":["GET"]}}],"collection":[{"href":"https:\/\/www.mojevrijeme.hr\/magazin\/wp-json\/wp\/v2\/posts"}],"about":[{"href":"https:\/\/www.mojevrijeme.hr\/magazin\/wp-json\/wp\/v2\/types\/post"}],"author":[{"embeddable":true,"href":"https:\/\/www.mojevrijeme.hr\/magazin\/wp-json\/wp\/v2\/users\/1"}],"replies":[{"embeddable":true,"href":"https:\/\/www.mojevrijeme.hr\/magazin\/wp-json\/wp\/v2\/comments?post=13642"}],"version-history":[{"count":0,"href":"https:\/\/www.mojevrijeme.hr\/magazin\/wp-json\/wp\/v2\/posts\/13642\/revisions"}],"wp:featuredmedia":[{"embeddable":true,"href":"https:\/\/www.mojevrijeme.hr\/magazin\/wp-json\/wp\/v2\/media\/13644"}],"wp:attachment":[{"href":"https:\/\/www.mojevrijeme.hr\/magazin\/wp-json\/wp\/v2\/media?parent=13642"}],"wp:term":[{"taxonomy":"category","embeddable":true,"href":"https:\/\/www.mojevrijeme.hr\/magazin\/wp-json\/wp\/v2\/categories?post=13642"},{"taxonomy":"post_tag","embeddable":true,"href":"https:\/\/www.mojevrijeme.hr\/magazin\/wp-json\/wp\/v2\/tags?post=13642"}],"curies":[{"name":"wp","href":"https:\/\/api.w.org\/{rel}","templated":true}]}}