{"id":136713,"date":"2025-06-11T08:38:14","date_gmt":"2025-06-11T06:38:14","guid":{"rendered":"https:\/\/www.mojevrijeme.hr\/magazin\/?p=136713"},"modified":"2025-06-11T08:39:49","modified_gmt":"2025-06-11T06:39:49","slug":"odgojila-sam-petero-djece-mogu-li-u-mirovinu-s-13-godina-radnog-staza","status":"publish","type":"post","link":"https:\/\/www.mojevrijeme.hr\/magazin\/2025\/06\/odgojila-sam-petero-djece-mogu-li-u-mirovinu-s-13-godina-radnog-staza\/","title":{"rendered":"Odgojila sam petero djece, mogu li u mirovinu s 13 godina radnog sta\u017ea?"},"content":{"rendered":"\n<p>Mnoge \u017eene koje su ve\u0107i dio \u017eivota posvetile obitelji i odgoju djece, a nisu uspjele skupiti 15 godina mirovinskog sta\u017ea, pitaju se mogu li pravo na starosnu mirovinu ostvariti zahvaljuju\u0107i takozvanom dodatnom sta\u017eu za djecu kojeg kolokvijalno zovemo i maj\u010dinim dodatkom. Posebno se to odnosi na majke s vi\u0161e djece, kojima se taj dodatni sta\u017e priznaje po svakom ro\u0111enom djetetu.<\/p>\n\n\n\n<p>Jedno takvo pitanje stiglo je i u Pravno savjetovali\u0161te Sindikata umirovljenika Hrvatske (<a href=\"http:\/\/suh.hr\" data-type=\"link\" data-id=\"suh.hr\" target=\"_blank\" rel=\"noreferrer noopener\">SUH<\/a>). &#8220;Navr\u0161ila sam 65 godina \u017eivota i imam 13 godina radnog sta\u017ea. Rodila sam petero djece te upravo zbog podizanja djece nisam bila u mogu\u0107nosti navr\u0161iti vi\u0161e radnog sta\u017ea. Zanima me da li s dodanim sta\u017eem za djecu u trajanju od 2 godine i 6 mjeseci (5 x 6 mjeseci) ispunjavam uvjet za starosnu mirovinu ili moram dodatnim radom navr\u0161iti 15 godina mirovinskog sta\u017ea?&#8221;<\/p>\n\n\n\n<p>Odgovor iz SUH-a otklanja dvojbu: dodatni sta\u017e za djecu nije dovoljan za ostvarenje prava na mirovinu. &#8220;Iako ispunjavate uvjet dobi za starosnu mirovinu, morate ispuniti i uvjet od 15 godina mirovinskog sta\u017ea. Dodani sta\u017e za djecu ne ura\u010dunava se u mirovinski sta\u017e za priznanje prava na mirovinu ve\u0107 samo za odre\u0111ivanje visine mirovine nakon \u0161to su ispunjeni uvjeti za priznanje prava na mirovinu&#8221;, pojasnili su iz Pravnog savjetovali\u0161ta.<\/p><div id=\"mojev-3666843659\" class=\"mojev-u-tekstu mojev-entity-placement\" style=\"margin-left: auto;margin-right: auto;text-align: center;\"><div class=\"mojev-adlabel\">oglas<\/div><div style=\"height: 250px;\"><script async src=\"https:\/\/pagead2.googlesyndication.com\/pagead\/js\/adsbygoogle.js?client=ca-pub-8106111766207173\"\r\n     crossorigin=\"anonymous\"><\/script>\r\n<!-- Prikazni 1 u tekstu -->\r\n<ins class=\"adsbygoogle\"\r\n     style=\"display:block\"\r\n     data-ad-client=\"ca-pub-8106111766207173\"\r\n     data-ad-slot=\"8535551207\"\r\n     data-ad-format=\"auto\"\r\n     data-full-width-responsive=\"true\"><\/ins>\r\n<script>\r\n     (adsbygoogle = window.adsbygoogle || []).push({});\r\n<\/script><\/div><\/div><br style=\"clear: both; display: block; float: none;\"\/>\n\n\n\n<p>Sindikat je, kako navode, tijekom izrade novog Zakona o mirovinskom osiguranju (ZOMO) predlo\u017eio da se dodatni sta\u017e po djeci priznaje i za ostvarivanje prava na mirovinu, no taj prijedlog nije pro\u0161ao. &#8220;Iako su dodani sta\u017e za djecu nazvali &#8216;demografskom mjerom&#8217;, na\u0161 prijedlog nije bio prihva\u0107en od strane predlaga\u010da Zakona&#8221;, upozoravaju.<\/p>\n\n\n\n<p>Prema najavljenim izmjenama Zakona koje bi trebale stupiti na snagu 1. srpnja, dodatni sta\u017e po djetetu pove\u0107at \u0107e se na 12 mjeseci, no i dalje \u0107e slu\u017eiti isklju\u010divo za pove\u0107anje iznosa mirovine, a ne za ispunjavanje temeljnog uvjeta od minimalno 15 godina sta\u017ea.<\/p>\n\n\n\n<p><\/p>\n<div id=\"mojev-4192926728\" class=\"mojev-kraj-teksta mojev-entity-placement\" style=\"margin-bottom: 20px;margin-left: auto;margin-right: auto;text-align: center;\"><div class=\"mojev-adlabel\">oglas<\/div><div style=\"height: 250px;\"><script async src=\"https:\/\/pagead2.googlesyndication.com\/pagead\/js\/adsbygoogle.js?client=ca-pub-8106111766207173\"\r\n     crossorigin=\"anonymous\"><\/script>\r\n<!-- Display-1 -->\r\n<ins class=\"adsbygoogle\"\r\n     style=\"display:block\"\r\n     data-ad-client=\"ca-pub-8106111766207173\"\r\n     data-ad-slot=\"1465712950\"\r\n     data-ad-format=\"auto\"\r\n     data-full-width-responsive=\"true\"><\/ins>\r\n<script>\r\n     (adsbygoogle = window.adsbygoogle || []).push({});\r\n<\/script><\/div><\/div>","protected":false},"excerpt":{"rendered":"<p>Odgojila je petero djece, navr\u0161ila 65 godina i skupila 13 godina radnog sta\u017ea. Zahvaljuju\u0107i dodatnom sta\u017eu za svako dijete, ukupno joj se priznaje jo\u0161 dvije i pol godine. Je li to dovoljno za ostvarenje prava na starosnu mirovinu ili \u0107e ipak morati jo\u0161 raditi?<\/p>\n","protected":false},"author":1,"featured_media":121385,"comment_status":"closed","ping_status":"closed","sticky":false,"template":"","format":"standard","meta":{"footnotes":""},"categories":[2],"tags":[1964,1000],"class_list":["post-136713","post","type-post","status-publish","format-standard","has-post-thumbnail","hentry","category-mozaik","tag-majcinska-mirovina","tag-pravo"],"_links":{"self":[{"href":"https:\/\/www.mojevrijeme.hr\/magazin\/wp-json\/wp\/v2\/posts\/136713","targetHints":{"allow":["GET"]}}],"collection":[{"href":"https:\/\/www.mojevrijeme.hr\/magazin\/wp-json\/wp\/v2\/posts"}],"about":[{"href":"https:\/\/www.mojevrijeme.hr\/magazin\/wp-json\/wp\/v2\/types\/post"}],"author":[{"embeddable":true,"href":"https:\/\/www.mojevrijeme.hr\/magazin\/wp-json\/wp\/v2\/users\/1"}],"replies":[{"embeddable":true,"href":"https:\/\/www.mojevrijeme.hr\/magazin\/wp-json\/wp\/v2\/comments?post=136713"}],"version-history":[{"count":4,"href":"https:\/\/www.mojevrijeme.hr\/magazin\/wp-json\/wp\/v2\/posts\/136713\/revisions"}],"predecessor-version":[{"id":136718,"href":"https:\/\/www.mojevrijeme.hr\/magazin\/wp-json\/wp\/v2\/posts\/136713\/revisions\/136718"}],"wp:featuredmedia":[{"embeddable":true,"href":"https:\/\/www.mojevrijeme.hr\/magazin\/wp-json\/wp\/v2\/media\/121385"}],"wp:attachment":[{"href":"https:\/\/www.mojevrijeme.hr\/magazin\/wp-json\/wp\/v2\/media?parent=136713"}],"wp:term":[{"taxonomy":"category","embeddable":true,"href":"https:\/\/www.mojevrijeme.hr\/magazin\/wp-json\/wp\/v2\/categories?post=136713"},{"taxonomy":"post_tag","embeddable":true,"href":"https:\/\/www.mojevrijeme.hr\/magazin\/wp-json\/wp\/v2\/tags?post=136713"}],"curies":[{"name":"wp","href":"https:\/\/api.w.org\/{rel}","templated":true}]}}