{"id":137026,"date":"2025-06-18T08:17:23","date_gmt":"2025-06-18T06:17:23","guid":{"rendered":"https:\/\/www.mojevrijeme.hr\/magazin\/?p=137026"},"modified":"2025-06-18T08:17:53","modified_gmt":"2025-06-18T06:17:53","slug":"nasljedstvo-bez-zurbe-kcerima-sam-dala-sve-stan-im-ne-dam","status":"publish","type":"post","link":"https:\/\/www.mojevrijeme.hr\/magazin\/2025\/06\/nasljedstvo-bez-zurbe-kcerima-sam-dala-sve-stan-im-ne-dam\/","title":{"rendered":"Nasljedstvo bez \u017eurbe: &#8216;K\u0107erima sam dala sve, stan im ne dam&#8217;"},"content":{"rendered":"\n<p>Jedna od \u010ditateljica koja nam se javila na temu nasljedstva je gospo\u0111a <strong>Marijola iz Zadra<\/strong>, a njezina odluka odra\u017eava upravo ono o \u010demu mnogi danas promi\u0161ljaju, a to je kako sa\u010duvati kontrolu nad vlastitom imovinom i pritom izbje\u0107i nesporazume.<\/p>\n\n\n\n<p>&#8220;Imam dva sina i donijela sam jednu od najva\u017enijih odluka u svom \u017eivotu: sve nekretnine i imovina koju posjedujem, dok sam \u017eiva, ostaju isklju\u010divo na moje ime. Tek nakon moje smrti sve \u0107e to naslijediti moja dva sina. Ni\u0161ta ne prepu\u0161tam nikome za \u017eivota, ni stan od 96 kvadrata, ni grobno mjesto.&#8221;<\/p>\n\n\n\n<p>&#8220;K tomu, jasno sam napisala i naglasila da tu imovinu ne smiju prodavati ni oni, a ni njihova djeca. \u017divim u Zadru i vjerujem da je moja odluka ispravna. Mora se znati red i po\u0161tovati volja vlasnika. \u010citam sva\u0161ta, ali ne pada mi na pamet da netko drugi odlu\u010duje umjesto mene&#8221;, iznijela je ova Zadranka svoje razmi\u0161ljanje.<\/p><div id=\"mojev-3161198857\" class=\"mojev-u-tekstu mojev-entity-placement\" style=\"margin-left: auto;margin-right: auto;text-align: center;\"><div class=\"mojev-adlabel\">oglas<\/div><div style=\"height: 250px;\"><script async src=\"https:\/\/pagead2.googlesyndication.com\/pagead\/js\/adsbygoogle.js?client=ca-pub-8106111766207173\"\r\n     crossorigin=\"anonymous\"><\/script>\r\n<!-- Prikazni 1 u tekstu -->\r\n<ins class=\"adsbygoogle\"\r\n     style=\"display:block\"\r\n     data-ad-client=\"ca-pub-8106111766207173\"\r\n     data-ad-slot=\"8535551207\"\r\n     data-ad-format=\"auto\"\r\n     data-full-width-responsive=\"true\"><\/ins>\r\n<script>\r\n     (adsbygoogle = window.adsbygoogle || []).push({});\r\n<\/script><\/div><\/div><br style=\"clear: both; display: block; float: none;\"\/>\n\n\n\n<h3 class=\"wp-block-heading\">&#8220;K\u0107erima sam dala dovoljno, stan im ne dam&#8221;<\/h3>\n\n\n\n<p><strong>\u010citateljica Radmila <\/strong>je donijela sli\u010dnu odluku, ali tek nakon \u0161to se opekla. &#8220;Imam dvije k\u0107eri koje sam odgojila kao samohrana majka. Danas imam i petero unu\u010dadi. Cijeli sam se \u017eivot trudila, podizala djecu i unuke, davala im sve \u0161to sam mogla pa i vi\u0161e od toga. No, kad sam napokon prona\u0161la partnera da ne budem sama pod stare dane, moje su se k\u0107eri okrenule od mene&#8221;, povjerila nam se.<\/p>\n\n\n\n<p>&#8220;Umjesto zahvalnosti, slu\u0161am da samo mislim na sebe, da ni\u0161ta nisam dala i napravila te da bih \u00a0o njima trebala brinuti i zalagati ih dok sam \u017eiva. Ne sjete se da bi sada one mogle malo misliti na mene. Tu\u017ena istina je da sam zato odlu\u010dila da svoj stan ne\u0107u dati nikome. Moj plan je jednostavan, a to je da \u0107u, ako jednog dana budem morala u stara\u010dki dom, stan iznajmiti ili prodati kako bih sebi osigurala dostojanstvenu starost.&#8221;<\/p>\n\n\n\n<p>&#8220;Nitko me ne\u0107e ucjenjivati mojim vlastitim imetkom. Napravila sam sve \u0161to sam mogla za djecu i unuke, ali sad je red na meni. I da, uskoro \u0107u postati i prabaka, no to ne mijenja moje odluke. \u017delim si mir i dostojanstvo&#8221;, iskreno je napisala gospo\u0111a Radmila. Kako sastaviti oporuku i na \u0161to pritom paziti, mo\u017eete \u010ditati <a href=\"https:\/\/www.mojevrijeme.hr\/magazin\/2021\/06\/cist-racun-duga-ljubav-kako-sastaviti-oporuku-i-na-sto-pritom-paziti\/\">ovdje<\/a>.<\/p>\n\n\n\n<h3 class=\"wp-block-heading\">Ana (60): Sin \u0107e se morati dr\u017eati reda<\/h3>\n\n\n\n<p>I <strong>\u010ditateljica Ana (60)<\/strong> razmi\u0161lja sli\u010dno. &#8220;Moj otac je na vrijeme sastavio pravednu oporuku. Tako je za\u0161titio i sebe i svoju volju. Tim se primjerom vodim i ja. Imam sina i on dobro zna da ako do\u0111e do problema, mo\u017eda ne\u0107e dobiti ni\u0161ta. Ni\u0161ta mu nije zagarantirano. Sa svojim pokojnim suprugom sam sagradila ku\u0107u, pre\u017eivjela mnogo toga i nau\u010dila da \u017eivot nije bajka. I ba\u0161 zato \u0161to sam sva\u0161ta pro\u0161la, odlu\u010dujem sama o onome \u0161to sam stvorila&#8221;, odlu\u010dna je ova 60-godi\u0161njakinja.<\/p>\n\n\n\n<div id=\"crveno\"><\/p>\n\n\n\n<h3 class=\"wp-block-heading\">Zanima nas va\u0161a pri\u010da<\/h3>\n\n\n\n<p>\u017delite li i vi, posve anonimno, podijeliti svoje iskustvo i vi\u0111enje ove teme s nama i na\u0161im \u010ditateljima, mo\u017eete to u\u010diniti putem web obrasca <a rel=\"noreferrer noopener\" href=\"https:\/\/www.mojevrijeme.hr\/magazin\/povjerljivo\/\" target=\"_blank\">Povjerljivo<\/a>. Napi\u0161ite svoju pri\u010du!<\/p>\n\n\n\n<p><\/div>\n<div id=\"mojev-3173937761\" class=\"mojev-kraj-teksta mojev-entity-placement\" style=\"margin-bottom: 20px;margin-left: auto;margin-right: auto;text-align: center;\"><div class=\"mojev-adlabel\">oglas<\/div><div style=\"height: 250px;\"><script async src=\"https:\/\/pagead2.googlesyndication.com\/pagead\/js\/adsbygoogle.js?client=ca-pub-8106111766207173\"\r\n     crossorigin=\"anonymous\"><\/script>\r\n<!-- Display-1 -->\r\n<ins class=\"adsbygoogle\"\r\n     style=\"display:block\"\r\n     data-ad-client=\"ca-pub-8106111766207173\"\r\n     data-ad-slot=\"1465712950\"\r\n     data-ad-format=\"auto\"\r\n     data-full-width-responsive=\"true\"><\/ins>\r\n<script>\r\n     (adsbygoogle = window.adsbygoogle || []).push({});\r\n<\/script><\/div><\/div>","protected":false},"excerpt":{"rendered":"<p>Tema nasljedstva mnogima donosi nemir i otvara brojna pitanja. \u017divot \u010desto poka\u017ee da je najmudrije zadr\u017eati kontrolu nad svojom imovinom dok si \u017eiv, jer mnogi su se opekli kad su prerano prepustili ono \u0161to su godinama stvarali.<\/p>\n","protected":false},"author":17,"featured_media":128215,"comment_status":"closed","ping_status":"closed","sticky":false,"template":"","format":"standard","meta":{"footnotes":""},"categories":[3552],"tags":[2748],"class_list":["post-137026","post","type-post","status-publish","format-standard","has-post-thumbnail","hentry","category-povjerljivo","tag-raspolaganje-imovinom"],"_links":{"self":[{"href":"https:\/\/www.mojevrijeme.hr\/magazin\/wp-json\/wp\/v2\/posts\/137026","targetHints":{"allow":["GET"]}}],"collection":[{"href":"https:\/\/www.mojevrijeme.hr\/magazin\/wp-json\/wp\/v2\/posts"}],"about":[{"href":"https:\/\/www.mojevrijeme.hr\/magazin\/wp-json\/wp\/v2\/types\/post"}],"author":[{"embeddable":true,"href":"https:\/\/www.mojevrijeme.hr\/magazin\/wp-json\/wp\/v2\/users\/17"}],"replies":[{"embeddable":true,"href":"https:\/\/www.mojevrijeme.hr\/magazin\/wp-json\/wp\/v2\/comments?post=137026"}],"version-history":[{"count":5,"href":"https:\/\/www.mojevrijeme.hr\/magazin\/wp-json\/wp\/v2\/posts\/137026\/revisions"}],"predecessor-version":[{"id":137039,"href":"https:\/\/www.mojevrijeme.hr\/magazin\/wp-json\/wp\/v2\/posts\/137026\/revisions\/137039"}],"wp:featuredmedia":[{"embeddable":true,"href":"https:\/\/www.mojevrijeme.hr\/magazin\/wp-json\/wp\/v2\/media\/128215"}],"wp:attachment":[{"href":"https:\/\/www.mojevrijeme.hr\/magazin\/wp-json\/wp\/v2\/media?parent=137026"}],"wp:term":[{"taxonomy":"category","embeddable":true,"href":"https:\/\/www.mojevrijeme.hr\/magazin\/wp-json\/wp\/v2\/categories?post=137026"},{"taxonomy":"post_tag","embeddable":true,"href":"https:\/\/www.mojevrijeme.hr\/magazin\/wp-json\/wp\/v2\/tags?post=137026"}],"curies":[{"name":"wp","href":"https:\/\/api.w.org\/{rel}","templated":true}]}}