{"id":137268,"date":"2025-06-24T20:35:18","date_gmt":"2025-06-24T18:35:18","guid":{"rendered":"https:\/\/www.mojevrijeme.hr\/magazin\/?p=137268"},"modified":"2025-06-24T20:35:20","modified_gmt":"2025-06-24T18:35:20","slug":"majda-buric-hdz-plenkovic-je-povecao-mirovine-za-80-posto","status":"publish","type":"post","link":"https:\/\/www.mojevrijeme.hr\/magazin\/2025\/06\/majda-buric-hdz-plenkovic-je-povecao-mirovine-za-80-posto\/","title":{"rendered":"Majda Buri\u0107 (HDZ): Plenkovi\u0107 je pove\u0107ao mirovine za 80 posto!"},"content":{"rendered":"\n<p>Saborski zastupnici u slobodnim govorima jo\u0161 su se jednom dotaknuli umirovljenika i mirovinske reforme koju bi trebali izglasati prije ljetnog raspusta. Tako <strong>Anka Mrak Tarita\u0161<\/strong> (GLAS) upozorava da problemi umirovljenika ne\u0107e nestati samo zbog novog zakona.<\/p>\n\n\n\n<p>&#8220;Hrvatska se nalazi na samom dnu Europske unije po visini prosje\u010dne mirovine i to ne samo u apsolutnim brojkama, nego i u odnosu na prosje\u010dnu pla\u0107u. \u010cak 37 posto starijih od 65 godina je u riziku od siroma\u0161tva, a \u010dak 61,4 posto starijih koji \u017eive sami&#8221;, kazala je zastupnica.<\/p>\n\n\n\n<p>&#8220;Prijedlogom Zakona o mirovinskom osiguranju koji smo raspravili pro\u0161li tjedan \u0161iri se pravo rada u mirovini koji trenuta\u010dno koristi 36 tisu\u0107a umirovljenika. Oni \u0107e sada dobiti mogu\u0107nost rada u punom radnom vremenu uz isplatu pola mirovine. To je dobar korak, ali je klju\u010dno pitanje: za\u0161to pola mirovine? Mirovinu su zaradili u punom iznosu, a puni iznos trebaju dobiti neva\u017eno radili ili ne&#8221;, analizirala je Mrak Tarita\u0161.<\/p><div id=\"mojev-1333637004\" class=\"mojev-u-tekstu mojev-entity-placement\" style=\"margin-left: auto;margin-right: auto;text-align: center;\"><div class=\"mojev-adlabel\">oglas<\/div><div style=\"height: 250px;\"><script async src=\"https:\/\/pagead2.googlesyndication.com\/pagead\/js\/adsbygoogle.js?client=ca-pub-8106111766207173\"\r\n     crossorigin=\"anonymous\"><\/script>\r\n<!-- Prikazni 1 u tekstu -->\r\n<ins class=\"adsbygoogle\"\r\n     style=\"display:block\"\r\n     data-ad-client=\"ca-pub-8106111766207173\"\r\n     data-ad-slot=\"8535551207\"\r\n     data-ad-format=\"auto\"\r\n     data-full-width-responsive=\"true\"><\/ins>\r\n<script>\r\n     (adsbygoogle = window.adsbygoogle || []).push({});\r\n<\/script><\/div><\/div><br style=\"clear: both; display: block; float: none;\"\/>\n\n\n\n<p>Smatra da je dr\u017eavi u interesu da se umirovljenici uklju\u010duju na tr\u017ei\u0161te rada u svjetlu nedostatka radne snage i dodaje: &#8220;Guverner Hrvatske narodne banke na jednom skupu ekonomista u Opatiji rekao je da u Hrvatskoj, da bi mirovinski sustav uop\u0107e mogao funkcionirati, nedostaje 400 tisu\u0107a radnih mjesta. Pola od tog broja mogu pokriti umirovljenici. Ako zaista \u017eelimo napraviti iskorak, omogu\u0107it \u0107emo umirovljenicima rad uz puni iznos mirovine.&#8221;<\/p>\n\n\n\n<h3 class=\"wp-block-heading\">Blesava Vlada?<\/h3>\n\n\n\n<p>&#8220;Dakle, Vlada RH je po svom dobrom starom obi\u010daju, ne samo nepravedna, nego i nerazumna i blesava na vlastitu \u0161tetu i na \u0161tetu svojih gra\u0111ana&#8221;, misli Mrak Tarita\u0161. Uz to je kritizirala i porez na prihod od mirovine: &#8220;Veliki broj umirovljenika \u017eivio bi neusporedivo bolje i iza\u0161li bi iz rizika siroma\u0161tva. A za\u0161to Vlada to ne \u017eeli vjerojatno zato \u0161to \u017eeli i dalje dijeliti milostinju umirovljenicima i nastaviti iluziju da im ne\u0161to poklanja dok istovremeno otima ono za \u0161to su desetlje\u0107ima radili.&#8221;<\/p>\n\n\n\n<p>No kako to ve\u0107 biva u Saboru, malo tko brani HDZ-ovu vladu kao <strong>Majda Buri\u0107<\/strong> (HDZ). &#8220;Kolegica Mrak Tarita\u0161 je kazala da je Vlada RH blesava vjerojatno zbog toga \u0161to je u mandatima premijera Plenkovi\u0107a prosje\u010dnu mirovinu pove\u0107ala za vi\u0161e od 80 posto, a one najni\u017ee mirovine za vi\u0161e od 90 posto! Vjerojatno je to rekla zato \u0161to se gradi 18 modernih centara za starije i nemo\u0107ne osobe, \u0161to se uvodi ispla\u0107ivanje godi\u0161njeg dodatka apsolutno svim hrvatskim umirovljenicima i tako dalje&#8221;, zaklju\u010dila je ironi\u010dno Buri\u0107.<\/p>\n<div id=\"mojev-532227112\" class=\"mojev-kraj-teksta mojev-entity-placement\" style=\"margin-bottom: 20px;margin-left: auto;margin-right: auto;text-align: center;\"><div class=\"mojev-adlabel\">oglas<\/div><div style=\"height: 250px;\"><script async src=\"https:\/\/pagead2.googlesyndication.com\/pagead\/js\/adsbygoogle.js?client=ca-pub-8106111766207173\"\r\n     crossorigin=\"anonymous\"><\/script>\r\n<!-- Display-1 -->\r\n<ins class=\"adsbygoogle\"\r\n     style=\"display:block\"\r\n     data-ad-client=\"ca-pub-8106111766207173\"\r\n     data-ad-slot=\"1465712950\"\r\n     data-ad-format=\"auto\"\r\n     data-full-width-responsive=\"true\"><\/ins>\r\n<script>\r\n     (adsbygoogle = window.adsbygoogle || []).push({});\r\n<\/script><\/div><\/div>","protected":false},"excerpt":{"rendered":"<p>Uo\u010di izglasavanja mirovinske reforme, saborski zastupnici ponovno su otvorili raspravu o polo\u017eaju umirovljenika. Oporba upozorava na siroma\u0161tvo starijih i tra\u017ei pravednije uvjete rada u mirovini.<\/p>\n","protected":false},"author":1,"featured_media":125918,"comment_status":"closed","ping_status":"closed","sticky":false,"template":"","format":"standard","meta":{"footnotes":""},"categories":[9],"tags":[4718,1412,1116],"class_list":["post-137268","post","type-post","status-publish","format-standard","has-post-thumbnail","hentry","category-vijesti","tag-anka-mrak-taritas","tag-majda-buric","tag-mirovinska-reforma"],"_links":{"self":[{"href":"https:\/\/www.mojevrijeme.hr\/magazin\/wp-json\/wp\/v2\/posts\/137268","targetHints":{"allow":["GET"]}}],"collection":[{"href":"https:\/\/www.mojevrijeme.hr\/magazin\/wp-json\/wp\/v2\/posts"}],"about":[{"href":"https:\/\/www.mojevrijeme.hr\/magazin\/wp-json\/wp\/v2\/types\/post"}],"author":[{"embeddable":true,"href":"https:\/\/www.mojevrijeme.hr\/magazin\/wp-json\/wp\/v2\/users\/1"}],"replies":[{"embeddable":true,"href":"https:\/\/www.mojevrijeme.hr\/magazin\/wp-json\/wp\/v2\/comments?post=137268"}],"version-history":[{"count":7,"href":"https:\/\/www.mojevrijeme.hr\/magazin\/wp-json\/wp\/v2\/posts\/137268\/revisions"}],"predecessor-version":[{"id":137275,"href":"https:\/\/www.mojevrijeme.hr\/magazin\/wp-json\/wp\/v2\/posts\/137268\/revisions\/137275"}],"wp:featuredmedia":[{"embeddable":true,"href":"https:\/\/www.mojevrijeme.hr\/magazin\/wp-json\/wp\/v2\/media\/125918"}],"wp:attachment":[{"href":"https:\/\/www.mojevrijeme.hr\/magazin\/wp-json\/wp\/v2\/media?parent=137268"}],"wp:term":[{"taxonomy":"category","embeddable":true,"href":"https:\/\/www.mojevrijeme.hr\/magazin\/wp-json\/wp\/v2\/categories?post=137268"},{"taxonomy":"post_tag","embeddable":true,"href":"https:\/\/www.mojevrijeme.hr\/magazin\/wp-json\/wp\/v2\/tags?post=137268"}],"curies":[{"name":"wp","href":"https:\/\/api.w.org\/{rel}","templated":true}]}}