{"id":137276,"date":"2025-06-25T10:38:14","date_gmt":"2025-06-25T08:38:14","guid":{"rendered":"https:\/\/www.mojevrijeme.hr\/magazin\/?p=137276"},"modified":"2025-06-25T15:04:08","modified_gmt":"2025-06-25T13:04:08","slug":"porez-na-mirovine-i-dalje-ostaje-provjerite-placate-li-ga-i-zasto","status":"publish","type":"post","link":"https:\/\/www.mojevrijeme.hr\/magazin\/2025\/06\/porez-na-mirovine-i-dalje-ostaje-provjerite-placate-li-ga-i-zasto\/","title":{"rendered":"Porez na mirovine i dalje ostaje, provjerite pla\u0107ate li ga i za\u0161to"},"content":{"rendered":"\n<p>Umirovljenici sve \u010de\u0161\u0107e progovaraju protiv poreza na dohodak od mirovina, a kojeg mirovinska reforma ne\u0107e ukinuti. Naime, novi Zakon o mirovinskom osiguranju je u saborskoj proceduri pa brojni oporbeni zastupnici misle da porez na mirovine nije nu\u017ean.<\/p>\n\n\n\n<p>O tomu je progovorila i<strong> Anka Mrak-Tarita\u0161<\/strong> (GLAS) koja ka\u017ee da za taj porez nema razloga. &#8220;Mirovina nije dohodak, nego mjese\u010dna isplata novca koji su gra\u0111ani desetlje\u0107ima upla\u0107ivali u mirovinski fond&#8221;, kazala je nekada\u0161nja ministrica iz garniture Zorana Milanovi\u0107a.<\/p>\n\n\n\n<p>&#8220;Dr\u017eava je taj novac koristila. Mo\u017eemo na to gledati kao na beskamatni pozajmicu gra\u0111ana dr\u017eavi i onda kad do\u0111e vrijeme da dr\u017eava taj novac gra\u0111anima vrati, ne samo da dobiju mizerne mirovine, nego ih i oporezuje. To je pogre\u0161no nepravedno. I tu praksu treba \u0161to prije mijenjati&#8221;, ka\u017ee Mrak-Tarita\u0161 o svom osebujnom razumijevanju mirovinskog sustava generacijske solidarnosti. Jer aktualni radnici mirovinskim doprinosima financiraju aktualne mirovine, a ne dr\u017eavu. Dapa\u010de, iz bud\u017eeta se na prikupljene doprinose dodaje jo\u0161 skoro toliko da bi se mirovine uop\u0107e mogle isplatiti.<\/p><div id=\"mojev-3331089156\" class=\"mojev-u-tekstu mojev-entity-placement\" style=\"margin-left: auto;margin-right: auto;text-align: center;\"><div class=\"mojev-adlabel\">oglas<\/div><div style=\"height: 250px;\"><script async src=\"https:\/\/pagead2.googlesyndication.com\/pagead\/js\/adsbygoogle.js?client=ca-pub-8106111766207173\"\r\n     crossorigin=\"anonymous\"><\/script>\r\n<!-- Prikazni 1 u tekstu -->\r\n<ins class=\"adsbygoogle\"\r\n     style=\"display:block\"\r\n     data-ad-client=\"ca-pub-8106111766207173\"\r\n     data-ad-slot=\"8535551207\"\r\n     data-ad-format=\"auto\"\r\n     data-full-width-responsive=\"true\"><\/ins>\r\n<script>\r\n     (adsbygoogle = window.adsbygoogle || []).push({});\r\n<\/script><\/div><\/div><br style=\"clear: both; display: block; float: none;\"\/>\n\n\n\n<p>&#8220;Samo da ta dva koraka Vlada poduzme, veliki broj umirovljenika \u017eivio bi neusporedivo bolje i iza\u0161li bi iz rizika siroma\u0161tva. A za\u0161to Vlada to ne \u017eeli? Vjerojatno zato \u0161to \u017eeli i dalje dijeliti milostinju umirovljenicima i nastaviti iluziju da im ne\u0161to poklanja dok istovremeno otima ono za \u0161to su desetlje\u0107ima radili&#8221;, zaklju\u010dila je Mrak-Tarita\u0161, iako ni vlada u kojoj je bila ministrica nije u\u010dinila taj korak. Zaista, u svjetlu navedenoga, \u010dini se da bi ukidanje poreza na mirovine bilo barem birokratski opravdano, budu\u0107i da dr\u017eava taj novac odmah vra\u0107a i raspore\u0111uje na umirovljenike.<\/p>\n\n\n\n<h3 class=\"wp-block-heading\">Koliki porez pla\u0107aju neki umirovljenici?<\/h3>\n\n\n\n<p>Kako navodi Porezna uprava, umirovljenik koji prima mirovinu\u200b mo\u017ee biti obveznik poreza na dohodak, a taj porez obra\u010dunava, obustavlja i upla\u0107uje u dr\u017eavni prora\u010dun Hrvatski zavod za mirovinsko osiguranje. No pri tom umirovljenici u\u017eivaju osobni odbitak od 600 eura, \u0161to zna\u010di da tek svaki tre\u0107i umirovljenik pla\u0107a porez.<\/p>\n\n\n\n<p>Dakle, tih prvih 600 eura nikada se ne oporezuje, a za ostatak (ako postoji) porez je umanjen za 50 posto. Osnovni osobni odbitak se mo\u017ee uve\u0107avati ovisno o \u017eivotnim okolnostima kao \u0161to su uzdr\u017eavani \u010dlanovi obitelji, invaliditet poreznog obveznika ili uzdr\u017eavanih \u010dlanova.<\/p>\n\n\n\n<p>Visinu poreza na dohodak, a mirovina jest dohodak, odre\u0111uju gradovi i op\u0107ine &#8211; jedinice lokalne samouprave. Ni\u017ea stopa primjenjuje se na osnovicu do \u200b\u200b\u200b60.000,00 eura godi\u0161nje, a osnovica koja prelazi taj iznos oporezuje se vi\u0161om propisanom stopom.<\/p>\n<div id=\"mojev-732898956\" class=\"mojev-kraj-teksta mojev-entity-placement\" style=\"margin-bottom: 20px;margin-left: auto;margin-right: auto;text-align: center;\"><div class=\"mojev-adlabel\">oglas<\/div><div style=\"height: 250px;\"><script async src=\"https:\/\/pagead2.googlesyndication.com\/pagead\/js\/adsbygoogle.js?client=ca-pub-8106111766207173\"\r\n     crossorigin=\"anonymous\"><\/script>\r\n<!-- Display-1 -->\r\n<ins class=\"adsbygoogle\"\r\n     style=\"display:block\"\r\n     data-ad-client=\"ca-pub-8106111766207173\"\r\n     data-ad-slot=\"1465712950\"\r\n     data-ad-format=\"auto\"\r\n     data-full-width-responsive=\"true\"><\/ins>\r\n<script>\r\n     (adsbygoogle = window.adsbygoogle || []).push({});\r\n<\/script><\/div><\/div>","protected":false},"excerpt":{"rendered":"<p>Iako ga pla\u0107a tek manji dio gra\u0111ana, kriti\u010dari tvrde da je simboli\u010dki i ekonomski nepravedan jer dr\u017eava porezuje ve\u0107 zara\u0111eni novac i potom ga vra\u0107a korisnicima.<\/p>\n","protected":false},"author":1,"featured_media":137288,"comment_status":"closed","ping_status":"closed","sticky":false,"template":"","format":"standard","meta":{"footnotes":""},"categories":[9],"tags":[4718,18,4241],"class_list":["post-137276","post","type-post","status-publish","format-standard","has-post-thumbnail","hentry","category-vijesti","tag-anka-mrak-taritas","tag-mirovine","tag-porez-na-dohodak"],"_links":{"self":[{"href":"https:\/\/www.mojevrijeme.hr\/magazin\/wp-json\/wp\/v2\/posts\/137276","targetHints":{"allow":["GET"]}}],"collection":[{"href":"https:\/\/www.mojevrijeme.hr\/magazin\/wp-json\/wp\/v2\/posts"}],"about":[{"href":"https:\/\/www.mojevrijeme.hr\/magazin\/wp-json\/wp\/v2\/types\/post"}],"author":[{"embeddable":true,"href":"https:\/\/www.mojevrijeme.hr\/magazin\/wp-json\/wp\/v2\/users\/1"}],"replies":[{"embeddable":true,"href":"https:\/\/www.mojevrijeme.hr\/magazin\/wp-json\/wp\/v2\/comments?post=137276"}],"version-history":[{"count":11,"href":"https:\/\/www.mojevrijeme.hr\/magazin\/wp-json\/wp\/v2\/posts\/137276\/revisions"}],"predecessor-version":[{"id":137300,"href":"https:\/\/www.mojevrijeme.hr\/magazin\/wp-json\/wp\/v2\/posts\/137276\/revisions\/137300"}],"wp:featuredmedia":[{"embeddable":true,"href":"https:\/\/www.mojevrijeme.hr\/magazin\/wp-json\/wp\/v2\/media\/137288"}],"wp:attachment":[{"href":"https:\/\/www.mojevrijeme.hr\/magazin\/wp-json\/wp\/v2\/media?parent=137276"}],"wp:term":[{"taxonomy":"category","embeddable":true,"href":"https:\/\/www.mojevrijeme.hr\/magazin\/wp-json\/wp\/v2\/categories?post=137276"},{"taxonomy":"post_tag","embeddable":true,"href":"https:\/\/www.mojevrijeme.hr\/magazin\/wp-json\/wp\/v2\/tags?post=137276"}],"curies":[{"name":"wp","href":"https:\/\/api.w.org\/{rel}","templated":true}]}}