{"id":137314,"date":"2025-06-26T10:14:35","date_gmt":"2025-06-26T08:14:35","guid":{"rendered":"https:\/\/www.mojevrijeme.hr\/magazin\/?p=137314"},"modified":"2025-06-26T10:31:23","modified_gmt":"2025-06-26T08:31:23","slug":"ukidanje-poreza-na-mirovine-bi-osjetili-samo-bogati-umirovljenici","status":"publish","type":"post","link":"https:\/\/www.mojevrijeme.hr\/magazin\/2025\/06\/ukidanje-poreza-na-mirovine-bi-osjetili-samo-bogati-umirovljenici\/","title":{"rendered":"Ukidanje poreza na mirovine bi osjetili samo bogati umirovljenici"},"content":{"rendered":"\n<p>Saborske zastupnice <strong>Anka Mrak-Tarita\u0161<\/strong> (GLAS) i <strong>Dalija Ore\u0161kovi\u0107 <\/strong>(DOSIP) najavile su zakonodavnu inicijativu kojom bi se mirovine izbrisale s popisa oporezivih prihoda. Kako poja\u0161njava Mrak-Tarita\u0161, rije\u010d je o sredstvima koja su gra\u0111ani desetlje\u0107ima upla\u0107ivali u mirovinski fond, a ne o dohotku koji nastaje radom pa takva oporezivanja smatra neopravdanima.<\/p>\n\n\n\n<p>To bi, smatra Mrak-Tarita\u0161, pomoglo velikom broju umirovljenika da iza\u0111u iz rizika od siroma\u0161tva. No tko bi, zapravo, profitirao ukidanjem oporezivanja mirovina? Prema najnovijim podacima, u Hrvatskoj je ne\u0161to vi\u0161e od 1,23 milijuna korisnika mirovina, a porez na dohodak pla\u0107a njih oko 400 tisu\u0107a.<\/p>\n\n\n\n<p>Rije\u010d je o umirovljenicima \u010dije su mjese\u010dne mirovine vi\u0161e od 600 eura, \u0161to je prag iznad kojeg se obra\u010dunava porez. Kada bi se iznose pla\u0107enog poreza stavilo u prosjek, to bi bilo ne\u0161to manje od 30 eura za umirovljenike koji prelaze neoporezivih 600 eura. Prevedeno, oni koji blago prelaze 600 eura ne bi dobili gotovo ni\u0161ta, poneki tek par eura, no zato bi umirovljenici s relativno velikim mirovinama dobili puno, a onima u najvi\u0161im razredima sjedalo bi skoro sto eura vi\u0161e mjese\u010dno na ra\u010dun. To bi, zapravo, pove\u0107alo razliku izme\u0111u najmanjih i najve\u0107ih mirovina.<\/p><div id=\"mojev-2707821287\" class=\"mojev-u-tekstu mojev-entity-placement\" style=\"margin-left: auto;margin-right: auto;text-align: center;\"><div class=\"mojev-adlabel\">oglas<\/div><div style=\"height: 250px;\"><script async src=\"https:\/\/pagead2.googlesyndication.com\/pagead\/js\/adsbygoogle.js?client=ca-pub-8106111766207173\"\r\n     crossorigin=\"anonymous\"><\/script>\r\n<!-- Prikazni 1 u tekstu -->\r\n<ins class=\"adsbygoogle\"\r\n     style=\"display:block\"\r\n     data-ad-client=\"ca-pub-8106111766207173\"\r\n     data-ad-slot=\"8535551207\"\r\n     data-ad-format=\"auto\"\r\n     data-full-width-responsive=\"true\"><\/ins>\r\n<script>\r\n     (adsbygoogle = window.adsbygoogle || []).push({});\r\n<\/script><\/div><\/div><br style=\"clear: both; display: block; float: none;\"\/>\n\n\n\n<p>Ukidanje poreza na mirovine ima tek simboli\u010dnu razinu, no ne utje\u010de na stopu rizika od siroma\u0161tva. \u010cak ga ni dr\u017eava ne bi pretjerano osjetila, budu\u0107i da je rije\u010d o iznosu koji se ve\u0107inom slijeva u lokalne prora\u010dune i ne predstavlja ozbiljniji fiskalni rizik na nacionalnoj razini.<\/p>\n\n\n\n<p>Za vi\u0161e od dvije tre\u0107ine hrvatskih umirovljenika pravi bi pomak u standardu bilo sustavno pove\u0107anje osnovnih mirovina i \u0161irenje socijalnih potpora. Drugim rije\u010dima, ukidanje poreza mo\u017ee biti korak prema pravednijem sustavu, tako\u0111er mo\u017ee biti i efektna tema u politi\u010dkom nadmetanju, ali na siroma\u0161tvo umirovljenika utje\u010de koliko i lanjski snijeg.<\/p>\n<div id=\"mojev-1159371757\" class=\"mojev-kraj-teksta mojev-entity-placement\" style=\"margin-bottom: 20px;margin-left: auto;margin-right: auto;text-align: center;\"><div class=\"mojev-adlabel\">oglas<\/div><div style=\"height: 250px;\"><script async src=\"https:\/\/pagead2.googlesyndication.com\/pagead\/js\/adsbygoogle.js?client=ca-pub-8106111766207173\"\r\n     crossorigin=\"anonymous\"><\/script>\r\n<!-- Display-1 -->\r\n<ins class=\"adsbygoogle\"\r\n     style=\"display:block\"\r\n     data-ad-client=\"ca-pub-8106111766207173\"\r\n     data-ad-slot=\"1465712950\"\r\n     data-ad-format=\"auto\"\r\n     data-full-width-responsive=\"true\"><\/ins>\r\n<script>\r\n     (adsbygoogle = window.adsbygoogle || []).push({});\r\n<\/script><\/div><\/div>","protected":false},"excerpt":{"rendered":"<p>Zastupnice Mrak-Tarita\u0161 i Ore\u0161kovi\u0107 predla\u017eu ukidanje poreza na mirovine, no u\u010dinak takve mjere bio bi ograni\u010den. Dobit bi osjetili uglavnom umirovljenici s vi\u0161im primanjima, dok bi ve\u0107ina ostala bez stvarnog pobolj\u0161anja standarda.<\/p>\n","protected":false},"author":1,"featured_media":80941,"comment_status":"closed","ping_status":"closed","sticky":false,"template":"","format":"standard","meta":{"footnotes":""},"categories":[9],"tags":[4718,1511,4241],"class_list":["post-137314","post","type-post","status-publish","format-standard","has-post-thumbnail","hentry","category-vijesti","tag-anka-mrak-taritas","tag-dalija-oreskovic","tag-porez-na-dohodak"],"_links":{"self":[{"href":"https:\/\/www.mojevrijeme.hr\/magazin\/wp-json\/wp\/v2\/posts\/137314","targetHints":{"allow":["GET"]}}],"collection":[{"href":"https:\/\/www.mojevrijeme.hr\/magazin\/wp-json\/wp\/v2\/posts"}],"about":[{"href":"https:\/\/www.mojevrijeme.hr\/magazin\/wp-json\/wp\/v2\/types\/post"}],"author":[{"embeddable":true,"href":"https:\/\/www.mojevrijeme.hr\/magazin\/wp-json\/wp\/v2\/users\/1"}],"replies":[{"embeddable":true,"href":"https:\/\/www.mojevrijeme.hr\/magazin\/wp-json\/wp\/v2\/comments?post=137314"}],"version-history":[{"count":12,"href":"https:\/\/www.mojevrijeme.hr\/magazin\/wp-json\/wp\/v2\/posts\/137314\/revisions"}],"predecessor-version":[{"id":137330,"href":"https:\/\/www.mojevrijeme.hr\/magazin\/wp-json\/wp\/v2\/posts\/137314\/revisions\/137330"}],"wp:featuredmedia":[{"embeddable":true,"href":"https:\/\/www.mojevrijeme.hr\/magazin\/wp-json\/wp\/v2\/media\/80941"}],"wp:attachment":[{"href":"https:\/\/www.mojevrijeme.hr\/magazin\/wp-json\/wp\/v2\/media?parent=137314"}],"wp:term":[{"taxonomy":"category","embeddable":true,"href":"https:\/\/www.mojevrijeme.hr\/magazin\/wp-json\/wp\/v2\/categories?post=137314"},{"taxonomy":"post_tag","embeddable":true,"href":"https:\/\/www.mojevrijeme.hr\/magazin\/wp-json\/wp\/v2\/tags?post=137314"}],"curies":[{"name":"wp","href":"https:\/\/api.w.org\/{rel}","templated":true}]}}