{"id":137465,"date":"2025-07-01T07:44:19","date_gmt":"2025-07-01T05:44:19","guid":{"rendered":"https:\/\/www.mojevrijeme.hr\/magazin\/?p=137465"},"modified":"2025-07-01T07:44:20","modified_gmt":"2025-07-01T05:44:20","slug":"zagrepcanin-umro-nije-docekao-inkluzivni-dodatak","status":"publish","type":"post","link":"https:\/\/www.mojevrijeme.hr\/magazin\/2025\/07\/zagrepcanin-umro-nije-docekao-inkluzivni-dodatak\/","title":{"rendered":"Zagrep\u010danin umro, nije do\u010dekao inkluzivni dodatak"},"content":{"rendered":"\n<p>Zagrep\u010danka razo\u010darana postupkom Hrvatskog zavoda za socijalni rad (HZSR) Podru\u010dnog ureda Tre\u0161njevka za <a href=\"https:\/\/n1info.hr\/vijesti\/suprug-nije-docekao-inkluzivni-dodatak-umro-je-zapanjilo-me-sto-su-mi-rekli-u-uredu-za-socijalni-rad\/\" target=\"_blank\" rel=\"noreferrer noopener\">N1 <\/a>je progovorila o nepravdi nanesenoj njenom pokojnom suprugu koji je bolovao od  kroni\u010dne opstruktivne bolesti plu\u0107a puna dva desetlje\u0107a. <\/p>\n\n\n\n<p>Spomenutom Podru\u010dnom uredu HZSR-a podnio je zahtjev za inkluzivni dodatak na koji je, kao kroni\u010dni bolesnik, imao pravo prema Zakonu o inkluzivnom dodatku. Zahtjev je podnesen u sije\u010dnju,   a onda je sredinom travnja preminuo, upravo od posljedica KOPB-a, ne do\u010dekav\u0161i rje\u0161enje. Iko je tra\u017eila retroaktivnu isplatu, zahtjev joj je odbijen. <\/p>\n\n\n\n<p>&#8220;Rekli su mi da suprug nije bio na vje\u0161ta\u010denju i da \u0107u slu\u017ebeno dobiti odbijenicu pa da onda pi\u0161em \u017ealbu. Ostala sam zapanjena takvom reakcijom, pogotovo jer znam da su neki dobili inkluzivni dodatak bez vje\u0161ta\u010denja. Moj suprug nit&#8217; je vidio komisiju (koja provodi vje\u0161ta\u010denje, nap.a.) nit&#8217; ga je itko zvao na vje\u0161ta\u010denje nakon \u0161to je podnio zahtjev&#8221;, kazala je za <a href=\"https:\/\/n1info.hr\/vijesti\/suprug-nije-docekao-inkluzivni-dodatak-umro-je-zapanjilo-me-sto-su-mi-rekli-u-uredu-za-socijalni-rad\/\" target=\"_blank\" rel=\"noreferrer noopener\">N1<\/a>.<\/p><div id=\"mojev-4170874606\" class=\"mojev-u-tekstu mojev-entity-placement\" style=\"margin-left: auto;margin-right: auto;text-align: center;\"><div class=\"mojev-adlabel\">oglas<\/div><div style=\"height: 250px;\"><script async src=\"https:\/\/pagead2.googlesyndication.com\/pagead\/js\/adsbygoogle.js?client=ca-pub-8106111766207173\"\r\n     crossorigin=\"anonymous\"><\/script>\r\n<!-- Prikazni 1 u tekstu -->\r\n<ins class=\"adsbygoogle\"\r\n     style=\"display:block\"\r\n     data-ad-client=\"ca-pub-8106111766207173\"\r\n     data-ad-slot=\"8535551207\"\r\n     data-ad-format=\"auto\"\r\n     data-full-width-responsive=\"true\"><\/ins>\r\n<script>\r\n     (adsbygoogle = window.adsbygoogle || []).push({});\r\n<\/script><\/div><\/div><br style=\"clear: both; display: block; float: none;\"\/>\n\n\n\n<p>U \u010dlanku 20. Zakona o inkluzivnom dodatku pi\u0161e da se &#8220;pravo na inkluzivni dodatak priznaje s danom podno\u0161enja urednog zahtjeva ili pokretanja postupka po slu\u017ebenoj du\u017enosti&#8221;, a u \u010dlanku 26. da &#8220;u slu\u010daju smrti korisnika prava na inkluzivni dodatak pravo prestaje s danom smrti&#8221;.<\/p>\n\n\n\n<p>Prema tome bi, kako tuma\u010di , inkluzivni dodatak njenog preminulog supruga trebao biti ispla\u0107en retroaktivno za onih nekoliko mjeseci od podno\u0161enja zahtjeva pa do njegove smrti. &#8220;Zapanjilo me to \u0161to su mi rekli, ali u na\u0161em dru\u0161tvu ni\u0161ta nije neobi\u010dno. Da stvar bude gora, moj suprug je 20 godina bolovao od KOPB-a. To je trajna bolest od koje je i umro.&#8221;<\/p>\n\n\n\n<p>&#8220;Suprug je predao hrpu medicinske dokumentacije, stotine papira iz kojih se vidi od \u010dega je bolovao i kako se lije\u010dio. Od trenutka kada je predao te papire pa do smrti trebao je imati pravo na inkluzivni dodatak. Ako 20 godina imate neku bolest, onda je to kroni\u010dna bolest, nije izmi\u0161ljena. Zato me pogodio odgovor koji sam \u010dula &#8211; da \u0107u dobiti odbijenicu i da se \u017ealim&#8221;, isti\u010de Zagrep\u010danka.<\/p>\n<div id=\"mojev-1744723604\" class=\"mojev-kraj-teksta mojev-entity-placement\" style=\"margin-bottom: 20px;margin-left: auto;margin-right: auto;text-align: center;\"><div class=\"mojev-adlabel\">oglas<\/div><div style=\"height: 250px;\"><script async src=\"https:\/\/pagead2.googlesyndication.com\/pagead\/js\/adsbygoogle.js?client=ca-pub-8106111766207173\"\r\n     crossorigin=\"anonymous\"><\/script>\r\n<!-- Display-1 -->\r\n<ins class=\"adsbygoogle\"\r\n     style=\"display:block\"\r\n     data-ad-client=\"ca-pub-8106111766207173\"\r\n     data-ad-slot=\"1465712950\"\r\n     data-ad-format=\"auto\"\r\n     data-full-width-responsive=\"true\"><\/ins>\r\n<script>\r\n     (adsbygoogle = window.adsbygoogle || []).push({});\r\n<\/script><\/div><\/div>","protected":false},"excerpt":{"rendered":"<p>Zagrep\u010danka optu\u017euje HZSR Tre\u0161njevka za nepravdu: njen suprug, kroni\u010dni bolesnik s KOPB-om, predao je u sije\u010dnju zahtjev za inkluzivni dodatak, a preminuo je u travnju bez rje\u0161enja.<\/p>\n","protected":false},"author":1,"featured_media":122283,"comment_status":"closed","ping_status":"closed","sticky":false,"template":"","format":"standard","meta":{"footnotes":""},"categories":[9],"tags":[4299],"class_list":["post-137465","post","type-post","status-publish","format-standard","has-post-thumbnail","hentry","category-vijesti","tag-inkluzivni-dodatak"],"_links":{"self":[{"href":"https:\/\/www.mojevrijeme.hr\/magazin\/wp-json\/wp\/v2\/posts\/137465","targetHints":{"allow":["GET"]}}],"collection":[{"href":"https:\/\/www.mojevrijeme.hr\/magazin\/wp-json\/wp\/v2\/posts"}],"about":[{"href":"https:\/\/www.mojevrijeme.hr\/magazin\/wp-json\/wp\/v2\/types\/post"}],"author":[{"embeddable":true,"href":"https:\/\/www.mojevrijeme.hr\/magazin\/wp-json\/wp\/v2\/users\/1"}],"replies":[{"embeddable":true,"href":"https:\/\/www.mojevrijeme.hr\/magazin\/wp-json\/wp\/v2\/comments?post=137465"}],"version-history":[{"count":2,"href":"https:\/\/www.mojevrijeme.hr\/magazin\/wp-json\/wp\/v2\/posts\/137465\/revisions"}],"predecessor-version":[{"id":137467,"href":"https:\/\/www.mojevrijeme.hr\/magazin\/wp-json\/wp\/v2\/posts\/137465\/revisions\/137467"}],"wp:featuredmedia":[{"embeddable":true,"href":"https:\/\/www.mojevrijeme.hr\/magazin\/wp-json\/wp\/v2\/media\/122283"}],"wp:attachment":[{"href":"https:\/\/www.mojevrijeme.hr\/magazin\/wp-json\/wp\/v2\/media?parent=137465"}],"wp:term":[{"taxonomy":"category","embeddable":true,"href":"https:\/\/www.mojevrijeme.hr\/magazin\/wp-json\/wp\/v2\/categories?post=137465"},{"taxonomy":"post_tag","embeddable":true,"href":"https:\/\/www.mojevrijeme.hr\/magazin\/wp-json\/wp\/v2\/tags?post=137465"}],"curies":[{"name":"wp","href":"https:\/\/api.w.org\/{rel}","templated":true}]}}