{"id":137600,"date":"2025-07-03T20:35:35","date_gmt":"2025-07-03T18:35:35","guid":{"rendered":"https:\/\/www.mojevrijeme.hr\/magazin\/?p=137600"},"modified":"2025-07-03T20:37:54","modified_gmt":"2025-07-03T18:37:54","slug":"kriva-procjena-nema-novca-za-inkluzivni-dodatak","status":"publish","type":"post","link":"https:\/\/www.mojevrijeme.hr\/magazin\/2025\/07\/kriva-procjena-nema-novca-za-inkluzivni-dodatak\/","title":{"rendered":"Kriva procjena? Nema novca za inkluzivni dodatak"},"content":{"rendered":"\n<p>Prema slu\u017ebenim podacima koje <a href=\"https:\/\/www.jutarnji.hr\/vijesti\/hrvatska\/velike-napetosti-izmedu-plenkovicevih-ministara-kritike-sve-glasnije-novac-potrosen-a-120-000-ljudi-na-cekanju-15600251\" target=\"_blank\" rel=\"noreferrer noopener\">Jutarnjem listu<\/a> dostavilo Ministarstvo socijalne politike, u ovom trenutku jo\u0161 121.298 osoba s invaliditetom nije dobilo ni rje\u0161enje &#8211; pozitivno ili negativno &#8211; o pravu na inkluzivni dodatak ni isplatu ni zaostatke naknade koja im zakonski pripada od po\u010detka 2024. godine.<\/p>\n\n\n\n<p>Uz nedostatak kapaciteta za propisana vje\u0161ta\u010denja, <a href=\"https:\/\/www.jutarnji.hr\/vijesti\/hrvatska\/velike-napetosti-izmedu-plenkovicevih-ministara-kritike-sve-glasnije-novac-potrosen-a-120-000-ljudi-na-cekanju-15600251\" target=\"_blank\" rel=\"noreferrer noopener\">Jutarnji <\/a>javlja i da se dogodio manjak novca. Dobro upu\u0107eni tvrde da su ministar socijalne politike\u00a0<strong>Marin Pileti\u0107\u00a0<\/strong>i njegov tim pri dono\u0161enju novog zakonskog rje\u0161enja kardinalno pogrije\u0161ili u inicijalnim procjenama broja mogu\u0107ih korisnika te je, sukladno tome, u prora\u010dunu osigurano neusporedivo manje novca od potrebnog.<\/p>\n\n\n\n<p>Ministarstvo socijalne politike ka\u017ee da su u ovom trenutku pozitivno rje\u0161enje o inkluzivnom dodatku dobile su 199.024 osobe, a barem jednu isplatu dosad je primilo njih 168.612. Iznosi inkluzivnog dodatka kre\u0107u se od 138 do 720 eura mjese\u010dno, ovisno o razini invaliditeta. <\/p><div id=\"mojev-495410442\" class=\"mojev-u-tekstu mojev-entity-placement\" style=\"margin-left: auto;margin-right: auto;text-align: center;\"><div class=\"mojev-adlabel\">oglas<\/div><div style=\"height: 250px;\"><script async src=\"https:\/\/pagead2.googlesyndication.com\/pagead\/js\/adsbygoogle.js?client=ca-pub-8106111766207173\"\r\n     crossorigin=\"anonymous\"><\/script>\r\n<!-- Prikazni 1 u tekstu -->\r\n<ins class=\"adsbygoogle\"\r\n     style=\"display:block\"\r\n     data-ad-client=\"ca-pub-8106111766207173\"\r\n     data-ad-slot=\"8535551207\"\r\n     data-ad-format=\"auto\"\r\n     data-full-width-responsive=\"true\"><\/ins>\r\n<script>\r\n     (adsbygoogle = window.adsbygoogle || []).push({});\r\n<\/script><\/div><\/div><br style=\"clear: both; display: block; float: none;\"\/>\n\n\n\n<p>Najgrublja ra\u010dunica pokazuje da Ministarstvo samo za te postoje\u0107e korisnike mjese\u010dno treba 61,3 milijuna eura, odnosno ne\u0161to vi\u0161e od 735 milijuna eura godi\u0161nje. Istovremeno, u prora\u010dunu je za 2025. za isplatu inkluzivnog dodatka osigurano 562,8 milijuna eura.<\/p>\n\n\n\n<p>Dakle, kad cijele ove godine vi\u0161e nijedna nova osoba ne bi primila isplatu inkluzivnog dodatka, u prora\u010dunu nedostaje oko 173 milijuna eura. Da podsjetimo, ve\u0107 sada vi\u0161e od 30.000 ljudi ima pozitivno rje\u0161enje i \u010deka isplatu i zaostatke, a njih vi\u0161e od 120.000 rje\u0161enje tek \u010deka<\/p>\n\n\n\n<p>Problem je tim ve\u0107i \u0161to je Pileti\u0107evo Ministarstvo isti iznos novca &#8211; 562,8 milijuna eura &#8211; ucrtalo i u prora\u010dunski plan za 2026. te za 2027. godinu. Budu\u0107i da je manjak golem i za trogodi\u0161nje razdoblje iznosi najmanje pola milijarde eura &#8211; neki kalkuliraju da je iznos i dvostruko ve\u0107i.<\/p>\n\n\n\n<p>Izvori Jutarnjeg tvrda da su po\u010detkom lipnja ra\u010dunovodstva dobila pismenu obavijest da se &#8220;odga\u0111a isplata inkluzivnih dodataka&#8221;, a voditelji zavoda za socijalnu skrb usmenu uputu da &#8220;uspore&#8221; s dono\u0161enjem novih rje\u0161enja. Navodno je i vje\u0161tacima proslije\u0111ena uputa da u dono\u0161enju nalaza budu maksimalno rigorozni. Ministarstvo odbacuje navode o sustavnoj odgodi.<\/p>\n<div id=\"mojev-2297558655\" class=\"mojev-kraj-teksta mojev-entity-placement\" style=\"margin-bottom: 20px;margin-left: auto;margin-right: auto;text-align: center;\"><div class=\"mojev-adlabel\">oglas<\/div><div style=\"height: 250px;\"><script async src=\"https:\/\/pagead2.googlesyndication.com\/pagead\/js\/adsbygoogle.js?client=ca-pub-8106111766207173\"\r\n     crossorigin=\"anonymous\"><\/script>\r\n<!-- Display-1 -->\r\n<ins class=\"adsbygoogle\"\r\n     style=\"display:block\"\r\n     data-ad-client=\"ca-pub-8106111766207173\"\r\n     data-ad-slot=\"1465712950\"\r\n     data-ad-format=\"auto\"\r\n     data-full-width-responsive=\"true\"><\/ins>\r\n<script>\r\n     (adsbygoogle = window.adsbygoogle || []).push({});\r\n<\/script><\/div><\/div>","protected":false},"excerpt":{"rendered":"<p>Vi\u0161e od 120.000 osoba s invaliditetom jo\u0161 \u010deka rje\u0161enje o inkluzivnom dodatku, a zbog navodnih pogre\u0161nih procjena Ministarstva socijalne politike u prora\u010dunu zjapi rupa od najmanje 173 milijuna eura; isplate kasne, a vje\u0161ta\u010denja i izdavanja rje\u0161enja se namjerno usporavaju.<\/p>\n","protected":false},"author":1,"featured_media":128123,"comment_status":"closed","ping_status":"closed","sticky":false,"template":"","format":"standard","meta":{"footnotes":""},"categories":[9],"tags":[4299],"class_list":["post-137600","post","type-post","status-publish","format-standard","has-post-thumbnail","hentry","category-vijesti","tag-inkluzivni-dodatak"],"_links":{"self":[{"href":"https:\/\/www.mojevrijeme.hr\/magazin\/wp-json\/wp\/v2\/posts\/137600","targetHints":{"allow":["GET"]}}],"collection":[{"href":"https:\/\/www.mojevrijeme.hr\/magazin\/wp-json\/wp\/v2\/posts"}],"about":[{"href":"https:\/\/www.mojevrijeme.hr\/magazin\/wp-json\/wp\/v2\/types\/post"}],"author":[{"embeddable":true,"href":"https:\/\/www.mojevrijeme.hr\/magazin\/wp-json\/wp\/v2\/users\/1"}],"replies":[{"embeddable":true,"href":"https:\/\/www.mojevrijeme.hr\/magazin\/wp-json\/wp\/v2\/comments?post=137600"}],"version-history":[{"count":10,"href":"https:\/\/www.mojevrijeme.hr\/magazin\/wp-json\/wp\/v2\/posts\/137600\/revisions"}],"predecessor-version":[{"id":137612,"href":"https:\/\/www.mojevrijeme.hr\/magazin\/wp-json\/wp\/v2\/posts\/137600\/revisions\/137612"}],"wp:featuredmedia":[{"embeddable":true,"href":"https:\/\/www.mojevrijeme.hr\/magazin\/wp-json\/wp\/v2\/media\/128123"}],"wp:attachment":[{"href":"https:\/\/www.mojevrijeme.hr\/magazin\/wp-json\/wp\/v2\/media?parent=137600"}],"wp:term":[{"taxonomy":"category","embeddable":true,"href":"https:\/\/www.mojevrijeme.hr\/magazin\/wp-json\/wp\/v2\/categories?post=137600"},{"taxonomy":"post_tag","embeddable":true,"href":"https:\/\/www.mojevrijeme.hr\/magazin\/wp-json\/wp\/v2\/tags?post=137600"}],"curies":[{"name":"wp","href":"https:\/\/api.w.org\/{rel}","templated":true}]}}