{"id":137717,"date":"2025-07-08T09:16:02","date_gmt":"2025-07-08T07:16:02","guid":{"rendered":"https:\/\/www.mojevrijeme.hr\/magazin\/?p=137717"},"modified":"2025-07-08T09:16:09","modified_gmt":"2025-07-08T07:16:09","slug":"durdevcanin-58-udario-majku-od-cije-penzije-zivi-dobio-uvjetnu-kaznu","status":"publish","type":"post","link":"https:\/\/www.mojevrijeme.hr\/magazin\/2025\/07\/durdevcanin-58-udario-majku-od-cije-penzije-zivi-dobio-uvjetnu-kaznu\/","title":{"rendered":"\u0110ur\u0111ev\u010danin (58) udario majku od \u010dije penzije \u017eivi, dobio uvjetnu kaznu"},"content":{"rendered":"\n<p>Sedam mjeseci zatvora, uvjetno godinu dana dobio je 58-godi\u0161njak jer je te\u0161ko ozlijedio svoju majku tako \u0161to ju je udario stolicom po glavi! Dogodilo se to u obiteljskoj ku\u0107i u jednom mjestu nedaleko \u0110ur\u0111evca. Sud mu je izdao kazneni nalog te utvrdio kako ima dovoljno dokaza da mu se odredi kazna, kako je uostalom navedeno u optu\u017enici, javlja <a href=\"https:\/\/epodravina.hr\/stolicom-opalio-majku-po-glavi-a-njena-mirovina-jedino-je-sto-ga-drzi-na-zivotu\/\" target=\"_blank\" rel=\"noreferrer noopener\">e-podravina<\/a>.<\/p>\n\n\n\n<p>Mu\u0161karac je sredinom studenog 2023. godine u jutarnjim satima napao i te\u0161ko ozlijedio majku. Kako se navodi u presudi, on je uzeo stolicu, zamahnuo i udario ju po glavi. Nesretna je \u017eena dobila porezotinu i natu\u010denje u podru\u010dju glave. Tragedija je u cijeloj pri\u010di \u0161to se ovaj nezaposleni mu\u0161karac uzdr\u017eava samo zahvaljuju\u0107i maj\u010dinoj mirovini.<\/p>\n\n\n\n<p>Podsjetimo, prema podacima Svjetske zdravstvene organizacije, svaka \u0161esta starija osoba do\u017eivljava neki oblik zlostavljanja, a zlostavlja\u010d je naj\u010de\u0161\u0107e \u010dlan obitelji. U Hrvatskoj je tijekom 2020. godine evidentirano 1.095 slu\u010dajeva nasilja nad osobama starijima od 65 godina, no stru\u010dnjaci upozoravaju da se prijavljuje tek svaki trinaesti ili \u010detrnaesti slu\u010daj.<\/p><div id=\"mojev-3773912596\" class=\"mojev-u-tekstu mojev-entity-placement\" style=\"margin-left: auto;margin-right: auto;text-align: center;\"><div class=\"mojev-adlabel\">oglas<\/div><div style=\"height: 250px;\"><script async src=\"https:\/\/pagead2.googlesyndication.com\/pagead\/js\/adsbygoogle.js?client=ca-pub-8106111766207173\"\r\n     crossorigin=\"anonymous\"><\/script>\r\n<!-- Prikazni 1 u tekstu -->\r\n<ins class=\"adsbygoogle\"\r\n     style=\"display:block\"\r\n     data-ad-client=\"ca-pub-8106111766207173\"\r\n     data-ad-slot=\"8535551207\"\r\n     data-ad-format=\"auto\"\r\n     data-full-width-responsive=\"true\"><\/ins>\r\n<script>\r\n     (adsbygoogle = window.adsbygoogle || []).push({});\r\n<\/script><\/div><\/div><br style=\"clear: both; display: block; float: none;\"\/>\n\n\n\n<p>Naj\u010de\u0161\u0107i oblici nasilja su psihi\u010dko i financijsko zlostavljanje, fizi\u010dko nasilje i zanemarivanje osnovnih potreba. Iako istra\u017eivanja pokazuju da je gotovo tre\u0107ina starijih osoba do\u017eivjela nasilje, polovica njih nikome to nije priznala. \u017drtve su \u010desto \u017eene starije od 70 godina, koje nisu nu\u017eno ovisne o zlostavlja\u010du, ali nasilje ne prijavljuju zbog osje\u0107aja srama, straha ili nepovjerenja u sustav.<\/p>\n<div id=\"mojev-1209624099\" class=\"mojev-kraj-teksta mojev-entity-placement\" style=\"margin-bottom: 20px;margin-left: auto;margin-right: auto;text-align: center;\"><div class=\"mojev-adlabel\">oglas<\/div><div style=\"height: 250px;\"><script async src=\"https:\/\/pagead2.googlesyndication.com\/pagead\/js\/adsbygoogle.js?client=ca-pub-8106111766207173\"\r\n     crossorigin=\"anonymous\"><\/script>\r\n<!-- Display-1 -->\r\n<ins class=\"adsbygoogle\"\r\n     style=\"display:block\"\r\n     data-ad-client=\"ca-pub-8106111766207173\"\r\n     data-ad-slot=\"1465712950\"\r\n     data-ad-format=\"auto\"\r\n     data-full-width-responsive=\"true\"><\/ins>\r\n<script>\r\n     (adsbygoogle = window.adsbygoogle || []).push({});\r\n<\/script><\/div><\/div>","protected":false},"excerpt":{"rendered":"<p>Nasilje nad starijima \u010desto se doga\u0111a iza zatvorenih vrata, a po\u010dinitelj je nerijetko netko blizak. U slu\u010daju iz Podravine, sud je donio presudu za te\u0161ko ozlje\u0111ivanje majke, ali pitanje ostaje: koliko je ovakvih slu\u010dajeva jo\u0161 neotkriveno<\/p>\n","protected":false},"author":1,"featured_media":106046,"comment_status":"closed","ping_status":"closed","sticky":false,"template":"","format":"standard","meta":{"footnotes":""},"categories":[9],"tags":[596,1450,941],"class_list":["post-137717","post","type-post","status-publish","format-standard","has-post-thumbnail","hentry","category-vijesti","tag-crna-kronika","tag-obiteljsko-nasilje","tag-zlostavljanje"],"_links":{"self":[{"href":"https:\/\/www.mojevrijeme.hr\/magazin\/wp-json\/wp\/v2\/posts\/137717","targetHints":{"allow":["GET"]}}],"collection":[{"href":"https:\/\/www.mojevrijeme.hr\/magazin\/wp-json\/wp\/v2\/posts"}],"about":[{"href":"https:\/\/www.mojevrijeme.hr\/magazin\/wp-json\/wp\/v2\/types\/post"}],"author":[{"embeddable":true,"href":"https:\/\/www.mojevrijeme.hr\/magazin\/wp-json\/wp\/v2\/users\/1"}],"replies":[{"embeddable":true,"href":"https:\/\/www.mojevrijeme.hr\/magazin\/wp-json\/wp\/v2\/comments?post=137717"}],"version-history":[{"count":4,"href":"https:\/\/www.mojevrijeme.hr\/magazin\/wp-json\/wp\/v2\/posts\/137717\/revisions"}],"predecessor-version":[{"id":137721,"href":"https:\/\/www.mojevrijeme.hr\/magazin\/wp-json\/wp\/v2\/posts\/137717\/revisions\/137721"}],"wp:featuredmedia":[{"embeddable":true,"href":"https:\/\/www.mojevrijeme.hr\/magazin\/wp-json\/wp\/v2\/media\/106046"}],"wp:attachment":[{"href":"https:\/\/www.mojevrijeme.hr\/magazin\/wp-json\/wp\/v2\/media?parent=137717"}],"wp:term":[{"taxonomy":"category","embeddable":true,"href":"https:\/\/www.mojevrijeme.hr\/magazin\/wp-json\/wp\/v2\/categories?post=137717"},{"taxonomy":"post_tag","embeddable":true,"href":"https:\/\/www.mojevrijeme.hr\/magazin\/wp-json\/wp\/v2\/tags?post=137717"}],"curies":[{"name":"wp","href":"https:\/\/api.w.org\/{rel}","templated":true}]}}