{"id":137761,"date":"2025-07-14T05:31:39","date_gmt":"2025-07-14T03:31:39","guid":{"rendered":"https:\/\/www.mojevrijeme.hr\/magazin\/?p=137761"},"modified":"2025-07-14T05:32:25","modified_gmt":"2025-07-14T03:32:25","slug":"kako-stariju-osobu-nagovoriti-da-prestane-voziti","status":"publish","type":"post","link":"https:\/\/www.mojevrijeme.hr\/magazin\/2025\/07\/kako-stariju-osobu-nagovoriti-da-prestane-voziti\/","title":{"rendered":"Kako stariju osobu nagovoriti da prestane voziti"},"content":{"rendered":"\n<p>&#8220;Nakon prometnog incidenta koji je skrivila prije nekoliko mjeseci, svekrvi smo jasno rekli da vi\u0161e ne smije voziti na\u0161u djecu. Na to je odmah pristala, bez rasprave. No, iznenadilo nas je \u0161to pritom nije uzela u obzir da bi trebala u potpunosti prestati voziti&#8221;, po\u017ealila se snaha \u017eivotnoj savjetnici <a href=\"https:\/\/www.theguardian.com\/uk\/lifeandstyle\" target=\"_blank\" rel=\"noreferrer noopener\"><em>The Guardiana<\/em><\/a> <strong>Annalisi Barbieri<\/strong>.<\/p>\n\n\n\n<p>U pismu obja\u0161njava: &#8220;Muke s njenom vo\u017enjom traju ve\u0107 neko vrijeme. Prije godinu dana dijagnosticirana joj je siva mrena, a lije\u010dnik joj je tada strogo zabranio sjesti za volan. U tom se razdoblju itekako dobro snalazila, koristila je besplatnu autobusnu kartu i vi\u0161e hodala te je \u010dak priznala da joj to koristi zdravlju.&#8221;<\/p>\n\n\n\n<h3 class=\"wp-block-heading\">Povratak volanu nakon operacije mrene <\/h3>\n\n\n\n<p>&#8220;Me\u0111utim, nakon operacije mrene, \u010dim joj je lije\u010dnik rekao da mo\u017ee voziti, opet se ne da izvu\u0107i iz auta. Nedavno je obnovila sva mogu\u0107a autoosiguranja i platila toliko da si je mogla godinu dana pla\u0107ati taksi koji je u gradu danas zbilja jeftin&#8221;, napominje.<\/p><div id=\"mojev-799261343\" class=\"mojev-u-tekstu mojev-entity-placement\" style=\"margin-left: auto;margin-right: auto;text-align: center;\"><div class=\"mojev-adlabel\">oglas<\/div><div style=\"height: 250px;\"><script async src=\"https:\/\/pagead2.googlesyndication.com\/pagead\/js\/adsbygoogle.js?client=ca-pub-8106111766207173\"\r\n     crossorigin=\"anonymous\"><\/script>\r\n<!-- Prikazni 1 u tekstu -->\r\n<ins class=\"adsbygoogle\"\r\n     style=\"display:block\"\r\n     data-ad-client=\"ca-pub-8106111766207173\"\r\n     data-ad-slot=\"8535551207\"\r\n     data-ad-format=\"auto\"\r\n     data-full-width-responsive=\"true\"><\/ins>\r\n<script>\r\n     (adsbygoogle = window.adsbygoogle || []).push({});\r\n<\/script><\/div><\/div><br style=\"clear: both; display: block; float: none;\"\/>\n\n\n\n<p>Svekrva joj je, priznaje, dobra \u017eena koja je sama podigla \u010detvero djece i ne bi je htjela uvrijediti, ali se boji da bi joj se moglo ne\u0161to dogoditi u prometu. &#8220;Nekako joj ipak moramo re\u0107i jer je postala opasnost za sebe i druge sudionike u prometu, a nerijetko nudi prijevoz i svojim starijim prijateljima. Ozbiljno se brinemo i zami\u0161ljamo svakojake scenarije, a ne znam \u0161to poduzeti po tom pitanju&#8221;, isti\u010de zabrinuta snaha.<\/p>\n\n\n\n<p>&#8220;Shva\u0107am da bi, ako prestane voziti, svekrva trebala vi\u0161e pomo\u0107i sa strane koju mi ne mo\u017eemo uvijek i odmah pru\u017eiti jer ne \u017eivimo blizu. No rizici za njezinu i sigurnost okoline ve\u0107i su od eventualnih neugodnosti za obitelj. Vjerujem da bismo se mogli dogovoriti tko \u0107e joj pomo\u0107i. Pitanje je kako joj objasniti da je do\u0161lo njezino vrijeme da je drugi paze i voze. Ne znam kako joj re\u0107i da stvarno shvati i prihvati da je trenutak da volan prepusti drugima&#8221;, stoji u pismu.<\/p>\n\n\n\n<h3 class=\"wp-block-heading\">To je i suprugova odgovornost<\/h3>\n\n\n\n<p>\u017divotna savjetnica <strong>Annalisa Barbieri <\/strong>istaknula je da je ovo sve ra\u0161ireniji problem. &#8220;Sje\u0107am se kako sam nedavno razgovarala sa <strong>psihoterapeutom Chrisom Millsom<\/strong> o majci svoje prijateljice koja je imala demenciju i vi\u0161e nije bila sigurna za upravlja\u010dem. Rekao je ne\u0161to \u0161to mi je ostalo duboko u sje\u0107anju: Da je imala oru\u017eje u ruci, nitko ne bi oklijevao oduzeti joj ga. A automobil tako\u0111er mo\u017ee biti smrtonosan.&#8221;<\/p>\n\n\n\n<p>Barbieri ka\u017ee da je u redu izraziti brige i da svekrvu valja upozoriti. Ali i da je to posao za supruga, a ne za snahu. &#8220;On je njen sin i brat njezine ostale djece, a u obiteljima obi\u010dno postoji netko tko prvi primijeti i iznese probleme. Ovako postoji rizik da vas drugi proglase prestrogom i onom koja se gura tamo gdje joj nije mjesto.&#8221;<\/p>\n\n\n\n<p>Starijoj osobi nije uvijek jednostavno<strong> <\/strong>prihvatiti<strong> <\/strong>da je do\u0161lo vrijeme da odustane od dijela samostalnosti. Za nju je to veliki doga\u0111aj i zato tome treba pristupiti s oprezom. I zato joj treba treba re\u0107i d njena vo\u017enja nije sigurna, kao i to da bi netko mogao stradati.<\/p>\n\n\n\n<h3 class=\"wp-block-heading\">\u0160to ako odbije poslu\u0161ati?<\/h3>\n\n\n\n<p>Kao krajnje rje\u0161enje \u017eivotna savjetnica navodi i poziv svekrvinom lije\u010dniku koji bi joj mogao administrativno poni\u0161titi voz\u010dku dozvolu. &#8220;Imajte i dalje na umu da se tu radi o ne\u010dem puno slo\u017eenijem od same vo\u017enje, pa vas molim da svekrvi u svakom razgovoru na tu temu uka\u017eete koliko je jo\u0161 uvijek potrebna i voljena&#8221;, savjetuje Barbieri.<\/p>\n<div id=\"mojev-361550550\" class=\"mojev-kraj-teksta mojev-entity-placement\" style=\"margin-bottom: 20px;margin-left: auto;margin-right: auto;text-align: center;\"><div class=\"mojev-adlabel\">oglas<\/div><div style=\"height: 250px;\"><script async src=\"https:\/\/pagead2.googlesyndication.com\/pagead\/js\/adsbygoogle.js?client=ca-pub-8106111766207173\"\r\n     crossorigin=\"anonymous\"><\/script>\r\n<!-- Display-1 -->\r\n<ins class=\"adsbygoogle\"\r\n     style=\"display:block\"\r\n     data-ad-client=\"ca-pub-8106111766207173\"\r\n     data-ad-slot=\"1465712950\"\r\n     data-ad-format=\"auto\"\r\n     data-full-width-responsive=\"true\"><\/ins>\r\n<script>\r\n     (adsbygoogle = window.adsbygoogle || []).push({});\r\n<\/script><\/div><\/div>","protected":false},"excerpt":{"rendered":"<p>Stariji \u010desto ne \u017eele prihvatiti da im sposobnosti slabe pa su tvrdoglavi i nastavljaju raditi stvari koje njihovoj odrasloj djeci di\u017eu kosu na glavi. Kako im onda obazrivo, ali jasno re\u0107i da vi\u0161e nisu sigurni za volanom? Pro\u010ditajte mi\u0161ljenje \u017eivotne savjetnice.<\/p>\n","protected":false},"author":17,"featured_media":48399,"comment_status":"closed","ping_status":"closed","sticky":false,"template":"","format":"standard","meta":{"footnotes":""},"categories":[2],"tags":[610,80,3393,566],"class_list":["post-137761","post","type-post","status-publish","format-standard","has-post-thumbnail","hentry","category-mozaik","tag-promet","tag-starenje","tag-vozaci","tag-vozacka-dozvola"],"_links":{"self":[{"href":"https:\/\/www.mojevrijeme.hr\/magazin\/wp-json\/wp\/v2\/posts\/137761","targetHints":{"allow":["GET"]}}],"collection":[{"href":"https:\/\/www.mojevrijeme.hr\/magazin\/wp-json\/wp\/v2\/posts"}],"about":[{"href":"https:\/\/www.mojevrijeme.hr\/magazin\/wp-json\/wp\/v2\/types\/post"}],"author":[{"embeddable":true,"href":"https:\/\/www.mojevrijeme.hr\/magazin\/wp-json\/wp\/v2\/users\/17"}],"replies":[{"embeddable":true,"href":"https:\/\/www.mojevrijeme.hr\/magazin\/wp-json\/wp\/v2\/comments?post=137761"}],"version-history":[{"count":7,"href":"https:\/\/www.mojevrijeme.hr\/magazin\/wp-json\/wp\/v2\/posts\/137761\/revisions"}],"predecessor-version":[{"id":137985,"href":"https:\/\/www.mojevrijeme.hr\/magazin\/wp-json\/wp\/v2\/posts\/137761\/revisions\/137985"}],"wp:featuredmedia":[{"embeddable":true,"href":"https:\/\/www.mojevrijeme.hr\/magazin\/wp-json\/wp\/v2\/media\/48399"}],"wp:attachment":[{"href":"https:\/\/www.mojevrijeme.hr\/magazin\/wp-json\/wp\/v2\/media?parent=137761"}],"wp:term":[{"taxonomy":"category","embeddable":true,"href":"https:\/\/www.mojevrijeme.hr\/magazin\/wp-json\/wp\/v2\/categories?post=137761"},{"taxonomy":"post_tag","embeddable":true,"href":"https:\/\/www.mojevrijeme.hr\/magazin\/wp-json\/wp\/v2\/tags?post=137761"}],"curies":[{"name":"wp","href":"https:\/\/api.w.org\/{rel}","templated":true}]}}