{"id":137874,"date":"2025-07-11T09:40:52","date_gmt":"2025-07-11T07:40:52","guid":{"rendered":"https:\/\/www.mojevrijeme.hr\/magazin\/?p=137874"},"modified":"2025-07-11T09:41:05","modified_gmt":"2025-07-11T07:41:05","slug":"mirovine-su-male-ali-ostavite-pesimizam-po-strani","status":"publish","type":"post","link":"https:\/\/www.mojevrijeme.hr\/magazin\/2025\/07\/mirovine-su-male-ali-ostavite-pesimizam-po-strani\/","title":{"rendered":"Mirovine su male, ali ostavite pesimizam po strani"},"content":{"rendered":"\n<p>Koliko puta u \u017eivotu ste pomislili, e da mi je samo imati to i to i bio bih sretan? Pod to mislimo na ve\u0107u pla\u0107u ili mirovinu, vlastiti stan, apartman na moru, bolji automobil. Dok smo bili mla\u0111i sve se svodilo uglavnom na materijalno, no kako godine idu ljudi shvate kolika je va\u017enost i nematerijalnih stvari, prije svega zdravlja.<\/p>\n\n\n\n<p>S vremenom shvatite i da nekad kad imate lo\u0161u situaciju u \u017eivotu, da vam uvijek mo\u017ee biti i jo\u0161 gore od toga. Mnoge generacije Hrvata do\u017eivjele su i ratne strahote, a starenje neizbje\u017eno donosi sa sobom i bolesti i umiranje voljenih osoba, \u010dlanova obitelji, prijatelja, kao i propadanje vlastitog zdravlja, pi\u0161e glavni tajnik Sindikata umirovljenika (SUH) Igor Kne\u017eevi\u0107 za <a href=\"http:\/\/suh.hr\" data-type=\"link\" data-id=\"suh.hr\" target=\"_blank\" rel=\"noreferrer noopener\">Glas umirovljenika<\/a>.<\/p>\n\n\n\n<p>Na\u017ealost, starenje, osim zdravstvenih rizika, u Hrvatskoj sa sobom donosi i rizik od siroma\u0161tva, koji je statisti\u010dki iz godine u godinu sve ve\u0107i. Ve\u0107ina generacija Hrvata do\u017eivjela je, i kako sada stvari stoje do\u017eivjet \u0107e i ubudu\u0107e, \u0161okove pri umirovljenju, kada im rje\u0161enje s iznosom mirovine u rukama pokazuje da \u0107e im mirovina iznositi 35-40 posto donedavne pla\u0107e.<\/p><div id=\"mojev-2507111592\" class=\"mojev-u-tekstu mojev-entity-placement\" style=\"margin-left: auto;margin-right: auto;text-align: center;\"><div class=\"mojev-adlabel\">oglas<\/div><div style=\"height: 250px;\"><script async src=\"https:\/\/pagead2.googlesyndication.com\/pagead\/js\/adsbygoogle.js?client=ca-pub-8106111766207173\"\r\n     crossorigin=\"anonymous\"><\/script>\r\n<!-- Prikazni 1 u tekstu -->\r\n<ins class=\"adsbygoogle\"\r\n     style=\"display:block\"\r\n     data-ad-client=\"ca-pub-8106111766207173\"\r\n     data-ad-slot=\"8535551207\"\r\n     data-ad-format=\"auto\"\r\n     data-full-width-responsive=\"true\"><\/ins>\r\n<script>\r\n     (adsbygoogle = window.adsbygoogle || []).push({});\r\n<\/script><\/div><\/div><br style=\"clear: both; display: block; float: none;\"\/>\n\n\n\n<p>Ni novi Zakon o mirovinskom osiguranju koji je stupio na snagu 1. srpnja 2025. godine ne\u0107e ni\u0161ta bitnije promijeniti kod na\u0161ih umirovljenika. Tek \u0107e ponekim kategorijama umirovljenika mirovina primjetnije, a opet nedovoljno porasti, od 40 do 75 eura, (invalidskim i penaliziranim prijevremenim umirovljenicima koji imaju 70 godina \u017eivota), i to tek od 1. sije\u010dnja 2026. godine.<\/p>\n\n\n\n<p>Kad se lo\u0161oj financijskoj situaciji umirovljenika pridodaju i liste \u010dekanja u bolnicama gdje se za neke preglede \u010deka i po dvije godine, pa zadnje eure moraju davati za privatne preglede, ili se moliti da do pregleda im se ne\u0107e razviti neka te\u0161ka bolest, onda je stvarno te\u0161ko zadr\u017eati optimizam i biti zadovoljan sa stanjem u dru\u0161tvu u kojem \u017eivi\u0161. No, koja im je alternativa? Nije tajna da optimisti du\u017ee \u017eive od pesimista i da imaju manje zdravstvenih problema kroz cijeli \u017eivot. Razmi\u0161ljaju\u0107i stalno negativno, \u010ditaju\u0107i samo negativne vijesti po portalima ne\u0107ete si puno pomo\u0107i.<\/p>\n\n\n\n<p>Svakako je dobro izbaciti bijes ili srd\u017ebu nekim primjerenim komentarom na dru\u0161tvenim mre\u017eama ili portalima, ma i blago opsujte ako treba bez vrije\u0111anja drugog, pi\u0161ite pisma Vladi, no ako vam je stalno stanje svijesti da je sve oko vas lo\u0161e, na kraju \u0107e i vama biti gore. Provjereno. Otrgnite se lo\u0161im vijestima i lo\u0161im mislima, za po\u010detak u\u017eivajte u ovom ljetu.<\/p>\n\n\n\n<p>SUH je nakon dugih i iscrpnih analiza, dogovaranja, zahtjeva, zatim pro\u0161logodi\u0161nje organizirane peticije &#8220;Ve\u0107e mirovine odmah!&#8221; tako\u0111er do\u010dekao novi Zakon o mirovinskom osiguranju s velikim razo\u010daranjem. No, moramo gledati naprijed i nadati se da \u0107e Vlada ubudu\u0107e imati vi\u0161e sluha. A ako ne\u0107e, onda \u0107emo svi morati s ja\u010dim pritiskom uvjeriti Vladu da popravi taj odnos, pa makar organizirali i prosvjede. Druga opcija su parlamentarni izbori, ali oni su tek 2028. godine, i pou\u010deni pro\u0161lo\u0161\u0107u, pitanje je bi li neka druga stranka na vlasti u\u010dinila i\u0161ta bolje za umirovljenike.<\/p>\n\n\n\n<p>Da bi nam bilo lak\u0161e, prvi korak je iza\u0107i iz pesimizma i usmjeriti misli na pozitivne stvari koje imamo. Npr. ako ste jedan od 91 posto Hrvata koji imaju vlastitu nekretninu u kojoj \u017eive, to je puno vi\u0161e nego 50 posto Nijemaca ili 40 posto \u0160vicaraca.<\/p>\n\n\n\n<p>Dakle, imate ne\u0161to o \u010demu mnogi stariji Nijemci mogu samo sanjati i jednako tako \u010deznu za svojim stanom, ku\u0107om, kao vi za ve\u0107om mirovinom, a bez pomo\u0107i djece ili socijalnih slu\u017ebi ti Nijemci ne mogu pla\u0107ati najam stana ili dom za starije \u010dije cijene su u prosjeku ve\u0107e za 1.000 eura od njihovih mirovina.<\/p>\n\n\n\n<p>Ako imate nekretninu na moru, to je luksuz koji mnogi europski umirovljenici nemaju. Ako imate djecu i unuke koji vas posje\u0107uju, ako\u2026 Nastavite niz s dobrim stvarima koje imate. Za va\u0161e dobro, ostavite pesimizam po strani.<\/p>\n\n\n\n<div id=\"crveno\"><\/p>\n\n\n\n<h3 class=\"wp-block-heading\">Zanima nas va\u0161a pri\u010da<\/h3>\n\n\n\n<p>\u017delite li i vi, posve anonimno, podijeliti svoje iskustvo i vi\u0111enje ove teme s nama i na\u0161im \u010ditateljima, mo\u017eete to u\u010diniti putem web obrasca <a rel=\"noreferrer noopener\" href=\"https:\/\/www.mojevrijeme.hr\/magazin\/povjerljivo\/\" target=\"_blank\">Povjerljivo<\/a>. Napi\u0161ite svoju pri\u010du!<\/p>\n\n\n\n<p><\/div>\n<div id=\"mojev-4221687173\" class=\"mojev-kraj-teksta mojev-entity-placement\" style=\"margin-bottom: 20px;margin-left: auto;margin-right: auto;text-align: center;\"><div class=\"mojev-adlabel\">oglas<\/div><div style=\"height: 250px;\"><script async src=\"https:\/\/pagead2.googlesyndication.com\/pagead\/js\/adsbygoogle.js?client=ca-pub-8106111766207173\"\r\n     crossorigin=\"anonymous\"><\/script>\r\n<!-- Display-1 -->\r\n<ins class=\"adsbygoogle\"\r\n     style=\"display:block\"\r\n     data-ad-client=\"ca-pub-8106111766207173\"\r\n     data-ad-slot=\"1465712950\"\r\n     data-ad-format=\"auto\"\r\n     data-full-width-responsive=\"true\"><\/ins>\r\n<script>\r\n     (adsbygoogle = window.adsbygoogle || []).push({});\r\n<\/script><\/div><\/div>","protected":false},"excerpt":{"rendered":"<p>Dok god se gleda samo ono \u0161to nedostaje, te\u0161ko je vidjeti ono \u0161to imamo i \u0161to vrijedi. Mnogima ni Njema\u010dka ni \u0160vicarska ne mogu ponuditi ono \u0161to ve\u0107 imaju; mir, dom i ljude koji ih vole.<\/p>\n","protected":false},"author":1,"featured_media":127036,"comment_status":"closed","ping_status":"closed","sticky":false,"template":"","format":"standard","meta":{"footnotes":""},"categories":[2],"tags":[41,35],"class_list":["post-137874","post","type-post","status-publish","format-standard","has-post-thumbnail","hentry","category-mozaik","tag-optimizam","tag-sreca"],"_links":{"self":[{"href":"https:\/\/www.mojevrijeme.hr\/magazin\/wp-json\/wp\/v2\/posts\/137874","targetHints":{"allow":["GET"]}}],"collection":[{"href":"https:\/\/www.mojevrijeme.hr\/magazin\/wp-json\/wp\/v2\/posts"}],"about":[{"href":"https:\/\/www.mojevrijeme.hr\/magazin\/wp-json\/wp\/v2\/types\/post"}],"author":[{"embeddable":true,"href":"https:\/\/www.mojevrijeme.hr\/magazin\/wp-json\/wp\/v2\/users\/1"}],"replies":[{"embeddable":true,"href":"https:\/\/www.mojevrijeme.hr\/magazin\/wp-json\/wp\/v2\/comments?post=137874"}],"version-history":[{"count":1,"href":"https:\/\/www.mojevrijeme.hr\/magazin\/wp-json\/wp\/v2\/posts\/137874\/revisions"}],"predecessor-version":[{"id":137875,"href":"https:\/\/www.mojevrijeme.hr\/magazin\/wp-json\/wp\/v2\/posts\/137874\/revisions\/137875"}],"wp:featuredmedia":[{"embeddable":true,"href":"https:\/\/www.mojevrijeme.hr\/magazin\/wp-json\/wp\/v2\/media\/127036"}],"wp:attachment":[{"href":"https:\/\/www.mojevrijeme.hr\/magazin\/wp-json\/wp\/v2\/media?parent=137874"}],"wp:term":[{"taxonomy":"category","embeddable":true,"href":"https:\/\/www.mojevrijeme.hr\/magazin\/wp-json\/wp\/v2\/categories?post=137874"},{"taxonomy":"post_tag","embeddable":true,"href":"https:\/\/www.mojevrijeme.hr\/magazin\/wp-json\/wp\/v2\/tags?post=137874"}],"curies":[{"name":"wp","href":"https:\/\/api.w.org\/{rel}","templated":true}]}}