{"id":137921,"date":"2025-07-14T05:20:31","date_gmt":"2025-07-14T03:20:31","guid":{"rendered":"https:\/\/www.mojevrijeme.hr\/magazin\/?p=137921"},"modified":"2025-08-09T18:19:08","modified_gmt":"2025-08-09T16:19:08","slug":"zbog-mladeg-ljubavnika-sam-bolja-supruga-i-majka-hvala-mu-2","status":"publish","type":"post","link":"https:\/\/www.mojevrijeme.hr\/magazin\/2025\/07\/zbog-mladeg-ljubavnika-sam-bolja-supruga-i-majka-hvala-mu-2\/","title":{"rendered":"U vezi s mla\u0111im kolegom: &#8216;Blistam! Sad sam bolja majka i supruga&#8217;"},"content":{"rendered":"\n<p>Preljub i velika razlika u godinama me\u0111u ljubavnim partnerima, dvije su stvari koje na\u0161i komentatori na dru\u0161tvenim mre\u017eama najvi\u0161e osu\u0111uju. Potaknuta, kako ka\u017ee, drvljem i kamenjem, koje &#8220;pravednici&#8221; s Facebooka bacaju na druge, javila nam se \u010ditateljica Marina. Ona je, naime, po\u010dinila oba grijeha.<\/p>\n\n\n\n<p>Marina ima 50 godina, u braku je sa svojom studentskom ljubavi. Situirani su, sretni u smislu djece i sre\u0111enih \u017eivota, pa ipak je posegnula za mla\u0111im mu\u0161karcem.<\/p>\n\n\n\n<p>&#8220;Iako supruga volim vi\u0161e od \u017eivota, na\u0161 brak je zapao u rutinu. Na\u0161a ljubav je jaka, ali svakodnevne obaveze i monotonija u\u010dinile su da se osje\u0107am manje kao svoja prava ja. Zaboravila sam da mogu biti i duhovita i zavodljiva i lijepa drugima. Ne mislim da je moj suprug kriv za to, jednostavno se dogodilo.&#8221;<\/p><div id=\"mojev-4138148925\" class=\"mojev-u-tekstu mojev-entity-placement\" style=\"margin-left: auto;margin-right: auto;text-align: center;\"><div class=\"mojev-adlabel\">oglas<\/div><div style=\"height: 250px;\"><script async src=\"https:\/\/pagead2.googlesyndication.com\/pagead\/js\/adsbygoogle.js?client=ca-pub-8106111766207173\"\r\n     crossorigin=\"anonymous\"><\/script>\r\n<!-- Prikazni 1 u tekstu -->\r\n<ins class=\"adsbygoogle\"\r\n     style=\"display:block\"\r\n     data-ad-client=\"ca-pub-8106111766207173\"\r\n     data-ad-slot=\"8535551207\"\r\n     data-ad-format=\"auto\"\r\n     data-full-width-responsive=\"true\"><\/ins>\r\n<script>\r\n     (adsbygoogle = window.adsbygoogle || []).push({});\r\n<\/script><\/div><\/div><br style=\"clear: both; display: block; float: none;\"\/>\n\n\n\n<p>Kako ka\u017ee, sve se promijenilo kada je upoznala 22 godine mla\u0111eg Ivana. Njihova veza isprva je bila poslovna, no nakon par kava planula je iskra. &#8220;Shvatila sam da me privla\u010di njegova energija i strast prema \u017eivotu. Nakon nekoliko mjeseci, na\u0161a veza se razvila u tjelesnu avanturu. Oboje smo u braku i od po\u010detka smo bili jasni da je na\u0161a veza samo fizi\u010dka i da ne mijenja na\u0161e osje\u0107aje prema na\u0161im supru\u017enicima.&#8221;<\/p>\n\n\n\n<h3 class=\"wp-block-heading\">Vi\u0161e ne osje\u0107a gri\u017enju savjesti<\/h3>\n\n\n\n<p>S Ivanom se sastaje za vrijeme radnog vremena, nekoliko puta mjese\u010dno i ka\u017ee da joj je to sasvim dovoljno. &#8220;Ti trenutci postali su moj ventil, izvor energije i strasti. Nakon \u0161to je na\u0161a afera zapo\u010dela, osjetila sam se ponovno \u017eivom. Moje raspolo\u017eenje se pobolj\u0161alo, osje\u0107am se sretnijom i ispunjenom. I fizi\u010dki sam zablistala. Isprva sam svaki put imala gri\u017enju savjesti, ali sam si sve to poslo\u017eila u glavi i sada nemam problem.&#8221;<\/p>\n\n\n\n<p>Njena postrana veza se pozitivno odrazila i na njenu obitelj. &#8220;Postala sam bolja majka. Manje sam frustrirana i razdra\u017eljiva, a vi\u0161e prisutna i anga\u017eirana u \u017eivotima svoje djece koja su sada studenti. Po\u010deli smo provoditi vi\u0161e kvalitetnog vremena zajedno, organizirati obiteljske aktivnosti. Strpljiva sam. \u010cak se i moj intimni \u017eivot sa suprugom pobolj\u0161ao, dobili smo novi zamah. \u010cini se kao da se svima vi\u0161e svi\u0111am nova ja.&#8221;<\/p>\n\n\n\n<h3 class=\"wp-block-heading\">Kao masa\u017ea<\/h3>\n\n\n\n<p>Marina ka\u017ee da puno razmi\u0161lja o svojoj situaciji. Kada bi njena veza s Ivanom prestala, osjetila bi tugu no zna da bi ga brzo preboljela. Mo\u017eda bi \u010dak potra\u017eila drugog, no oko toga nije posve sigurna. &#8220;Zahvalna sam mu, ali znam da to nije ljubav. To \u0161to imam s njim, mogla bih imati i s drugim mu\u0161karcima&#8221;, navodi.<\/p>\n\n\n\n<p>S druge strane, dodaje, ne bi imala protiv ni da njen suprug prona\u0111e nekoga tko bi mu pru\u017eio isto uzbu\u0111enje i energiju, ali to nije tema koju bi s njim ikada otvorila. &#8220;Toliko ga volim da bih bila sretna kada bih znala da je on sretan zbog toga. Mislim da na\u0161a partnerska ljubav nadilazi sve tjelesne avanture koje bismo mogli imati, a koje za mene predstavljaju ne\u0161to efemerno, otprilike kao odlazak na masa\u017eu.&#8221;<\/p>\n\n\n\n<p>&#8220;O mojoj aferi znaju samo moje najbolje prijateljice, koje me razumiju i ne osu\u0111uju. Jedva sam do\u010dekala pohvaliti im se. One su mi podr\u0161ka i oslonac, a njihova diskrecija mi omogu\u0107ava da zadr\u017eim svoju tajnu, iako bih o svemu \u017eeljela glasno govoriti. Ponekad se osje\u0107am kao tinejd\u017eerica koja je tek iskusila \u017eivot i \u017eeli to podijeliti sa svijetom, ali ne smije jer je svijet zao&#8221;, obja\u0161njava svoje osje\u0107aje.<\/p>\n\n\n\n<p>&#8220;Znam da mnogi ne razumiju moj izbor, ali za mene je ovo bilo neophodno da se ponovno osjetim \u017eivom. Isto tako znam da \u0107e me osu\u0111ivati \u017eene i mu\u0161karci u lo\u0161im brakovima koji su davno ubili svaku iskru \u017eivota u sebi. Ali \u017eivot moramo \u017eivjeti, nismo tu da bismo trpjeli i bili gladni svega. \u017delim iskoristiti svaku minutu i biti sretna. To je moja obaveza prema sebi i drugima&#8221;, zaklju\u010duje na\u0161a \u010ditateljica. Mo\u017eete li je razumjeti? Povjerite nam se. <em>(r)<\/em><\/p>\n\n\n\n<div id=\"crveno\"><\/p>\n\n\n\n<h3 class=\"wp-block-heading\">Zanima nas va\u0161a pri\u010da<\/h3>\n\n\n\n<p>\u017delite li i vi, posve anonimno, podijeliti svoje iskustvo i vi\u0111enje ove teme s nama i na\u0161im \u010ditateljima, mo\u017eete to u\u010diniti putem web obrasca <a rel=\"noreferrer noopener\" href=\"https:\/\/www.mojevrijeme.hr\/magazin\/povjerljivo\/\" target=\"_blank\">Povjerljivo<\/a>. Napi\u0161ite svoju pri\u010du!<\/p>\n\n\n\n<p><\/div>\n<div id=\"mojev-1099976125\" class=\"mojev-kraj-teksta mojev-entity-placement\" style=\"margin-bottom: 20px;margin-left: auto;margin-right: auto;text-align: center;\"><div class=\"mojev-adlabel\">oglas<\/div><div style=\"height: 250px;\"><script async src=\"https:\/\/pagead2.googlesyndication.com\/pagead\/js\/adsbygoogle.js?client=ca-pub-8106111766207173\"\r\n     crossorigin=\"anonymous\"><\/script>\r\n<!-- Display-1 -->\r\n<ins class=\"adsbygoogle\"\r\n     style=\"display:block\"\r\n     data-ad-client=\"ca-pub-8106111766207173\"\r\n     data-ad-slot=\"1465712950\"\r\n     data-ad-format=\"auto\"\r\n     data-full-width-responsive=\"true\"><\/ins>\r\n<script>\r\n     (adsbygoogle = window.adsbygoogle || []).push({});\r\n<\/script><\/div><\/div>","protected":false},"excerpt":{"rendered":"<p>Preljub, 22 godine razlike i brak koji ipak opstaje. Ispovijest \u010ditateljice Marine otkriva kako je u tu\u0111im o\u010dima grje\u0161nica, a u svojim tek \u017eena koja je ponovno otkrila sebe.<\/p>\n","protected":false},"author":1,"featured_media":110521,"comment_status":"closed","ping_status":"closed","sticky":false,"template":"","format":"standard","meta":{"footnotes":""},"categories":[3552],"tags":[304,358],"class_list":["post-137921","post","type-post","status-publish","format-standard","has-post-thumbnail","hentry","category-povjerljivo","tag-brak","tag-preljub"],"_links":{"self":[{"href":"https:\/\/www.mojevrijeme.hr\/magazin\/wp-json\/wp\/v2\/posts\/137921","targetHints":{"allow":["GET"]}}],"collection":[{"href":"https:\/\/www.mojevrijeme.hr\/magazin\/wp-json\/wp\/v2\/posts"}],"about":[{"href":"https:\/\/www.mojevrijeme.hr\/magazin\/wp-json\/wp\/v2\/types\/post"}],"author":[{"embeddable":true,"href":"https:\/\/www.mojevrijeme.hr\/magazin\/wp-json\/wp\/v2\/users\/1"}],"replies":[{"embeddable":true,"href":"https:\/\/www.mojevrijeme.hr\/magazin\/wp-json\/wp\/v2\/comments?post=137921"}],"version-history":[{"count":1,"href":"https:\/\/www.mojevrijeme.hr\/magazin\/wp-json\/wp\/v2\/posts\/137921\/revisions"}],"predecessor-version":[{"id":137982,"href":"https:\/\/www.mojevrijeme.hr\/magazin\/wp-json\/wp\/v2\/posts\/137921\/revisions\/137982"}],"wp:featuredmedia":[{"embeddable":true,"href":"https:\/\/www.mojevrijeme.hr\/magazin\/wp-json\/wp\/v2\/media\/110521"}],"wp:attachment":[{"href":"https:\/\/www.mojevrijeme.hr\/magazin\/wp-json\/wp\/v2\/media?parent=137921"}],"wp:term":[{"taxonomy":"category","embeddable":true,"href":"https:\/\/www.mojevrijeme.hr\/magazin\/wp-json\/wp\/v2\/categories?post=137921"},{"taxonomy":"post_tag","embeddable":true,"href":"https:\/\/www.mojevrijeme.hr\/magazin\/wp-json\/wp\/v2\/tags?post=137921"}],"curies":[{"name":"wp","href":"https:\/\/api.w.org\/{rel}","templated":true}]}}