{"id":137986,"date":"2025-07-14T06:09:44","date_gmt":"2025-07-14T04:09:44","guid":{"rendered":"https:\/\/www.mojevrijeme.hr\/magazin\/?p=137986"},"modified":"2025-07-14T06:10:24","modified_gmt":"2025-07-14T04:10:24","slug":"uspjeli-smo-pada-broj-stranih-radnika-a-vise-je-prijava-na-mirovinsko","status":"publish","type":"post","link":"https:\/\/www.mojevrijeme.hr\/magazin\/2025\/07\/uspjeli-smo-pada-broj-stranih-radnika-a-vise-je-prijava-na-mirovinsko\/","title":{"rendered":"&#8216;Uspjeli smo! Pada broj stranih radnika, a vi\u0161e je prijava na Mirovinsko&#8217;"},"content":{"rendered":"\n<p>U prvih \u0161est mjeseci ove godine znatno je manje stranih radnika u Hrvatskoj, nego u istom razdoblju lani. \u0160to se doga\u0111a na tr\u017ei\u0161tu i je li novi Zakon o strancima uveo reda? Naime, u prvih \u0161est mjeseci ove godine izdano je 99.118 dozvola za boravak i rad. U istom razdoblju lani izdano ih je vi\u0161e od 112 tisu\u0107a.<\/p>\n\n\n\n<p>Novi Zakon o strancima stupio je na snagu 15. o\u017eujka i njime su za poslodavce propisani stro\u017ei uvjeti kod zapo\u0161ljavanja stranih radnika. Izme\u0111u ostalog, poslodavci moraju dokazati da na hrvatskom tr\u017ei\u0161tu rada nema dostupnih radnika za odre\u0111eno radno mjesto prije nego \u0161to mogu anga\u017eirati stranca.\u00a0<\/p>\n\n\n\n<p>&#8220;Sve agencije se prilago\u0111avaju. Podr\u017eavamo ga. Mo\u017eda ga je trebalo i ranije donijeti&#8221;, ka\u017ee za <a href=\"https:\/\/net.hr\/danas\/rtl-danas\/pada-priljev-stranih-radnika-ali-raste-broj-prijava-na-mirovinsko-bozinovic-to-smo-htjeli-postici-ae9746b3-6013-11f0-be08-9600040c8f8e\" target=\"_blank\" rel=\"noreferrer noopener\">RTL <\/a><strong>Ivan Crnov<\/strong>, vlasnik agencije za posredovanje pri zapo\u0161ljavanju radnika. Priznaje, nepoznavanje hrvatskog jezika iritira gra\u0111ane. &#8220;Ne bi bilo lo\u0161e da u Zakon dodaju uvjet da svaki radnik koji dolazi iz strane zemlje mora znati barem osnove jezika. Onda bi bilo puno lak\u0161e.&#8221;<\/p><div id=\"mojev-1268397032\" class=\"mojev-u-tekstu mojev-entity-placement\" style=\"margin-left: auto;margin-right: auto;text-align: center;\"><div class=\"mojev-adlabel\">oglas<\/div><div style=\"height: 250px;\"><script async src=\"https:\/\/pagead2.googlesyndication.com\/pagead\/js\/adsbygoogle.js?client=ca-pub-8106111766207173\"\r\n     crossorigin=\"anonymous\"><\/script>\r\n<!-- Prikazni 1 u tekstu -->\r\n<ins class=\"adsbygoogle\"\r\n     style=\"display:block\"\r\n     data-ad-client=\"ca-pub-8106111766207173\"\r\n     data-ad-slot=\"8535551207\"\r\n     data-ad-format=\"auto\"\r\n     data-full-width-responsive=\"true\"><\/ins>\r\n<script>\r\n     (adsbygoogle = window.adsbygoogle || []).push({});\r\n<\/script><\/div><\/div><br style=\"clear: both; display: block; float: none;\"\/>\n\n\n\n<p>&#8220;S jedne strane imamo nekih 14 tisu\u0107a dozvola izdanih manje ove godine me\u0111utim, imamo 29 tisu\u0107a vi\u0161e prijavljenih na Hrvatski zavod za mirovinsko osiguranje. To je upravo ono \u0161to smo smo htjeli posti\u0107i&#8221;, rekao je ministar unutarnjih poslova <strong>Davor Bo\u017einovi\u0107<\/strong>. Prije su, dodaje, poslodavci tra\u017eili vi\u0161e dozvola od potrebnog broja.<\/p>\n\n\n\n<p>Sada hrvatska \u017eeli radnu snagu iz Ju\u017ene Amerike. &#8220;Puno puta ste mogli \u010duti da \u0107emo mi vratiti Hrvate. Hrvatima kao i drugima treba ponuditi odre\u0111ene uvjete zbog kojih bi oni, uz ovaj emotivni dio se odlu\u010dili vratiti u Hrvatsku. Radi se na tome, tu prije svega radi Ministarstvo vanjskih i europskih poslova, ali i Ministarstvo rada&#8221;, dodao je ministar Bo\u017einovi\u0107.&nbsp;<\/p>\n<div id=\"mojev-2859562249\" class=\"mojev-kraj-teksta mojev-entity-placement\" style=\"margin-bottom: 20px;margin-left: auto;margin-right: auto;text-align: center;\"><div class=\"mojev-adlabel\">oglas<\/div><div style=\"height: 250px;\"><script async src=\"https:\/\/pagead2.googlesyndication.com\/pagead\/js\/adsbygoogle.js?client=ca-pub-8106111766207173\"\r\n     crossorigin=\"anonymous\"><\/script>\r\n<!-- Display-1 -->\r\n<ins class=\"adsbygoogle\"\r\n     style=\"display:block\"\r\n     data-ad-client=\"ca-pub-8106111766207173\"\r\n     data-ad-slot=\"1465712950\"\r\n     data-ad-format=\"auto\"\r\n     data-full-width-responsive=\"true\"><\/ins>\r\n<script>\r\n     (adsbygoogle = window.adsbygoogle || []).push({});\r\n<\/script><\/div><\/div>","protected":false},"excerpt":{"rendered":"<p>Hrvatska ove godine bilje\u017ei pad broja stranih radnika, a porast prijava u mirovinski sustav sugerira vi\u0161e reda i manje zlouporaba.<\/p>\n","protected":false},"author":1,"featured_media":137990,"comment_status":"closed","ping_status":"closed","sticky":false,"template":"","format":"standard","meta":{"footnotes":""},"categories":[9],"tags":[2144,4032],"class_list":["post-137986","post","type-post","status-publish","format-standard","has-post-thumbnail","hentry","category-vijesti","tag-davor-bozinovic","tag-strani-radnici"],"_links":{"self":[{"href":"https:\/\/www.mojevrijeme.hr\/magazin\/wp-json\/wp\/v2\/posts\/137986","targetHints":{"allow":["GET"]}}],"collection":[{"href":"https:\/\/www.mojevrijeme.hr\/magazin\/wp-json\/wp\/v2\/posts"}],"about":[{"href":"https:\/\/www.mojevrijeme.hr\/magazin\/wp-json\/wp\/v2\/types\/post"}],"author":[{"embeddable":true,"href":"https:\/\/www.mojevrijeme.hr\/magazin\/wp-json\/wp\/v2\/users\/1"}],"replies":[{"embeddable":true,"href":"https:\/\/www.mojevrijeme.hr\/magazin\/wp-json\/wp\/v2\/comments?post=137986"}],"version-history":[{"count":6,"href":"https:\/\/www.mojevrijeme.hr\/magazin\/wp-json\/wp\/v2\/posts\/137986\/revisions"}],"predecessor-version":[{"id":137994,"href":"https:\/\/www.mojevrijeme.hr\/magazin\/wp-json\/wp\/v2\/posts\/137986\/revisions\/137994"}],"wp:featuredmedia":[{"embeddable":true,"href":"https:\/\/www.mojevrijeme.hr\/magazin\/wp-json\/wp\/v2\/media\/137990"}],"wp:attachment":[{"href":"https:\/\/www.mojevrijeme.hr\/magazin\/wp-json\/wp\/v2\/media?parent=137986"}],"wp:term":[{"taxonomy":"category","embeddable":true,"href":"https:\/\/www.mojevrijeme.hr\/magazin\/wp-json\/wp\/v2\/categories?post=137986"},{"taxonomy":"post_tag","embeddable":true,"href":"https:\/\/www.mojevrijeme.hr\/magazin\/wp-json\/wp\/v2\/tags?post=137986"}],"curies":[{"name":"wp","href":"https:\/\/api.w.org\/{rel}","templated":true}]}}