{"id":138035,"date":"2025-07-14T17:45:11","date_gmt":"2025-07-14T15:45:11","guid":{"rendered":"https:\/\/www.mojevrijeme.hr\/magazin\/?p=138035"},"modified":"2025-07-14T17:58:00","modified_gmt":"2025-07-14T15:58:00","slug":"izrecene-kazne-zbog-laziranja-dokumentacije-za-vojne-mirovine","status":"publish","type":"post","link":"https:\/\/www.mojevrijeme.hr\/magazin\/2025\/07\/izrecene-kazne-zbog-laziranja-dokumentacije-za-vojne-mirovine\/","title":{"rendered":"Izre\u010dene kazne zbog la\u017eiranja dokumentacije za vojne mirovine"},"content":{"rendered":"\n<p>Nakon 18 godina, afera Dijagnoza kona\u010dno je do\u0161lo svom prvostupanjskom kraju. Naime, rije\u010d je o slu\u010daju u kojem su za la\u017eiranje dokumentacije za dodjelu vojne mirovine, od 2006. do 2008. godine, optu\u017eeni medicinska sestra Suzana Jelavi\u0107, ozna\u010dena kao vo\u0111a operacije, voza\u010d HZMO-a Dragi\u0161a \u0160u\u0161i\u0107, medicinski tehni\u010dar Marijo Tafra te lije\u010dnici Darjo Su\u010devi\u0107, Valter Nutrizio, Boran Ugle\u0161i\u0107 i Boris Samar\u017eija. Optu\u017enica je podignuta je jo\u0161 prije 16 i pol godina.<\/p>\n\n\n\n<p>&#8220;Da se ovaj postupak vodio kad je trebalo, u vrijeme kad i u Osijeku, onda budite uvjereni da bi sankcije bile makar duplo, ako ne i vi\u0161e od ovih. No, ovaj predmet je, \u0161to bi se reklo, pojelo vrijeme i dosta je djela palo u zastaru&#8221;, obrazlo\u017eio je sudac plitskoga \u017dupanijskog suda <strong>Dinko Me\u0161in<\/strong> presudu, prenosi <a href=\"https:\/\/slobodnadalmacija.hr\/vijesti\/crna-kronika\/boran-uglesic-i-poznati-splitski-lijecnici-osudeni-na-zatvor-da-ste-sudeni-ranije-kazne-bi-vam-bile-duplo-vece-1489321\" target=\"_blank\" rel=\"noreferrer noopener\">Slobodna Dalmacija<\/a>.<\/p>\n\n\n\n<p>Svakome od sedam okrivljenih izre\u010deno je po godinu dana zatvora za svako djelo te su kazne onda objedinjene. Tako je Suzana Jelavi\u0107 dobila \u010detiri godine i 10 mjeseci bezuvjetnog zatvora za ukupno 18 kaznenih djela i to 11 pomaganja u primanju mita i sedam za poticanje na zlouporabu polo\u017eaja i ovlasti.<\/p><div id=\"mojev-3648279927\" class=\"mojev-u-tekstu mojev-entity-placement\" style=\"margin-left: auto;margin-right: auto;text-align: center;\"><div class=\"mojev-adlabel\">oglas<\/div><div style=\"height: 250px;\"><script async src=\"https:\/\/pagead2.googlesyndication.com\/pagead\/js\/adsbygoogle.js?client=ca-pub-8106111766207173\"\r\n     crossorigin=\"anonymous\"><\/script>\r\n<!-- Prikazni 1 u tekstu -->\r\n<ins class=\"adsbygoogle\"\r\n     style=\"display:block\"\r\n     data-ad-client=\"ca-pub-8106111766207173\"\r\n     data-ad-slot=\"8535551207\"\r\n     data-ad-format=\"auto\"\r\n     data-full-width-responsive=\"true\"><\/ins>\r\n<script>\r\n     (adsbygoogle = window.adsbygoogle || []).push({});\r\n<\/script><\/div><\/div><br style=\"clear: both; display: block; float: none;\"\/>\n\n\n\n<p>Osim nje najgore je pro\u0161ao jo\u0161 Marijo Tafra, medicinski tehni\u010dar koji je osu\u0111en zbog 9 kaznenih djela pomaganja u davanju mita i pet djela poticanja na zlouporabu na ukupno tri i pol godine zatvora. Ostali su osu\u0111eni nepravomo\u0107no na djelomi\u010dne uvjetne kazne. Svima je u kaznu ura\u010dunat istra\u017eni zatvor.<\/p>\n\n\n\n<p>Tako je nekada\u0161nji voza\u010d Dragi\u0161a \u0160u\u0161i\u0107 za \u010detiri kaznena djela pomaganja u primanju mita i jedno za pomaganje u zlouporabi osu\u0111en na dvije godine i dva mjeseca zatvora od \u010dega \u0107e pola morati odslu\u017eiti (ako presuda bude pravomo\u0107na), a ostatak ne\u0107e ako u roku od pet godina ne po\u010dini novo kazneno djelo. Lije\u010dnik Valter Nutrizio dobio je za tri primanja mita i dva poku\u0161aja zlouporabe polo\u017eaja ukupno godinu i 10 mjeseci od \u010dega je 10 mjeseci bezuvjetno, a ostalo je na rok ku\u0161nje od pet godina.<\/p>\n\n\n\n<p>Njegov kolega lije\u010dnik psihijatar dr. Boran Ugle\u0161i\u0107 osu\u0111en je na jedinstvenih godinu i pol dana zatvora s tim da bi \u0161est mjeseci trebao provesti iza re\u0161etaka, a ostatak ne\u0107e ako u istom petogodi\u0161njem roku kao i ostali ne po\u010dini novo kazneno djelo.<\/p>\n\n\n\n<p>Lije\u010dnik Boris Samar\u017eija osu\u0111en je na godinu i 10 mjeseci, a njegov kolega Darjo Su\u010devi\u0107 na dvije i pol godine. No, Su\u010devi\u0107 bi morao u zatvor godinu i tri mjeseca, a ostatak ne uz uvjet na pet godina, dok bi Samard\u017eija trebao iza re\u0161etaka 10 mjeseci, a ostatak ne u koliko u istom roku ne po\u010dini novo djelo.<\/p>\n\n\n\n<p>&#8220;Neki od vas, pozivali na sudjelovanje u Domovinskom ratu. To vam nije nikakva olakotna okolnost  jer ako ste se borili u Domovinskom ratu, onda ste se borili za dr\u017eavu u kojoj postoje pravila i zakoni i vi ste trebali kao dragovoljci biti primjer drugima i pridr\u017eavati se tih zakona dr\u017eave za koju ste se borili.&#8221;, kazao je sudac Me\u0161in.<\/p>\n\n\n\n<p>Sam \u010dinjeni\u010dni opis djela koje su po\u010dinili napisan je na vi\u0161e desetaka stranica, a sudac Me\u0161in je pro\u010ditao samo jedno kao &#8220;ogledni&#8221; primjerak i to ono u kojem su glavni likovi bili Suzana Jelavi\u0107, dr. Boran Ugle\u0161i\u0107 i prikriveni istra\u017eitelj kodnog imena &#8220;Ivica&#8221; kojeg je vi\u0161e osoba uputilo da se javi \u0160u\u0161i\u0107u, za kojeg se znalo da &#8220;rje\u0161ava vojne mirovine&#8221;, a nakon telefonskog kontakta sreli su se i osobno te mu je \u0160u\u0161i\u0107 kazao kako dokumentacija koju ima ne\u0107e biti dovoljna te mu je dao \u0161to jo\u0161 od papira mora prikupiti, prenosi <a href=\"https:\/\/slobodnadalmacija.hr\/vijesti\/crna-kronika\/boran-uglesic-i-poznati-splitski-lijecnici-osudeni-na-zatvor-da-ste-sudeni-ranije-kazne-bi-vam-bile-duplo-vece-1489321\" target=\"_blank\" rel=\"noreferrer noopener\">Slobodna Dalmacija<\/a>.<\/p>\n\n\n\n<p>Uputio ga je na Jelavi\u0107 koja mu je rekla da 1.500 eura treba platiti za sre\u0111ivanje dokumentacije i njezine usluge, a da \u0107e jo\u0161 od tri do \u010detiri tisu\u0107e eura stajati rje\u0161avanje &#8220;mirovinske komisije&#8221;. Na kraju joj je platio tri tisu\u0107e eura. Ona je pribavila sve nalaze, a onda ga je dovela kod doktora Ugle\u0161i\u0107a koji mu je trebao osigurati dnevnu bolnicu. Javio se na \u0161alter dnevne bolnice te su ga upisali i poslije je dobio dokumente da je bio tamo dva tjedna iako nije dolazio. Poslije mu je Jelavi\u0107 rekla da se mora javiti dr. Rebi\u0107u (lije\u010dnik koji je bio optu\u017een, no umro je u me\u0111uvremenu &#8211; op.a.) koji je gledao njegove nalaze i za desetak minuta rekao mu da ima pravo na 50 posto invalidske mirovine.<\/p>\n<div id=\"mojev-1581449885\" class=\"mojev-kraj-teksta mojev-entity-placement\" style=\"margin-bottom: 20px;margin-left: auto;margin-right: auto;text-align: center;\"><div class=\"mojev-adlabel\">oglas<\/div><div style=\"height: 250px;\"><script async src=\"https:\/\/pagead2.googlesyndication.com\/pagead\/js\/adsbygoogle.js?client=ca-pub-8106111766207173\"\r\n     crossorigin=\"anonymous\"><\/script>\r\n<!-- Display-1 -->\r\n<ins class=\"adsbygoogle\"\r\n     style=\"display:block\"\r\n     data-ad-client=\"ca-pub-8106111766207173\"\r\n     data-ad-slot=\"1465712950\"\r\n     data-ad-format=\"auto\"\r\n     data-full-width-responsive=\"true\"><\/ins>\r\n<script>\r\n     (adsbygoogle = window.adsbygoogle || []).push({});\r\n<\/script><\/div><\/div>","protected":false},"excerpt":{"rendered":"<p>Nakon gotovo dva desetlje\u0107a, afera Dijagnoza dobila je prvostupanjski epilog: sedmero optu\u017eenih osu\u0111eno je za mito i zlouporabu polo\u017eaja zbog namje\u0161tanja braniteljskih mirovina, no izbjegli su stro\u017ee kazne jer su neka djela zastarjela.<\/p>\n","protected":false},"author":1,"featured_media":129138,"comment_status":"closed","ping_status":"closed","sticky":false,"template":"","format":"standard","meta":{"footnotes":""},"categories":[9],"tags":[4738,627,596,509,934],"class_list":["post-138035","post","type-post","status-publish","format-standard","has-post-thumbnail","hentry","category-vijesti","tag-afera-dijagnoza","tag-branitelji","tag-crna-kronika","tag-korupcija","tag-povlastene-mirovine"],"_links":{"self":[{"href":"https:\/\/www.mojevrijeme.hr\/magazin\/wp-json\/wp\/v2\/posts\/138035","targetHints":{"allow":["GET"]}}],"collection":[{"href":"https:\/\/www.mojevrijeme.hr\/magazin\/wp-json\/wp\/v2\/posts"}],"about":[{"href":"https:\/\/www.mojevrijeme.hr\/magazin\/wp-json\/wp\/v2\/types\/post"}],"author":[{"embeddable":true,"href":"https:\/\/www.mojevrijeme.hr\/magazin\/wp-json\/wp\/v2\/users\/1"}],"replies":[{"embeddable":true,"href":"https:\/\/www.mojevrijeme.hr\/magazin\/wp-json\/wp\/v2\/comments?post=138035"}],"version-history":[{"count":7,"href":"https:\/\/www.mojevrijeme.hr\/magazin\/wp-json\/wp\/v2\/posts\/138035\/revisions"}],"predecessor-version":[{"id":138042,"href":"https:\/\/www.mojevrijeme.hr\/magazin\/wp-json\/wp\/v2\/posts\/138035\/revisions\/138042"}],"wp:featuredmedia":[{"embeddable":true,"href":"https:\/\/www.mojevrijeme.hr\/magazin\/wp-json\/wp\/v2\/media\/129138"}],"wp:attachment":[{"href":"https:\/\/www.mojevrijeme.hr\/magazin\/wp-json\/wp\/v2\/media?parent=138035"}],"wp:term":[{"taxonomy":"category","embeddable":true,"href":"https:\/\/www.mojevrijeme.hr\/magazin\/wp-json\/wp\/v2\/categories?post=138035"},{"taxonomy":"post_tag","embeddable":true,"href":"https:\/\/www.mojevrijeme.hr\/magazin\/wp-json\/wp\/v2\/tags?post=138035"}],"curies":[{"name":"wp","href":"https:\/\/api.w.org\/{rel}","templated":true}]}}