{"id":138163,"date":"2025-07-17T09:07:15","date_gmt":"2025-07-17T07:07:15","guid":{"rendered":"https:\/\/www.mojevrijeme.hr\/magazin\/?p=138163"},"modified":"2025-07-17T09:08:15","modified_gmt":"2025-07-17T07:08:15","slug":"draga-ksenija-volim-mladeg-ali-zelim-prekinuti-tu-vezu-koja-nema-buducnost","status":"publish","type":"post","link":"https:\/\/www.mojevrijeme.hr\/magazin\/2025\/07\/draga-ksenija-volim-mladeg-ali-zelim-prekinuti-tu-vezu-koja-nema-buducnost\/","title":{"rendered":"Draga Ksenija: Volim mla\u0111eg, ali \u017eelim prekinuti tu vezu"},"content":{"rendered":"\n<p><strong>Draga Ksenija,<\/strong> imam 60 godina, udana sam, imam odrasle i samostalne sinove. Cijeli \u017eivot sam govorila da mi se to ne mo\u017ee dogoditi i osu\u0111ivala druge, ali sve se okrenulo naglava\u010dke. Sada sam ja jedna od tih \u017eena. U\u0161la sam u intimnu vezu s mu\u0161karcem koji je 20 godina mla\u0111i od mene. \u0160to je najgore, rije\u010d je o dobrom prijatelju i kolegi mog sina.<\/p>\n\n\n\n<p>O\u017eenjen je, ali ka\u017ee da nije sretan u braku. S njim se osje\u0107am \u017eivo, po\u017eeljno, ali i krivo. Najgore je kad ga vidim da se dru\u017ei s mojim sinom. Preplavi me osje\u0107aj srama i nelagode. Ne znam \u0161to bih da mu\u017e sazna za tu aferu, a nepodno\u0161ljivo mi je da bi i sin mogao primijetiti da se ne\u0161to doga\u0111a.<\/p>\n\n\n\n<p>Bojim se da nastavak ove pri\u010de mo\u017ee sve samo dodatno zakomplicirati i pogor\u0161ati. Kako iza\u0107i iz ove situacije i sa\u010duvati dostojanstvo? Bojim se da nisam dovoljno jak karakter za to. Pomi\u0161ljam da bih trebala sve priznati suprugu i zamoliti ga za oprost i pomo\u0107. <em>Posrnula<\/em><\/p><div id=\"mojev-3332419080\" class=\"mojev-u-tekstu mojev-entity-placement\" style=\"margin-left: auto;margin-right: auto;text-align: center;\"><div class=\"mojev-adlabel\">oglas<\/div><div style=\"height: 250px;\"><script async src=\"https:\/\/pagead2.googlesyndication.com\/pagead\/js\/adsbygoogle.js?client=ca-pub-8106111766207173\"\r\n     crossorigin=\"anonymous\"><\/script>\r\n<!-- Prikazni 1 u tekstu -->\r\n<ins class=\"adsbygoogle\"\r\n     style=\"display:block\"\r\n     data-ad-client=\"ca-pub-8106111766207173\"\r\n     data-ad-slot=\"8535551207\"\r\n     data-ad-format=\"auto\"\r\n     data-full-width-responsive=\"true\"><\/ins>\r\n<script>\r\n     (adsbygoogle = window.adsbygoogle || []).push({});\r\n<\/script><\/div><\/div><br style=\"clear: both; display: block; float: none;\"\/>\n\n\n\n<h3 class=\"wp-block-heading\">Strgnite flaster bez predstava i drama<\/h3>\n\n\n\n<p><strong>Draga Posrnula,<\/strong> niste jedini u toj poziciji i dobro je da ste nau\u010dili lekciju. Ljubavna isku\u0161enja, osobito u godinama kada mislimo da smo izvan zone rizika, su najja\u010da. Posebno kada se pojavi netko tko nas vidi i do\u017eivljava u godinama kada i sami na sebe zaboravimo. Ne krivite sebe, nitko od nas ne upravlja svojim srcem.<\/p>\n\n\n\n<p>Kako vidim, va\u0161i osje\u0107aji su dvojaki; i sretni ste i osje\u0107ate nelagodu. Situacija je neurednija jer je taj mu\u0161karac prijatelj va\u0161eg sina i puno je toga na kocki. Da sam na va\u0161em mjestu, razgovarala bih s tim mu\u0161karcem. Objasnila bih mu da va\u0161a veza nema perspektivu i da vam je va\u017eno sa\u010duvati obitelj i povratiti unutarnji mir.<\/p>\n\n\n\n<p>To je kao skidanje flastera; kratko boli, ali je nu\u017eno. A kada to napravite, u\u010dinite sebi uslugu: nemojte se vra\u0107ati na staro. Nemojte vi\u0161e razmi\u0161ljati o toj vezi, nemojte se dovoditi u situacije u kojima \u0107ete biti u isku\u0161enju. Ono \u0161to drugi ne znaju, ne mo\u017ee ih povrijediti. Zato mislim da ne trebate izvoditi predstave i priznanja suprugu, samo da bi ste sebi olak\u0161ali savjest. Prekinite sada i sa\u010duvajte dostojanstvo dok jo\u0161 mo\u017eete. <em>Ksenija<\/em><\/p>\n\n\n\n<div id=\"crveno\"><\/p>\n\n\n\n<h3 class=\"wp-block-heading\">Pi\u0161ite Kseniji!<\/h3>\n\n\n\n<p>\u017delite li <strong>anonimno<\/strong> postaviti pitanje i posavjetovati se s na\u0161om kolumnisticom i \u017eivotnom savjetnicom Ksenijom Habunek ili samo ispri\u010dati svoju pri\u010du i vi\u0111enje ove teme, mo\u017eete to u\u010diniti putem internetskog obrasca klikom na <a href=\"https:\/\/www.mojevrijeme.hr\/magazin\/draga-ksenija\/\"><strong>ovu poveznicu<\/strong><\/a>.<\/p>\n\n\n\n<p>Ostala pitanja i Ksenijine odgovore potra\u017eite na <a href=\"https:\/\/www.mojevrijeme.hr\/magazin\/category\/povjerljivo\/draga-ksenija\/\"><strong>ovoj poveznici<\/strong><\/a>.<\/p>\n\n\n\n<p><\/div>\n<div id=\"mojev-2158241624\" class=\"mojev-kraj-teksta mojev-entity-placement\" style=\"margin-bottom: 20px;margin-left: auto;margin-right: auto;text-align: center;\"><div class=\"mojev-adlabel\">oglas<\/div><div style=\"height: 250px;\"><script async src=\"https:\/\/pagead2.googlesyndication.com\/pagead\/js\/adsbygoogle.js?client=ca-pub-8106111766207173\"\r\n     crossorigin=\"anonymous\"><\/script>\r\n<!-- Display-1 -->\r\n<ins class=\"adsbygoogle\"\r\n     style=\"display:block\"\r\n     data-ad-client=\"ca-pub-8106111766207173\"\r\n     data-ad-slot=\"1465712950\"\r\n     data-ad-format=\"auto\"\r\n     data-full-width-responsive=\"true\"><\/ins>\r\n<script>\r\n     (adsbygoogle = window.adsbygoogle || []).push({});\r\n<\/script><\/div><\/div>","protected":false},"excerpt":{"rendered":"<p>Veza sa sinovim prijateljem unosi nemir i gri\u017enju savjesti u \u017eivot \u010ditateljice koja tra\u017ei na\u010din da prekine taj odnos i sa\u010duva obitelj. To je poput skidanja flastera, ka\u017ee \u017eivotna savjetnica Ksenija Habunek.<\/p>\n","protected":false},"author":11,"featured_media":138173,"comment_status":"closed","ping_status":"closed","sticky":false,"template":"","format":"standard","meta":{"footnotes":""},"categories":[4133],"tags":[358],"class_list":["post-138163","post","type-post","status-publish","format-standard","has-post-thumbnail","hentry","category-draga-ksenija","tag-preljub"],"_links":{"self":[{"href":"https:\/\/www.mojevrijeme.hr\/magazin\/wp-json\/wp\/v2\/posts\/138163","targetHints":{"allow":["GET"]}}],"collection":[{"href":"https:\/\/www.mojevrijeme.hr\/magazin\/wp-json\/wp\/v2\/posts"}],"about":[{"href":"https:\/\/www.mojevrijeme.hr\/magazin\/wp-json\/wp\/v2\/types\/post"}],"author":[{"embeddable":true,"href":"https:\/\/www.mojevrijeme.hr\/magazin\/wp-json\/wp\/v2\/users\/11"}],"replies":[{"embeddable":true,"href":"https:\/\/www.mojevrijeme.hr\/magazin\/wp-json\/wp\/v2\/comments?post=138163"}],"version-history":[{"count":16,"href":"https:\/\/www.mojevrijeme.hr\/magazin\/wp-json\/wp\/v2\/posts\/138163\/revisions"}],"predecessor-version":[{"id":138181,"href":"https:\/\/www.mojevrijeme.hr\/magazin\/wp-json\/wp\/v2\/posts\/138163\/revisions\/138181"}],"wp:featuredmedia":[{"embeddable":true,"href":"https:\/\/www.mojevrijeme.hr\/magazin\/wp-json\/wp\/v2\/media\/138173"}],"wp:attachment":[{"href":"https:\/\/www.mojevrijeme.hr\/magazin\/wp-json\/wp\/v2\/media?parent=138163"}],"wp:term":[{"taxonomy":"category","embeddable":true,"href":"https:\/\/www.mojevrijeme.hr\/magazin\/wp-json\/wp\/v2\/categories?post=138163"},{"taxonomy":"post_tag","embeddable":true,"href":"https:\/\/www.mojevrijeme.hr\/magazin\/wp-json\/wp\/v2\/tags?post=138163"}],"curies":[{"name":"wp","href":"https:\/\/api.w.org\/{rel}","templated":true}]}}