{"id":138198,"date":"2025-07-17T13:14:32","date_gmt":"2025-07-17T11:14:32","guid":{"rendered":"https:\/\/www.mojevrijeme.hr\/magazin\/?p=138198"},"modified":"2025-07-17T13:16:59","modified_gmt":"2025-07-17T11:16:59","slug":"danci-kazu-da-je-70-previse-idemo-u-prijevremenu-mirovinu","status":"publish","type":"post","link":"https:\/\/www.mojevrijeme.hr\/magazin\/2025\/07\/danci-kazu-da-je-70-previse-idemo-u-prijevremenu-mirovinu\/","title":{"rendered":"Danci ka\u017eu da im je 70 previ\u0161e: Idemo u prijevremenu mirovinu"},"content":{"rendered":"\n<p><strong>Kirsten Evans<\/strong> bi trebala biti u prvoj skupini Danaca koji \u0107e punu mirovinu mo\u0107i ostvariti tek sa 70 godina, ali ne planira \u010dekati toliko dugo.<\/p>\n\n\n\n<p>Naime, danski parlament u svibnju je usvojio zakon kojim se dob za umirovljenje do 2040. godine podi\u017ee sa sada\u0161njih 67 na 70 godina. Evans, ina\u010de bankovna slu\u017ebenica, ka\u017ee da planira prestati raditi s 65 ili 66 godina. Iako zbog toga ne\u0107e ostvariti punu mirovinu. &#8220;Mislim da si sa 70 godina ve\u0107 starica&#8221;, izjavila je za AFP i dodala: &#8220;\u017delim u\u017eivati u \u017eivotu dok mogu.&#8221;<\/p>\n\n\n\n<p>Kako bi se prilagodila starenju stanovni\u0161tva, Danska je 2006. godine vezala dob za odlazak u mirovinu uz o\u010dekivani \u017eivotni vijek i revidira je svakih pet godina. Tako \u0107e do 2030. godine prag porasti na 68, a do 2035. na 69 godina. Svi ro\u0111eni nakon 31. prosinca 1970., uklju\u010duju\u0107i Evans, morat \u0107e raditi do 70.<\/p><div id=\"mojev-1521716782\" class=\"mojev-u-tekstu mojev-entity-placement\" style=\"margin-left: auto;margin-right: auto;text-align: center;\"><div class=\"mojev-adlabel\">oglas<\/div><div style=\"height: 250px;\"><script async src=\"https:\/\/pagead2.googlesyndication.com\/pagead\/js\/adsbygoogle.js?client=ca-pub-8106111766207173\"\r\n     crossorigin=\"anonymous\"><\/script>\r\n<!-- Prikazni 1 u tekstu -->\r\n<ins class=\"adsbygoogle\"\r\n     style=\"display:block\"\r\n     data-ad-client=\"ca-pub-8106111766207173\"\r\n     data-ad-slot=\"8535551207\"\r\n     data-ad-format=\"auto\"\r\n     data-full-width-responsive=\"true\"><\/ins>\r\n<script>\r\n     (adsbygoogle = window.adsbygoogle || []).push({});\r\n<\/script><\/div><\/div><br style=\"clear: both; display: block; float: none;\"\/>\n\n\n\n<h3 class=\"wp-block-heading\">Raste jaz izme\u0111u gra\u0111ana<\/h3>\n\n\n\n<p>U praksi, rijetki Danci do\u010dekaju zakonsku dob za mirovinu. Prema podacima OECD-a, 2022. godine stvarna prosje\u010dna dob odlaska u mirovinu bila je oko 64, iako je zakonska granica bila 67.<\/p>\n\n\n\n<p>Otprilike 20 posto Danaca ide u mirovinu jer ne mogu prona\u0107i posao ili su zdravstveno nesposobni, isti\u010de <strong>Aske Juul Lassen<\/strong>, etnolog sa Sveu\u010dili\u0161ta u Kopenhagenu specijaliziran za rad starijih osoba. &#8220;Na tu petinu ljudi pove\u0107anje dobi za umirovljenje ima velik utjecaj&#8221;, upozorava, nagla\u0161avaju\u0107i da s godinama rastu i dru\u0161tvene nejednakosti.<\/p>\n\n\n\n<p><strong>Damoun Ashournia<\/strong>, glavni ekonomist Danske konfederacije sindikata, ka\u017ee da se produbljuje jaz izme\u0111u onih koji si mogu priu\u0161titi ranije umirovljenje i onih koji to ne mogu. &#8220;Vrlo malo ljudi stvarno se umirovi u skladu sa zakonskom granicom, ali na\u0161i \u010dlanovi nemaju taj luksuz&#8221;, dodaje.<\/p>\n\n\n\n<p><strong>Camilla Rasmussen<\/strong>, 37-godi\u0161nja medicinska sestra iz gastroenterologije u bolnici u Kopenhagenu, uvjerena je da ne\u0107e biti fizi\u010dki sposobna raditi do 70. &#8220;Ve\u0107 sada prelazim 10.000 koraka dnevno. Ako budem ovdje sa 70, to ne\u0107e biti po\u0161teno prema pacijentima.&#8221;<\/p>\n\n\n\n<h3 class=\"wp-block-heading\">Kompleksan sustav<\/h3>\n\n\n\n<p>Danski mirovinski sustav sastoji se od vi\u0161e stupova: univerzalne dr\u017eavne mirovine (trenutno oko 950 eura mjese\u010dno), obaveznih i dobrovoljnih mirovinskih fondova te privatne \u0161tednje za starost. Ashournia smatra da je podizanje dobne granice nu\u017eno kako bi se o\u010duvao danski socijalni model. &#8220;Ako \u017eelimo zadr\u017eati razinu javnih usluga, moramo osigurati javne financije&#8221;, rekao je. Ipak, kriti\u010dan je prema pove\u0107anju dobne granice svakih pet godina koje je na snazi od 2006. Ako se ovakva praksa nastavi, 2070. godine granica za umirovljenje iznosit \u0107e \u010dak 74 godine.<\/p>\n\n\n\n<p>Zamjenik direktora Konfederacije danskih poslodavaca, <strong>Erik Simonsen<\/strong>, smatra da je to nu\u017ean smjer. &#8220;Ako \u017eivimo dulje, moramo i dulje raditi&#8221;, izjavio je.<\/p>\n\n\n\n<p>Premijerka <strong>Mette Frederiksen<\/strong> (47) najavila je da bi se sustav mogao revidirati kada se dobna granica za mirovinu podigne na 70. &#8220;Vi\u0161e ne vjerujemo da bi dob za umirovljenje trebala automatski rasti&#8221;, izjavila je u kolovozu 2024. za list <em>Berlingske<\/em>.<\/p>\n<div id=\"mojev-1745464055\" class=\"mojev-kraj-teksta mojev-entity-placement\" style=\"margin-bottom: 20px;margin-left: auto;margin-right: auto;text-align: center;\"><div class=\"mojev-adlabel\">oglas<\/div><div style=\"height: 250px;\"><script async src=\"https:\/\/pagead2.googlesyndication.com\/pagead\/js\/adsbygoogle.js?client=ca-pub-8106111766207173\"\r\n     crossorigin=\"anonymous\"><\/script>\r\n<!-- Display-1 -->\r\n<ins class=\"adsbygoogle\"\r\n     style=\"display:block\"\r\n     data-ad-client=\"ca-pub-8106111766207173\"\r\n     data-ad-slot=\"1465712950\"\r\n     data-ad-format=\"auto\"\r\n     data-full-width-responsive=\"true\"><\/ins>\r\n<script>\r\n     (adsbygoogle = window.adsbygoogle || []).push({});\r\n<\/script><\/div><\/div>","protected":false},"excerpt":{"rendered":"<p>Danska planira podi\u0107i dob za umirovljenje na 70 godina, no mnogi gra\u0111ani smatraju da je takav tempo neodr\u017eiv. Jaz izme\u0111u onih koji mogu birati kada \u0107e u mirovinu i onih koji ne mogu sve je ve\u0107i.<\/p>\n","protected":false},"author":1,"featured_media":87541,"comment_status":"closed","ping_status":"closed","sticky":false,"template":"","format":"standard","meta":{"footnotes":""},"categories":[9],"tags":[279,2706],"class_list":["post-138198","post","type-post","status-publish","format-standard","has-post-thumbnail","hentry","category-vijesti","tag-danska","tag-dob-za-umirovljenje"],"_links":{"self":[{"href":"https:\/\/www.mojevrijeme.hr\/magazin\/wp-json\/wp\/v2\/posts\/138198","targetHints":{"allow":["GET"]}}],"collection":[{"href":"https:\/\/www.mojevrijeme.hr\/magazin\/wp-json\/wp\/v2\/posts"}],"about":[{"href":"https:\/\/www.mojevrijeme.hr\/magazin\/wp-json\/wp\/v2\/types\/post"}],"author":[{"embeddable":true,"href":"https:\/\/www.mojevrijeme.hr\/magazin\/wp-json\/wp\/v2\/users\/1"}],"replies":[{"embeddable":true,"href":"https:\/\/www.mojevrijeme.hr\/magazin\/wp-json\/wp\/v2\/comments?post=138198"}],"version-history":[{"count":8,"href":"https:\/\/www.mojevrijeme.hr\/magazin\/wp-json\/wp\/v2\/posts\/138198\/revisions"}],"predecessor-version":[{"id":138206,"href":"https:\/\/www.mojevrijeme.hr\/magazin\/wp-json\/wp\/v2\/posts\/138198\/revisions\/138206"}],"wp:featuredmedia":[{"embeddable":true,"href":"https:\/\/www.mojevrijeme.hr\/magazin\/wp-json\/wp\/v2\/media\/87541"}],"wp:attachment":[{"href":"https:\/\/www.mojevrijeme.hr\/magazin\/wp-json\/wp\/v2\/media?parent=138198"}],"wp:term":[{"taxonomy":"category","embeddable":true,"href":"https:\/\/www.mojevrijeme.hr\/magazin\/wp-json\/wp\/v2\/categories?post=138198"},{"taxonomy":"post_tag","embeddable":true,"href":"https:\/\/www.mojevrijeme.hr\/magazin\/wp-json\/wp\/v2\/tags?post=138198"}],"curies":[{"name":"wp","href":"https:\/\/api.w.org\/{rel}","templated":true}]}}