{"id":138235,"date":"2025-07-18T14:11:38","date_gmt":"2025-07-18T12:11:38","guid":{"rendered":"https:\/\/www.mojevrijeme.hr\/magazin\/?p=138235"},"modified":"2025-07-18T17:20:20","modified_gmt":"2025-07-18T15:20:20","slug":"draga-ksenija-mama-jos-uvijek-drzi-titovu-sliku-na-zidu","status":"publish","type":"post","link":"https:\/\/www.mojevrijeme.hr\/magazin\/2025\/07\/draga-ksenija-mama-jos-uvijek-drzi-titovu-sliku-na-zidu\/","title":{"rendered":"Draga Ksenija: Mama jo\u0161 uvijek dr\u017ei Titovu sliku na zidu"},"content":{"rendered":"\n<p><strong>Draga Ksenija<\/strong>, majka s ponosom jo\u0161 uvijek dr\u017ei na zidu sliku Josipa Broza Tita u admiralskom odijelu i stalno ponavlja da &#8220;ljep\u0161eg predsjednika nismo imali&#8221;. Zna\u010di, gleda ga vi\u0161e nego unuke jer unu\u010dad nije stavila na zid. Najdra\u017ea pjesma joj je Bala\u0161evi\u0107eva &#8220;Ra\u010dunajte na nas&#8221;, a na stolu u boravku dr\u017ei knjigu &#8220;Titova posljednja bitka&#8221; koju je kupila preko sindikata nakon Titove smrti.<\/p>\n\n\n\n<p>Stalno spominje kako je kao srednjo\u0161kolka protestirala protiv Moisea Tshombea jer je &#8220;ubio Patricea Lumumbu&#8221;. Normalno da nitko \u017eiv ne zna tko su ta dvojica, ali ona ne \u017eali vremena za objasniti. Uvijek je spremna za dr\u017eanje politi\u010dke nastave. Mu\u017e i ja smo antitotalitaristi i te\u0161ko gutamo idealizaciju biv\u0161eg re\u017eima, a mama je sve glasnija \u0161to je starija. Da je mla\u0111a, i\u0161la bi u Kumrovec na Dan mladosti, a ni ovako nismo sigurni da ne\u0107e pobje\u0107i.<\/p>\n\n\n\n<p>Razmi\u0161ljam da, kad iza\u0111e van, sve pobacam i da joj na zid stavim neku prikladnu sliku, recimo &#8220;Djevojku s lutnjom&#8221; ili &#8220;Konje na pojilu&#8221;. Ne \u017eelim joj oduzeti sje\u0107anja, niti tra\u017eim da postane \u010dlanica Domovinskog pokreta, ali bilo bi lijepo da se ne moramo crvenjeti pred drugima. \u0160to napraviti, a da ne izbije revolucija? <em>Protiv totalitarizma<\/em><\/p><div id=\"mojev-2358298984\" class=\"mojev-u-tekstu mojev-entity-placement\" style=\"margin-left: auto;margin-right: auto;text-align: center;\"><div class=\"mojev-adlabel\">oglas<\/div><div style=\"height: 250px;\"><script async src=\"https:\/\/pagead2.googlesyndication.com\/pagead\/js\/adsbygoogle.js?client=ca-pub-8106111766207173\"\r\n     crossorigin=\"anonymous\"><\/script>\r\n<!-- Prikazni 1 u tekstu -->\r\n<ins class=\"adsbygoogle\"\r\n     style=\"display:block\"\r\n     data-ad-client=\"ca-pub-8106111766207173\"\r\n     data-ad-slot=\"8535551207\"\r\n     data-ad-format=\"auto\"\r\n     data-full-width-responsive=\"true\"><\/ins>\r\n<script>\r\n     (adsbygoogle = window.adsbygoogle || []).push({});\r\n<\/script><\/div><\/div><br style=\"clear: both; display: block; float: none;\"\/>\n\n\n\n<p><strong>Draga Protiv totalitarizma<\/strong>, va\u0161e pisanje je toliko duhovito da bih i ja sad najradije stavila Titovu sliku na zid, a odmah do njega va\u0161e pismo. Pretpostavljam da u svemu ima zrno istine. No, bojim se da je moj odgovor vrlo jednostavan: ne mo\u017eete i ne trebate u\u010diniti ni\u0161ta.<\/p>\n\n\n\n<p>Dok god majka ne zahtijeva da se pozdravljate sa SF-SN, vas se to zapravo ne bi trebalo ni ticati. Va\u0161a mama se sje\u0107a jednog vremena koje joj je, zato \u0161to je bila mlada i aktivna, vjerojatno davalo osje\u0107aj stabilnosti, sigurnosti i svrhe. Ostavite je na miru. Ili jo\u0161 bolje, odvedite je u Kumrovec! Uostalom, \u017eivimo u demokraciji, zar ne? <em>Ksenija<\/em><\/p>\n\n\n\n<div id=\"crveno\"><\/p>\n\n\n\n<h3 class=\"wp-block-heading\">Pi\u0161ite Kseniji!<\/h3>\n\n\n\n<p>\u017delite li <strong>anonimno<\/strong> postaviti pitanje i posavjetovati se s na\u0161om kolumnisticom i \u017eivotnom savjetnicom Ksenijom Habunek ili samo ispri\u010dati svoju pri\u010du i vi\u0111enje ove teme, mo\u017eete to u\u010diniti putem internetskog obrasca klikom na <a href=\"https:\/\/www.mojevrijeme.hr\/magazin\/draga-ksenija\/\"><strong>ovu poveznicu<\/strong><\/a>.<\/p>\n\n\n\n<p>Ostala pitanja i Ksenijine odgovore potra\u017eite na <a href=\"https:\/\/www.mojevrijeme.hr\/magazin\/category\/povjerljivo\/draga-ksenija\/\"><strong>ovoj poveznici<\/strong><\/a>.<\/p>\n\n\n\n<p><\/div>\n<div id=\"mojev-1674129171\" class=\"mojev-kraj-teksta mojev-entity-placement\" style=\"margin-bottom: 20px;margin-left: auto;margin-right: auto;text-align: center;\"><div class=\"mojev-adlabel\">oglas<\/div><div style=\"height: 250px;\"><script async src=\"https:\/\/pagead2.googlesyndication.com\/pagead\/js\/adsbygoogle.js?client=ca-pub-8106111766207173\"\r\n     crossorigin=\"anonymous\"><\/script>\r\n<!-- Display-1 -->\r\n<ins class=\"adsbygoogle\"\r\n     style=\"display:block\"\r\n     data-ad-client=\"ca-pub-8106111766207173\"\r\n     data-ad-slot=\"1465712950\"\r\n     data-ad-format=\"auto\"\r\n     data-full-width-responsive=\"true\"><\/ins>\r\n<script>\r\n     (adsbygoogle = window.adsbygoogle || []).push({});\r\n<\/script><\/div><\/div>","protected":false},"excerpt":{"rendered":"<p>\u010citateljica ne mo\u017ee vi\u0161e podnijeti maj\u010dinu idealizaciju biv\u0161eg re\u017eima i sliku Tita na zidu, ali se boji da bi poku\u0161aj ure\u0111ivanja dnevnog boravka izazvao obiteljsku revoluciju. Na\u0161a \u017eivotna savjetnica Ksenija Habunek savjetuje kako pre\u017eivjeti politi\u010dki sukob bez \u017ertava.<\/p>\n","protected":false},"author":11,"featured_media":138245,"comment_status":"closed","ping_status":"closed","sticky":false,"template":"","format":"standard","meta":{"footnotes":""},"categories":[4133],"tags":[1712,110],"class_list":["post-138235","post","type-post","status-publish","format-standard","has-post-thumbnail","hentry","category-draga-ksenija","tag-jugonostalgija","tag-tito"],"_links":{"self":[{"href":"https:\/\/www.mojevrijeme.hr\/magazin\/wp-json\/wp\/v2\/posts\/138235","targetHints":{"allow":["GET"]}}],"collection":[{"href":"https:\/\/www.mojevrijeme.hr\/magazin\/wp-json\/wp\/v2\/posts"}],"about":[{"href":"https:\/\/www.mojevrijeme.hr\/magazin\/wp-json\/wp\/v2\/types\/post"}],"author":[{"embeddable":true,"href":"https:\/\/www.mojevrijeme.hr\/magazin\/wp-json\/wp\/v2\/users\/11"}],"replies":[{"embeddable":true,"href":"https:\/\/www.mojevrijeme.hr\/magazin\/wp-json\/wp\/v2\/comments?post=138235"}],"version-history":[{"count":17,"href":"https:\/\/www.mojevrijeme.hr\/magazin\/wp-json\/wp\/v2\/posts\/138235\/revisions"}],"predecessor-version":[{"id":138254,"href":"https:\/\/www.mojevrijeme.hr\/magazin\/wp-json\/wp\/v2\/posts\/138235\/revisions\/138254"}],"wp:featuredmedia":[{"embeddable":true,"href":"https:\/\/www.mojevrijeme.hr\/magazin\/wp-json\/wp\/v2\/media\/138245"}],"wp:attachment":[{"href":"https:\/\/www.mojevrijeme.hr\/magazin\/wp-json\/wp\/v2\/media?parent=138235"}],"wp:term":[{"taxonomy":"category","embeddable":true,"href":"https:\/\/www.mojevrijeme.hr\/magazin\/wp-json\/wp\/v2\/categories?post=138235"},{"taxonomy":"post_tag","embeddable":true,"href":"https:\/\/www.mojevrijeme.hr\/magazin\/wp-json\/wp\/v2\/tags?post=138235"}],"curies":[{"name":"wp","href":"https:\/\/api.w.org\/{rel}","templated":true}]}}