{"id":138328,"date":"2025-07-20T10:18:49","date_gmt":"2025-07-20T08:18:49","guid":{"rendered":"https:\/\/www.mojevrijeme.hr\/magazin\/?p=138328"},"modified":"2025-07-20T10:18:51","modified_gmt":"2025-07-20T08:18:51","slug":"eutanazija-postala-pravo-u-sloveniji-hoce-li-hrvati-ici-po-spas-u-dezelu","status":"publish","type":"post","link":"https:\/\/www.mojevrijeme.hr\/magazin\/2025\/07\/eutanazija-postala-pravo-u-sloveniji-hoce-li-hrvati-ici-po-spas-u-dezelu\/","title":{"rendered":"Eutanazija postala pravo u Sloveniji: Ho\u0107e li Hrvati i\u0107i po spas u de\u017eelu?"},"content":{"rendered":"\n<p>Hrvatski i slovenski gra\u0111ani dosad su pravo na eutanaziju \u2013 preciznije, njezin bla\u017ei oblik poznat kao potpomognuto samoubojstvo \u2013 uglavnom tra\u017eili u \u0160vicarskoj. No novost je da Slovenci vi\u0161e ne\u0107e morati posezati za skupim inozemnim aran\u017emanima jer je postupak upravo legaliziran u njihovoj zemlji. Otvara se pitanje: ho\u0107e li sada i Hrvati, u potrazi za dostojanstvenim krajem \u017eivota, sve \u010de\u0161\u0107e gledati prema susjednoj dr\u017eavi?<\/p>\n\n\n\n<p>Naime, slovenski parlament u petak je izglasao zakon kojim legalizira potpomognuto okon\u010danje \u017eivota za terminalno bolesne osobe koje trpe nepodno\u0161ljivu patnju bez izgleda za ozdravljenje. Time se Slovenija pridru\u017eila nizu zemalja poput Nizozemske, Belgije, Kanade, Australije i nekoliko ameri\u010dkih saveznih dr\u017eava koje su ve\u0107 regulirale ovo kontroverzno, ali sve aktualnije pitanje.<\/p>\n\n\n\n<p>Zakon je usvojen s 50 glasova za, 34 protiv i tri suzdr\u017eana, a prethodila mu je pro\u0161logodi\u0161nja savjetodavna referendumska odluka u kojoj je 55 posto gra\u0111ana podr\u017ealo uvo\u0111enje prava na dostojanstvenu smrt pod vlastitim uvjetima. <\/p><div id=\"mojev-1795959291\" class=\"mojev-u-tekstu mojev-entity-placement\" style=\"margin-left: auto;margin-right: auto;text-align: center;\"><div class=\"mojev-adlabel\">oglas<\/div><div style=\"height: 250px;\"><script async src=\"https:\/\/pagead2.googlesyndication.com\/pagead\/js\/adsbygoogle.js?client=ca-pub-8106111766207173\"\r\n     crossorigin=\"anonymous\"><\/script>\r\n<!-- Prikazni 1 u tekstu -->\r\n<ins class=\"adsbygoogle\"\r\n     style=\"display:block\"\r\n     data-ad-client=\"ca-pub-8106111766207173\"\r\n     data-ad-slot=\"8535551207\"\r\n     data-ad-format=\"auto\"\r\n     data-full-width-responsive=\"true\"><\/ins>\r\n<script>\r\n     (adsbygoogle = window.adsbygoogle || []).push({});\r\n<\/script><\/div><\/div><br style=\"clear: both; display: block; float: none;\"\/>\n\n\n\n<p>Prema izvje\u0161\u0107u Slovenske tiskovne agencije (STA), pravo na potpomognutu smrt ne\u0107e se odnositi na osobe \u010dija je patnja rezultat isklju\u010divo psihi\u010dke bolesti, a svi raspolo\u017eivi oblici lije\u010denja morat \u0107e biti prethodno iscrpljeni. Istovremeno protivnici ovog zakona, okupljeni u civilnu inicijativu, najavljuju da \u0107e poku\u0161ati prikupiti dovoljan broj potpisa za raspisivanje referenduma s ciljem poni\u0161tavanja zakona.<\/p>\n\n\n\n<p>S druge strane, u Hrvatskoj se o eutanaziji gotovo i ne govori, iako poku\u0161aji nisu izostali. Tako je 2021. godine Sindikat umirovljenika Hrvatske poku\u0161ao otvoriti pitanje prava na dostojanstvenu smrt. &#8220;Na na\u0161oj Facebook stranici oko 60 posto onih koji su se odazvali na anketu izrazilo je interes da se eutanazija regulira u Hrvatskoj&#8221;, izjavila je tada\u0161nja predsjednica Sindikata <strong>Jasna A. Petrovi\u0107<\/strong>.<\/p>\n\n\n\n<p>&#8220;Za\u0161to Hrvatska ne bi bila me\u0111u prvim postsocijalisti\u010dkim zemljama koje bi, s obzirom da je udio stanovni\u0161tva starijeg od 65 godina pre\u0161ao 21 posto, otvorila to pitanje? U Hrvatskoj treba poku\u0161ati otvoriti javnu raspravu jer populacija bitno stari. Zdravstveni sustav nije u stanju pratiti adekvatno sve bole\u0161tine starenja. Patnja se poja\u010dava pred umiranje, umjesto da jam\u010dimo dostojanstvenu smrt&#8221;, izjavila je tada Petrovi\u0107.<\/p>\n<div id=\"mojev-1017677753\" class=\"mojev-kraj-teksta mojev-entity-placement\" style=\"margin-bottom: 20px;margin-left: auto;margin-right: auto;text-align: center;\"><div class=\"mojev-adlabel\">oglas<\/div><div style=\"height: 250px;\"><script async src=\"https:\/\/pagead2.googlesyndication.com\/pagead\/js\/adsbygoogle.js?client=ca-pub-8106111766207173\"\r\n     crossorigin=\"anonymous\"><\/script>\r\n<!-- Display-1 -->\r\n<ins class=\"adsbygoogle\"\r\n     style=\"display:block\"\r\n     data-ad-client=\"ca-pub-8106111766207173\"\r\n     data-ad-slot=\"1465712950\"\r\n     data-ad-format=\"auto\"\r\n     data-full-width-responsive=\"true\"><\/ins>\r\n<script>\r\n     (adsbygoogle = window.adsbygoogle || []).push({});\r\n<\/script><\/div><\/div>","protected":false},"excerpt":{"rendered":"<p>Uvo\u0111enjem prava na potpomognuto okon\u010danje \u017eivota, Slovenija je otvorila novo poglavlje u raspravi o dostojanstvenom umiranju; temi o kojoj se u Hrvatskoj politi\u010dari boje govoriti.<\/p>\n","protected":false},"author":1,"featured_media":138332,"comment_status":"closed","ping_status":"closed","sticky":false,"template":"","format":"standard","meta":{"footnotes":""},"categories":[9],"tags":[326,376],"class_list":["post-138328","post","type-post","status-publish","format-standard","has-post-thumbnail","hentry","category-vijesti","tag-eutanazija","tag-slovenija"],"_links":{"self":[{"href":"https:\/\/www.mojevrijeme.hr\/magazin\/wp-json\/wp\/v2\/posts\/138328","targetHints":{"allow":["GET"]}}],"collection":[{"href":"https:\/\/www.mojevrijeme.hr\/magazin\/wp-json\/wp\/v2\/posts"}],"about":[{"href":"https:\/\/www.mojevrijeme.hr\/magazin\/wp-json\/wp\/v2\/types\/post"}],"author":[{"embeddable":true,"href":"https:\/\/www.mojevrijeme.hr\/magazin\/wp-json\/wp\/v2\/users\/1"}],"replies":[{"embeddable":true,"href":"https:\/\/www.mojevrijeme.hr\/magazin\/wp-json\/wp\/v2\/comments?post=138328"}],"version-history":[{"count":2,"href":"https:\/\/www.mojevrijeme.hr\/magazin\/wp-json\/wp\/v2\/posts\/138328\/revisions"}],"predecessor-version":[{"id":138333,"href":"https:\/\/www.mojevrijeme.hr\/magazin\/wp-json\/wp\/v2\/posts\/138328\/revisions\/138333"}],"wp:featuredmedia":[{"embeddable":true,"href":"https:\/\/www.mojevrijeme.hr\/magazin\/wp-json\/wp\/v2\/media\/138332"}],"wp:attachment":[{"href":"https:\/\/www.mojevrijeme.hr\/magazin\/wp-json\/wp\/v2\/media?parent=138328"}],"wp:term":[{"taxonomy":"category","embeddable":true,"href":"https:\/\/www.mojevrijeme.hr\/magazin\/wp-json\/wp\/v2\/categories?post=138328"},{"taxonomy":"post_tag","embeddable":true,"href":"https:\/\/www.mojevrijeme.hr\/magazin\/wp-json\/wp\/v2\/tags?post=138328"}],"curies":[{"name":"wp","href":"https:\/\/api.w.org\/{rel}","templated":true}]}}