{"id":138357,"date":"2025-07-20T16:49:02","date_gmt":"2025-07-20T14:49:02","guid":{"rendered":"https:\/\/www.mojevrijeme.hr\/magazin\/?p=138357"},"modified":"2025-07-20T17:00:47","modified_gmt":"2025-07-20T15:00:47","slug":"neugodno-vam-je-zbog-eutanazije-to-nije-razlog-da-je-branite-drugima","status":"publish","type":"post","link":"https:\/\/www.mojevrijeme.hr\/magazin\/2025\/07\/neugodno-vam-je-zbog-eutanazije-to-nije-razlog-da-je-branite-drugima\/","title":{"rendered":"Ne svi\u0111a vam se eutanazija? To nije razlog da je branite drugima"},"content":{"rendered":"\n<p>Slovenski parlament je u petak <a href=\"https:\/\/www.mojevrijeme.hr\/magazin\/2025\/07\/eutanazija-postala-pravo-u-sloveniji-hoce-li-hrvati-ici-po-spas-u-dezelu\/\">prihvatio zakon<\/a> kojim se legalizira potpomognuto samoubojstvo za terminalno bolesne osobe koje trpe nepodno\u0161ljivu patnju bez izgleda za izlje\u010denje. U raspravama koje su prethodile, najvi\u0161e se isticala moralna zabrinutost, \u010desto pro\u017eeta vjerskim argumentima i osobnim unutarnjim konfliktima.<\/p>\n\n\n\n<p>No iza svih su\u010deljenih mi\u0161ljenja ostaju temeljna pitanja: imamo li pravo drugome zabraniti izbor koji nas osobno ne ugro\u017eava? I tko smije odlu\u010divati o tu\u0111oj patnji? U nastavku donosimo naj\u010de\u0161\u0107e kori\u0161tene &#8220;argumente&#8221; protivnika mogu\u0107nosti izbora na okon\u010danje vlastitog \u017eivota i mogu\u0107e odgovore na njih.<\/p>\n\n\n\n<h3 class=\"wp-block-heading\">Propast \u0107emo kao dru\u0161tvo!<\/h3>\n\n\n\n<p>Eutanazija, u kontekstu zakonski reguliranog potpomognutog samoubojstva, odnosi se isklju\u010divo na potpuno svjesnog pojedinca koji je u terminalnoj fazi bolesti i koji sam tra\u017ei kraj. To nije \u010din kojim netko ru\u0161i vrijednosti dru\u0161tva, nego \u010din u kojem osoba tra\u017ei kontrolu nad vlastitim krajem.<\/p><div id=\"mojev-2020439314\" class=\"mojev-u-tekstu mojev-entity-placement\" style=\"margin-left: auto;margin-right: auto;text-align: center;\"><div class=\"mojev-adlabel\">oglas<\/div><div style=\"height: 250px;\"><script async src=\"https:\/\/pagead2.googlesyndication.com\/pagead\/js\/adsbygoogle.js?client=ca-pub-8106111766207173\"\r\n     crossorigin=\"anonymous\"><\/script>\r\n<!-- Prikazni 1 u tekstu -->\r\n<ins class=\"adsbygoogle\"\r\n     style=\"display:block\"\r\n     data-ad-client=\"ca-pub-8106111766207173\"\r\n     data-ad-slot=\"8535551207\"\r\n     data-ad-format=\"auto\"\r\n     data-full-width-responsive=\"true\"><\/ins>\r\n<script>\r\n     (adsbygoogle = window.adsbygoogle || []).push({});\r\n<\/script><\/div><\/div><br style=\"clear: both; display: block; float: none;\"\/>\n\n\n\n<h3 class=\"wp-block-heading\">Ja mislim da je to grijeh!<\/h3>\n\n\n\n<p>To je u redu, ako to &#8220;mi\u0161ljenje&#8221; primjenjujete na sebe, a ne na druge. Vjera je osobna stvar. Problem nastaje kada se vlastita vjerska uvjerenja po\u010dnu nametati drugima, a to je nepristojno, kontraproduktivno i dru\u0161tveno \u0161tetno. Osobito je problemati\u010dno kada se vjera primjenjuje selektivno: pozivamo se na svetost \u017eivota i \u017eivljenja kada je rije\u010d o eutanaziji ali ne i kada je rije\u010d o siroma\u0161tvu, diskriminacijama, izbjeglicama, nasilju ili uskra\u0107ivanju dostojanstva bolesnima.<\/p>\n\n\n\n<h3 class=\"wp-block-heading\">Zna\u010di li to da ne smijemo biti vjernici?<\/h3>\n\n\n\n<p>Ne nu\u017eno, ali vjera ne smije biti temelj zabrana u sekularnoj dr\u017eavi. Vjera mo\u017ee oblikovati va\u0161 osobni odabir i odabir va\u0161e vjerske zajednice. Nemojte tra\u017eiti potpomognuto okon\u010danje \u017eivota, izaberite palijativnu skrb ili ne\u0161to drugo. No u trenutku kada va\u0161a vjera postaje razlogom da drugome uskratite njegovo pravo na odluku, to postaje pitanje dominacije i nametanja vlastitih vrijednosti.<\/p>\n\n\n\n<h3 class=\"wp-block-heading\">Mislim da to nije normalno! Neugodno mi je i misliti o tome.<\/h3>\n\n\n\n<p>Va\u0161 unutarnji moralni konflikt, koliko god bio stvaran i te\u017eak, nije razlog da drugome onemogu\u0107ite dostojanstven kraj. Nekada je bilo normalno umirati danima kod ku\u0107e bez lije\u010dni\u010dke pomo\u0107i, a kamoli palijativne skrbi. Za osobu koja je zatra\u017eila odlazak pod svojim uvjetima, to je najugodnije i najbolje rje\u0161enje. Mora li ona patiti zbog toga \u0161to je vama pomisao na eutanaziju ili asistirano samoubojstvo neugodna? Va\u0161e osobne granice ne smiju odre\u0111ivati tu\u0111i \u017eivot i njegov zavr\u0161etak.<\/p>\n\n\n\n<h3 class=\"wp-block-heading\">Treba nam bolja palijativna skrb, a ne eutanazija!<\/h3>\n\n\n\n<p>To\u010dno je da nam treba bolja palijativna skrb, ali palijativa i eutanazija u smislu potpomognutog samoubojstva nisu suprotstavljene, nego se nadopunjuju. Pre\u0161utna dvojba koja se ovakvim &#8220;argumentom&#8221; name\u0107e je la\u017ena. Eutanazija je krajnja mogu\u0107nost za one rijetke slu\u010dajeve u kojima palijativa vi\u0161e nije dovoljna. Ona postoji upravo zato da bi izbor ostao u rukama osobe , da bi netko mogao re\u0107i: &#8220;Hvala na brizi, ali meni je sada dosta. Pomognite mi da odem.&#8221;<\/p>\n\n\n\n<h3 class=\"wp-block-heading\">Zar se time ne otvara prostor za zloupotrebe?<\/h3>\n\n\n\n<p>Ne vi\u0161e nego u bilo kojoj drugoj sferi \u017eivota. Zakon u Sloveniji uvodi stroge kriterije: samo terminalno bolesni, uz potvrdu vi\u0161e lije\u010dnika, uz jasnu i dosljednu izra\u017eenu volju i mogu\u0107nost odustajanja u svakom trenutku. Rije\u010d je o jednom od najstro\u017ee kontroliranih postupaka uop\u0107e; slo\u017eenijem, primjerice, od pristanka na operaciju ili odbijanja lije\u010denja. Ako smo sposobni \u0161tititi prava i sigurnost u tim okolnostima, za\u0161to bismo ba\u0161 u ovom slu\u010daju vjerovali da \u0107e prevladati kaos i manipulacija? Teoretski, sve se mo\u017ee zloupotrijebiti pa ipak nismo sve zabranili i ukinuli.<\/p>\n\n\n\n<h3 class=\"wp-block-heading\">Ako im je toliko stalo, za\u0161to se sami ne ubiju?<\/h3>\n\n\n\n<p>To je, bez imalo dvojbe, najokrutniji i moralno najproblemati\u010dniji &#8220;argument&#8221;. Re\u0107i to te\u0161ko bolesnoj osobi, koja tra\u017ei medicinski i dostojanstven na\u010din umiranja, zna\u010di odbaciti svako suosje\u0107anje. To je poziv na njeno dodatno poni\u017eenje. Ljudi ne tra\u017ee dozvolu za smrt, jer \u0107e ionako uskoro umrijeti, nego mogu\u0107nost da izbjegnu patnju i gubitak dostojanstva, da postupak bude siguran i bezbolan te minimalno traumati\u010dan, kako za njih, tako i za obitelj. I zato je ovaj argument naprosto besraman.<\/p>\n\n\n\n<h3 class=\"wp-block-heading\">Lije\u010dnici ne smiju ubiti!<\/h3>\n\n\n\n<p>U ovom slu\u010daju, lije\u010dnik ne usmr\u0107uje pacijenta, nego mu poma\u017ee da to sam u\u010dini na siguran i bezbolan na\u010din. Suvremena medicina prepoznaje da produ\u017eavanje patnje, kad vi\u0161e nema mogu\u0107nosti izlje\u010denja niti olak\u0161anja, mo\u017ee biti suprotno dobrobiti pacijenta. U ekstremnim slu\u010dajevima, ubla\u017eavanje neizdr\u017eive patnje mo\u017ee biti izraz najve\u0107e brige. Lije\u010dnici moraju po\u0161tivati pravo pacijenta da odbije terapiju, a ovo je samo dosljedan nastavak po\u0161tivanja osobne autonomije i \u010dinjenje podno\u0161ljivim onoga \u0161to je neizbje\u017eno. Tako\u0111er, i lije\u010dnik, ako se ne mo\u017ee nositi s potpomognutim samoubojstvom, ima pravo odbiti sudjelovanje.<\/p>\n\n\n\n<h3 class=\"wp-block-heading\">Legalizacija zna\u010di da \u0107e eutanazija postati obavezna!<\/h3>\n\n\n\n<p>Ne\u0107e. Netko \u0107e izabrati palijativnu skrb, netko \u0107e se boriti do posljednjeg trenutka, netko \u0107e, mo\u017eda, promijeniti mi\u0161ljenje vi\u0161e puta. Netko \u0107e odabrati svjestan odlazak, okru\u017een prijateljima i obitelji, uz pjesmu i ljubav, poput na\u0161e knji\u017eevnice <a href=\"https:\/\/www.mojevrijeme.hr\/magazin\/2023\/05\/dubravka-ugresic-bila-je-sigurna-u-svoju-odluku-otisla-je-s-pjesmom\/\" data-type=\"post\" data-id=\"72762\">Dubravke Ugre\u0161i\u0107<\/a>. \u017divimo u civilizaciji koja se temelji na osobnim izborima koji su dopu\u0161teni dok ne ugro\u017eavaju druge. Tvrdnja &#8220;postat \u0107e obavezno&#8221; je obi\u010dno stra\u0161ilo bez imalo upori\u0161ta u stvarnosti i ne\u0161to \u0161to se u literaturi naziva i &#8220;strahom od slobode&#8221;.<\/p>\n\n\n\n<p>Za kraj ka\u017eimo da potpomognuto umiranje ne govori o smrti, nego o dostojanstvenom \u017eivotu. O pravu da posljednji trenuci ne budu obilje\u017eeni patnjom i nemo\u0107i, nego svjesnim, osobnim \u010dinom. Taj \u010din ne \u0161teti drugima. Ne oduzima im ni\u0161ta. Ne ru\u0161i ni\u010diji moralni sustav. On samo tra\u017ei jedno: po\u0161tujte tu\u0111i izbor, kao \u0161to \u017eelite da drugi po\u0161tuju va\u0161. Nemate pravo od nikoga tra\u017eiti da pati, samo zato \u0161to vam se njegov osobni izbor ne svi\u0111a.<\/p>\n<div id=\"mojev-2700997868\" class=\"mojev-kraj-teksta mojev-entity-placement\" style=\"margin-bottom: 20px;margin-left: auto;margin-right: auto;text-align: center;\"><div class=\"mojev-adlabel\">oglas<\/div><div style=\"height: 250px;\"><script async src=\"https:\/\/pagead2.googlesyndication.com\/pagead\/js\/adsbygoogle.js?client=ca-pub-8106111766207173\"\r\n     crossorigin=\"anonymous\"><\/script>\r\n<!-- Display-1 -->\r\n<ins class=\"adsbygoogle\"\r\n     style=\"display:block\"\r\n     data-ad-client=\"ca-pub-8106111766207173\"\r\n     data-ad-slot=\"1465712950\"\r\n     data-ad-format=\"auto\"\r\n     data-full-width-responsive=\"true\"><\/ins>\r\n<script>\r\n     (adsbygoogle = window.adsbygoogle || []).push({});\r\n<\/script><\/div><\/div>","protected":false},"excerpt":{"rendered":"<p>Slovenija je legalizirala potpomognuto samoubojstvo za terminalno bolesne. Rasprava koja je prethodila otkrila je duboki dru\u0161tveni razdor i potaknula mnoge da se upitaju: imamo li pravo drugome uskratiti izbor koji nas ne ugro\u017eava?<\/p>\n","protected":false},"author":1,"featured_media":138379,"comment_status":"closed","ping_status":"closed","sticky":false,"template":"","format":"standard","meta":{"footnotes":""},"categories":[2],"tags":[326,1082,376],"class_list":["post-138357","post","type-post","status-publish","format-standard","has-post-thumbnail","hentry","category-mozaik","tag-eutanazija","tag-komentar","tag-slovenija"],"_links":{"self":[{"href":"https:\/\/www.mojevrijeme.hr\/magazin\/wp-json\/wp\/v2\/posts\/138357","targetHints":{"allow":["GET"]}}],"collection":[{"href":"https:\/\/www.mojevrijeme.hr\/magazin\/wp-json\/wp\/v2\/posts"}],"about":[{"href":"https:\/\/www.mojevrijeme.hr\/magazin\/wp-json\/wp\/v2\/types\/post"}],"author":[{"embeddable":true,"href":"https:\/\/www.mojevrijeme.hr\/magazin\/wp-json\/wp\/v2\/users\/1"}],"replies":[{"embeddable":true,"href":"https:\/\/www.mojevrijeme.hr\/magazin\/wp-json\/wp\/v2\/comments?post=138357"}],"version-history":[{"count":39,"href":"https:\/\/www.mojevrijeme.hr\/magazin\/wp-json\/wp\/v2\/posts\/138357\/revisions"}],"predecessor-version":[{"id":138397,"href":"https:\/\/www.mojevrijeme.hr\/magazin\/wp-json\/wp\/v2\/posts\/138357\/revisions\/138397"}],"wp:featuredmedia":[{"embeddable":true,"href":"https:\/\/www.mojevrijeme.hr\/magazin\/wp-json\/wp\/v2\/media\/138379"}],"wp:attachment":[{"href":"https:\/\/www.mojevrijeme.hr\/magazin\/wp-json\/wp\/v2\/media?parent=138357"}],"wp:term":[{"taxonomy":"category","embeddable":true,"href":"https:\/\/www.mojevrijeme.hr\/magazin\/wp-json\/wp\/v2\/categories?post=138357"},{"taxonomy":"post_tag","embeddable":true,"href":"https:\/\/www.mojevrijeme.hr\/magazin\/wp-json\/wp\/v2\/tags?post=138357"}],"curies":[{"name":"wp","href":"https:\/\/api.w.org\/{rel}","templated":true}]}}