{"id":138490,"date":"2025-07-22T12:22:54","date_gmt":"2025-07-22T10:22:54","guid":{"rendered":"https:\/\/www.mojevrijeme.hr\/magazin\/?p=138490"},"modified":"2025-07-22T12:25:03","modified_gmt":"2025-07-22T10:25:03","slug":"linda-evans-se-vratila-na-drustvene-mreze-nakon-tri-godine-im-back","status":"publish","type":"post","link":"https:\/\/www.mojevrijeme.hr\/magazin\/2025\/07\/linda-evans-se-vratila-na-drustvene-mreze-nakon-tri-godine-im-back\/","title":{"rendered":"Linda Evans se vratila na dru\u0161tvene mre\u017ee nakon tri godine: I\u2019m back!"},"content":{"rendered":"\n<p>Glumica <strong>Linda Evans<\/strong> (82), zvijezda kultne serije Dinastija i jedna od najupe\u010datljivijih figura televizijskih osamdesetih, iznenadila je svoje obo\u017eavatelje povratkom na Facebook nakon gotovo tri godine potpune \u0161utnje.<\/p>\n\n\n\n<p>Glumica se povukla s dru\u0161tvenih mre\u017ea u velja\u010di 2022., nakon smrti svoje sestre Charlie, kada je emotivno poru\u010dila: &#8220;Gubitak \u017eivota, na\u0161ih voljenih i nemiri u svijetu djeluju nepodno\u0161ljivo. Ali prebrodit \u0107emo to jer imamo jedni druge. Kao sun\u010deva svjetlost u prolje\u0107e, nadam se da nas \u010deka obnova.&#8221;<\/p>\n\n\n\n<p>Ovih dana ponovno se oglasila kratkim videom u kojem zra\u010di vedrinom i bezvremenskom ljepotom, uz poruku: <em>I\u2019m back!<\/em> &#8220;Pro\u0161le su tri godine i presretna sam \u0161to se ponovno povezujem s vama ovdje na Facebooku. Veselim se dijeljenju novih trenutaka, inspiracija i uspomena. Ostanimo u kontaktu!&#8221;, izgovorila je dodaju\u0107i da su je \u017eivotni doga\u0111aji proteklih godina odmaknuli od javnosti i reflektora.<\/p><div id=\"mojev-1396623095\" class=\"mojev-u-tekstu mojev-entity-placement\" style=\"margin-left: auto;margin-right: auto;text-align: center;\"><div class=\"mojev-adlabel\">oglas<\/div><div style=\"height: 250px;\"><script async src=\"https:\/\/pagead2.googlesyndication.com\/pagead\/js\/adsbygoogle.js?client=ca-pub-8106111766207173\"\r\n     crossorigin=\"anonymous\"><\/script>\r\n<!-- Prikazni 1 u tekstu -->\r\n<ins class=\"adsbygoogle\"\r\n     style=\"display:block\"\r\n     data-ad-client=\"ca-pub-8106111766207173\"\r\n     data-ad-slot=\"8535551207\"\r\n     data-ad-format=\"auto\"\r\n     data-full-width-responsive=\"true\"><\/ins>\r\n<script>\r\n     (adsbygoogle = window.adsbygoogle || []).push({});\r\n<\/script><\/div><\/div><br style=\"clear: both; display: block; float: none;\"\/>\n\n\n\n<p>Reakcije obo\u017eavatelja pokazuju da nisu zaboravili jedno od najljep\u0161ih televizijskih lica koje smo i u biv\u0161oj Jugoslaviji pobo\u017eno pratili na ekranima kao zanosnu i pravednu Krystle Carrington. <\/p>\n\n\n\n<p>Jedan korisnik je dirljivo opisao kako je upravo ugledao Lindin video dok se spremao za brijanje, a na zidu pokraj njega vise njezin portret iz mladih dana, To je, ka\u017ee, do\u017eivio kao gotovo filmski trenutak.<\/p>\n\n\n\n<p>Drugi su se prisjetili kultnih televizijskih scena i anegdota, dok su tre\u0107i komentirali kako i danas &#8220;izgleda kao da bi mogla pobijediti Joan Collins u jo\u0161 jednom epskom okr\u0161aju&#8221;. Mnogi je mole da se vi\u0161e nikada ne povu\u010de s mre\u017ee jer, kako pi\u0161u, televizija i svijet je trebaju.<\/p>\n<div id=\"mojev-3859280178\" class=\"mojev-kraj-teksta mojev-entity-placement\" style=\"margin-bottom: 20px;margin-left: auto;margin-right: auto;text-align: center;\"><div class=\"mojev-adlabel\">oglas<\/div><div style=\"height: 250px;\"><script async src=\"https:\/\/pagead2.googlesyndication.com\/pagead\/js\/adsbygoogle.js?client=ca-pub-8106111766207173\"\r\n     crossorigin=\"anonymous\"><\/script>\r\n<!-- Display-1 -->\r\n<ins class=\"adsbygoogle\"\r\n     style=\"display:block\"\r\n     data-ad-client=\"ca-pub-8106111766207173\"\r\n     data-ad-slot=\"1465712950\"\r\n     data-ad-format=\"auto\"\r\n     data-full-width-responsive=\"true\"><\/ins>\r\n<script>\r\n     (adsbygoogle = window.adsbygoogle || []).push({});\r\n<\/script><\/div><\/div>","protected":false},"excerpt":{"rendered":"<p>Ka\u017ee da ju je \u017eivot odveo daleko od svjetala pozornice, no sada je ponovno spremna dijeliti uspomene i nove trenutke sa svojim brojnim obo\u017eavateljima.<\/p>\n","protected":false},"author":1,"featured_media":138491,"comment_status":"closed","ping_status":"closed","sticky":false,"template":"","format":"standard","meta":{"footnotes":""},"categories":[2],"tags":[221,201,4749],"class_list":["post-138490","post","type-post","status-publish","format-standard","has-post-thumbnail","hentry","category-mozaik","tag-dinastija","tag-glumci","tag-linda-evans"],"_links":{"self":[{"href":"https:\/\/www.mojevrijeme.hr\/magazin\/wp-json\/wp\/v2\/posts\/138490","targetHints":{"allow":["GET"]}}],"collection":[{"href":"https:\/\/www.mojevrijeme.hr\/magazin\/wp-json\/wp\/v2\/posts"}],"about":[{"href":"https:\/\/www.mojevrijeme.hr\/magazin\/wp-json\/wp\/v2\/types\/post"}],"author":[{"embeddable":true,"href":"https:\/\/www.mojevrijeme.hr\/magazin\/wp-json\/wp\/v2\/users\/1"}],"replies":[{"embeddable":true,"href":"https:\/\/www.mojevrijeme.hr\/magazin\/wp-json\/wp\/v2\/comments?post=138490"}],"version-history":[{"count":3,"href":"https:\/\/www.mojevrijeme.hr\/magazin\/wp-json\/wp\/v2\/posts\/138490\/revisions"}],"predecessor-version":[{"id":138494,"href":"https:\/\/www.mojevrijeme.hr\/magazin\/wp-json\/wp\/v2\/posts\/138490\/revisions\/138494"}],"wp:featuredmedia":[{"embeddable":true,"href":"https:\/\/www.mojevrijeme.hr\/magazin\/wp-json\/wp\/v2\/media\/138491"}],"wp:attachment":[{"href":"https:\/\/www.mojevrijeme.hr\/magazin\/wp-json\/wp\/v2\/media?parent=138490"}],"wp:term":[{"taxonomy":"category","embeddable":true,"href":"https:\/\/www.mojevrijeme.hr\/magazin\/wp-json\/wp\/v2\/categories?post=138490"},{"taxonomy":"post_tag","embeddable":true,"href":"https:\/\/www.mojevrijeme.hr\/magazin\/wp-json\/wp\/v2\/tags?post=138490"}],"curies":[{"name":"wp","href":"https:\/\/api.w.org\/{rel}","templated":true}]}}