{"id":138753,"date":"2026-04-27T18:02:22","date_gmt":"2026-04-27T16:02:22","guid":{"rendered":"https:\/\/www.mojevrijeme.hr\/magazin\/?p=138753"},"modified":"2026-04-27T18:03:45","modified_gmt":"2026-04-27T16:03:45","slug":"11-recenica-koje-pokazuju-da-ozenjeni-muskarac-nije-sretan","status":"publish","type":"post","link":"https:\/\/www.mojevrijeme.hr\/magazin\/2026\/04\/11-recenica-koje-pokazuju-da-ozenjeni-muskarac-nije-sretan\/","title":{"rendered":"11 re\u010denica koje pokazuju da o\u017eenjeni mu\u0161karac nije sretan"},"content":{"rendered":"\n<p>Iako mu\u0161karci rijetko izravno ka\u017eu da se kod ku\u0107e osje\u0107aju suvi\u0161nima, kroz svakodnevne komentare \u010desto nesvjesno izra\u017eavaju svoje nezadovoljstvo. Pro\u010ditajte kojih 11 naj\u010de\u0161\u0107ih fraza koje izgovaraju ukazuju na to da se vi\u0161e ne osje\u0107aju sretno i potrebno kod ku\u0107e.<\/p>\n\n\n\n<h2 class=\"wp-block-heading\">&#8220;Bolje da me nema&#8221;<\/h2>\n\n\n\n<p>Ovo je prva stvar koju mu\u0161karci ka\u017eu kada se osje\u0107aju nepotrebnima u vlastitom domu. Takav osje\u0107aj utje\u010de ne samo na emocije i razmi\u0161ljanje, ve\u0107 i na fizi\u010dko zdravlje. Mo\u017ee \u010dak pove\u0107ati sklonost nasilnim ispadima. Iako mu\u0161karcima nije lako otvoreno govoriti o osje\u0107ajima, va\u017eno je da poku\u0161aju. Re\u010denica \u201dVi\u0161e se ne osje\u0107am dobrodo\u0161lo ovdje\u201c mo\u017ee biti prvi korak prema razumijevanju i promjeni.<\/p>\n\n\n\n<h2 class=\"wp-block-heading\">&#8220;Ovdje sam samo da pla\u0107am ra\u010dune&#8221;<\/h2>\n\n\n\n<p>Od mu\u0161karaca se \u010desto o\u010dekuje da budu glavna financijska potpora, a ne ravnopravni partneri. U\u010deni su da vrijede samo ako financijski doprinose, zbog \u010dega se \u010desto osje\u0107aju iskori\u0161teno i nevidljivo u vlastitom domu. \u017dene to ponekad ni ne primijete jer je taj obrazac jo\u0161 uvijek dru\u0161tveno prihva\u0107en.<\/p><div id=\"mojev-2764323781\" class=\"mojev-u-tekstu mojev-entity-placement\" style=\"margin-left: auto;margin-right: auto;text-align: center;\"><div class=\"mojev-adlabel\">oglas<\/div><div style=\"height: 250px;\"><script async src=\"https:\/\/pagead2.googlesyndication.com\/pagead\/js\/adsbygoogle.js?client=ca-pub-8106111766207173\"\r\n     crossorigin=\"anonymous\"><\/script>\r\n<!-- Prikazni 1 u tekstu -->\r\n<ins class=\"adsbygoogle\"\r\n     style=\"display:block\"\r\n     data-ad-client=\"ca-pub-8106111766207173\"\r\n     data-ad-slot=\"8535551207\"\r\n     data-ad-format=\"auto\"\r\n     data-full-width-responsive=\"true\"><\/ins>\r\n<script>\r\n     (adsbygoogle = window.adsbygoogle || []).push({});\r\n<\/script><\/div><\/div><br style=\"clear: both; display: block; float: none;\"\/>\n\n\n\n<h2 class=\"wp-block-heading\">&#8220;Moje mi\u0161ljenje nije va\u017eno&#8221;<\/h2>\n\n\n\n<p>Mu\u0161karci \u010desto ponavljaju izreku &#8220;sretna \u017eena, sretan \u017eivot&#8221;. I premda zvu\u010di kao iskaz ljubavi, iza nje se nerijetko krije odricanje. Mnogi nau\u010de potiskivati svoje \u017eelje i mi\u0161ljenja kako bi odr\u017eali mir u ku\u0107i, vjeruju\u0107i da je to cijena skladnog odnosa. \u017dene toga \u010desto nisu ni svjesne, ne zato \u0161to ne mare, ve\u0107 zato \u0161to ni same ne primje\u0107uju da im se partner sve vi\u0161e povla\u010di. Kada se uporno odbacuje mi\u0161ljenje mu\u0161karca on se osje\u0107a sve izoliranije, a to \u0161teti njegovom emocionalnom zdravlju.<\/p>\n\n\n\n<h2 class=\"wp-block-heading\">&#8220;Vidim da sada \u017eivi\u0161 po svom&#8221;<\/h2>\n\n\n\n<p>Kad djeca odrastu i odu, partneri \u010desto pronalaze nove hobije i zanimacije pa se lako dogodi da se udalje jedan od drugoga. Zato mu\u0161karci \u010desto znaju re\u0107i: \u201dVidim da sada \u017eivi\u0161 po svom\u201c. Time izra\u017eavaju osje\u0107aj da vam vi\u0161e ne trebaju. Ve\u0107 i gledanje filma ili zajedni\u010dke ve\u010dere, zna\u010dajno ja\u010daju vezu. Ako primijetite ovakav stav kod mu\u0161karca, znajte da mu nedostajete.<\/p>\n\n\n\n<h2 class=\"wp-block-heading\">&#8220;Ni\u0161ta ne mogu napraviti kako treba&#8221;<\/h2>\n\n\n\n<p>\u017dene se lako frustriraju jer ula\u017eu mnogo truda u ku\u0107u i obitelj, pa ih zna ljutiti kad mu\u017e ne napravi stvari kako treba. No mu\u0161karci koji se trude, a stalno su izlo\u017eeni kritici, \u010desto se osje\u0107aju nepotrebnima. Zato \u010desto ka\u017eu da ni\u0161ta ne mogu napraviti kako treba. Kritika izaziva ljutnju ili povla\u010denje, \u0161to samo pogor\u0161ava situaciju. Bolje je pohvaliti i ponuditi pomo\u0107.<\/p>\n\n\n\n<h2 class=\"wp-block-heading\">&#8220;\u010cemu razgovarati kad si ve\u0107 donijela odluku&#8221;<\/h2>\n\n\n\n<p>Kad se mu\u0161karac osje\u0107a kao da ga voljeni ne slu\u0161aju, \u010desto se potpuno zatvori. Iako to mo\u017eda nije naju\u010dinkovitiji na\u010din rje\u0161avanja problema, on se u\u010destalo pita koliko jo\u0161 puta mo\u017ee izra\u017eavati svoje brige prije nego \u0161to do\u017eivi potpuno odbacivanje.<\/p>\n\n\n\n<p>Povla\u010denje iz rasprave i izbjegavanje daljnjih razgovora njegov je \u0161tit. Ljudi se \u010desto zatvaraju kad se osje\u0107aju prezasi\u0107eno i nemo\u0107no i zato je va\u017eno paziti da se svi me\u0111usobno aktivno slu\u0161aju i daju si prostora za izra\u017eavanje.<\/p>\n\n\n\n<h2 class=\"wp-block-heading\">&#8220;Volio bih da sve bude kao nekad&#8221;<\/h2>\n\n\n\n<p>Normalno je prisje\u0107ati se pro\u0161lih vremena. Od odgoja djece do suo\u010davanja s problemima koji su se gomilali u braku, mnogi mu\u0161karci s godinama osje\u0107aju tugu zbog boljih pro\u0161lih vremena. To ne zna\u010di da vi\u0161e ne vole obitelj, ali kad stvari postanu komplicirane, prirodno je osje\u0107ati se izgubljeno. <\/p>\n\n\n\n<p>Mu\u0161karci istinski \u017eele povratak u dane kad su se osje\u0107ali bolje shva\u0107enima od strane partnerice ili obitelji. To i ima smisla, jer kad se osje\u0107amo neshva\u0107eno, veza izme\u0111u nas i druge osobe prekinuta je. Stoga, ako \u010dujete mu\u0161karca da se \u017eeli vratiti u bolje dane, pru\u017eite mu malo vi\u0161e pa\u017enje. <\/p>\n\n\n\n<h2 class=\"wp-block-heading\">&#8220;Ne brini za mene&#8221;<\/h2>\n\n\n\n<p>Ve\u0107ina mu\u0161karaca nau\u010dena je od malih nogu susprezati emocije. Jo\u0161 kao dje\u010dacima govorilo im se da se izvole pona\u0161ati kao mu\u0161karci i da je plakanje znak slabosti. Zbog toga su se mnogi emocionalno zatvorili, prestali pokazivati ranjivost i time onemogu\u0107ili stvarnu povezanost u odnosima.<\/p>\n\n\n\n<p>Zato nije neobi\u010dno da mu\u0161karac koji se ne osje\u0107a potrebnim kod ku\u0107e izgovori: \u201dNe brini za mene.\u201c Iako su mo\u017eda u\u010deni da je najbolje ne pri\u010dati o problemima, va\u017eno je znati da potiskivanje osje\u0107aja nije samo nezdravo, ve\u0107 i neu\u010dinkovito, osobito u braku. Nemojte stoga zanemariti njegovu \u0161utnju, ve\u0107 ga potaknite ga da se izrazi.<\/p>\n\n\n\n<h2 class=\"wp-block-heading\">&#8220;Samo ti smetam&#8221;<\/h2>\n\n\n\n<p>Kad se mu\u0161karci osje\u0107aju pora\u017eeno i nepo\u017eeljno, s vremenom po\u010dnu vjerovati da su samo teret. Iako to na prvu mo\u017eda ne izgleda ozbiljno, lako se dogodi da, kad netko po\u010dne tako razmi\u0161ljati, stvari krenu po zlu.<\/p>\n\n\n\n<p>Ponekad zaborave iznijeti sme\u0107e ili propuste termin, ali samo su ljudska bi\u0107a koja zaslu\u017euju po\u0161tovanje i bliskost s onima koji su im najbli\u017ei. Ako \u010dujete da vam suprug izgovara kako samo smeta, pri\u0111ite mu. U sebi se s ne\u010dim ve\u0107 dugo bori.<\/p>\n\n\n\n<h2 class=\"wp-block-heading\">&#8220;Onda \u0107u ti se maknuti s puta&#8221;<\/h2>\n\n\n\n<p>Mu\u0161karci mogu djelovati smireno i sabrano, ali kad se kod ku\u0107e osje\u0107aju nepotrebnima, \u010desto izgovaraju ovu re\u010denicu. Nije im cilj izazvati osje\u0107aj krivnje ili igrati ulogu \u017ertve, ve\u0107 se jednostavno izgube razmi\u0161ljaju\u0107i kako dalje. Iako \u017eele pomo\u0107i i biti tu, svaki poku\u0161aj inicijative \u010desto nai\u0111e na negativne komentare i odbacivanje. Mnogi mu\u0161karci se doista osje\u0107aju neshva\u0107eno ili ne\u010dujno, a ponekad to i jesu. Ne dopustite da to ode u tjeskobu ili ljutnju.<\/p>\n\n\n\n<h2 class=\"wp-block-heading\">&#8220;Osje\u0107am se kao stranac u vlastitoj ku\u0107i&#8221;<\/h2>\n\n\n\n<p>Ovo je jedna od najte\u017eih re\u010denica koju mu\u0161karci izgovaraju kad se vi\u0161e ne osje\u0107aju potrebnima kod ku\u0107e. Nema goreg osje\u0107aja od toga da se osje\u0107ate kao stranac me\u0111u onima koji bi vas trebali najvi\u0161e voljeti. No, nakon brojnih nesuglasica i emocionalnog udaljavanja, lako se po\u010dnu tako osje\u0107ati \u010dim zakora\u010de kroz vrata.<\/p>\n\n\n\n<p>Zato je va\u017eno da obitelji ne dopuste da se me\u0111u njima nastani netrpeljivost. Iako se mo\u017eda \u010dini lak\u0161im mu\u0161karce isklju\u010diti i pona\u0161ati se kao da nisu va\u017eni, takav pristup dugoro\u010dno razara obiteljske veze, a s vremenom mo\u017ee ozbiljno ugroziti brak.<\/p>\n\n\n\n<div id=\"crveno\"><\/p>\n\n\n\n<h3 class=\"wp-block-heading\">Zanima nas va\u0161a pri\u010da<\/h3>\n\n\n\n<p>\u017delite li i vi, posve anonimno, podijeliti svoje iskustvo i vi\u0111enje ove teme s nama i na\u0161im \u010ditateljima, mo\u017eete to u\u010diniti putem web obrasca <a rel=\"noreferrer noopener\" href=\"https:\/\/www.mojevrijeme.hr\/magazin\/povjerljivo\/\" target=\"_blank\">Povjerljivo<\/a>. Napi\u0161ite svoju pri\u010du!<\/p>\n\n\n\n<p><\/div>\n<div id=\"mojev-2923865248\" class=\"mojev-kraj-teksta mojev-entity-placement\" style=\"margin-bottom: 20px;margin-left: auto;margin-right: auto;text-align: center;\"><div class=\"mojev-adlabel\">oglas<\/div><div style=\"height: 250px;\"><script async src=\"https:\/\/pagead2.googlesyndication.com\/pagead\/js\/adsbygoogle.js?client=ca-pub-8106111766207173\"\r\n     crossorigin=\"anonymous\"><\/script>\r\n<!-- Display-1 -->\r\n<ins class=\"adsbygoogle\"\r\n     style=\"display:block\"\r\n     data-ad-client=\"ca-pub-8106111766207173\"\r\n     data-ad-slot=\"1465712950\"\r\n     data-ad-format=\"auto\"\r\n     data-full-width-responsive=\"true\"><\/ins>\r\n<script>\r\n     (adsbygoogle = window.adsbygoogle || []).push({});\r\n<\/script><\/div><\/div>","protected":false},"excerpt":{"rendered":"<p>U zdravom domu svi bi se trebali osje\u0107ati ravnopravnima, potrebnima i cijenjenima, no to na\u017ealost nije uvijek slu\u010daj. Nisu rijetki mu\u0161karci koji se \u017eale da se osje\u0107aju kao stranci u vlastitom domu te se povla\u010de jer imaju dojam da ih nitko ne \u010duje niti uva\u017eava.<\/p>\n","protected":false},"author":17,"featured_media":136915,"comment_status":"closed","ping_status":"closed","sticky":false,"template":"","format":"standard","meta":{"footnotes":""},"categories":[2],"tags":[304,123],"class_list":["post-138753","post","type-post","status-publish","format-standard","has-post-thumbnail","hentry","category-mozaik","tag-brak","tag-muskarci"],"_links":{"self":[{"href":"https:\/\/www.mojevrijeme.hr\/magazin\/wp-json\/wp\/v2\/posts\/138753","targetHints":{"allow":["GET"]}}],"collection":[{"href":"https:\/\/www.mojevrijeme.hr\/magazin\/wp-json\/wp\/v2\/posts"}],"about":[{"href":"https:\/\/www.mojevrijeme.hr\/magazin\/wp-json\/wp\/v2\/types\/post"}],"author":[{"embeddable":true,"href":"https:\/\/www.mojevrijeme.hr\/magazin\/wp-json\/wp\/v2\/users\/17"}],"replies":[{"embeddable":true,"href":"https:\/\/www.mojevrijeme.hr\/magazin\/wp-json\/wp\/v2\/comments?post=138753"}],"version-history":[{"count":14,"href":"https:\/\/www.mojevrijeme.hr\/magazin\/wp-json\/wp\/v2\/posts\/138753\/revisions"}],"predecessor-version":[{"id":152996,"href":"https:\/\/www.mojevrijeme.hr\/magazin\/wp-json\/wp\/v2\/posts\/138753\/revisions\/152996"}],"wp:featuredmedia":[{"embeddable":true,"href":"https:\/\/www.mojevrijeme.hr\/magazin\/wp-json\/wp\/v2\/media\/136915"}],"wp:attachment":[{"href":"https:\/\/www.mojevrijeme.hr\/magazin\/wp-json\/wp\/v2\/media?parent=138753"}],"wp:term":[{"taxonomy":"category","embeddable":true,"href":"https:\/\/www.mojevrijeme.hr\/magazin\/wp-json\/wp\/v2\/categories?post=138753"},{"taxonomy":"post_tag","embeddable":true,"href":"https:\/\/www.mojevrijeme.hr\/magazin\/wp-json\/wp\/v2\/tags?post=138753"}],"curies":[{"name":"wp","href":"https:\/\/api.w.org\/{rel}","templated":true}]}}