{"id":13897,"date":"2018-03-29T13:14:02","date_gmt":"2018-03-29T11:14:02","guid":{"rendered":"https:\/\/www.mojevrijeme.hr\/magazin\/?p=13897"},"modified":"2018-03-29T13:29:02","modified_gmt":"2018-03-29T11:29:02","slug":"hoce-li-nam-ministar-kujundzic-za-4-godine-biti-neophodan","status":"publish","type":"post","link":"https:\/\/www.mojevrijeme.hr\/magazin\/2018\/03\/hoce-li-nam-ministar-kujundzic-za-4-godine-biti-neophodan\/","title":{"rendered":"Ho\u0107e li nam ministar Kujund\u017ei\u0107 za 4 godine biti neophodan?"},"content":{"rendered":"<p>Ministar zdravstva <strong>Milan Kujund\u017ei\u0107<\/strong> komentirao je danas slu\u010daj uglednog neurokirurga Josipa Paladina, kojem je Rebro odbilo produ\u017eiti ugovor jer je stekao starosne uvjetne za mirovinu.<\/p>\n<p>&#8220;Paladino je ugledni neurokirurg koji ima 68 godina. Politika bilo koje ku\u0107e je autonomna i svaka ku\u0107a odlu\u010duje tko joj je iznad 65. godine neophodan ili nije&#8221;, kazao je na novinarsko pitanje.<\/p>\n<p>No novinare je zanimalo ho\u0107e li i on, i sam po struci lije\u010dnik koji \u0107e za mjesec dana napuniti 61 godinu, nastaviti raditi nakon 65. ro\u0111endana.<\/p><div id=\"mojev-879496332\" class=\"mojev-u-tekstu mojev-entity-placement\" style=\"margin-left: auto;margin-right: auto;text-align: center;\"><div class=\"mojev-adlabel\">oglas<\/div><div style=\"height: 250px;\"><script async src=\"https:\/\/pagead2.googlesyndication.com\/pagead\/js\/adsbygoogle.js?client=ca-pub-8106111766207173\"\r\n     crossorigin=\"anonymous\"><\/script>\r\n<!-- Prikazni 1 u tekstu -->\r\n<ins class=\"adsbygoogle\"\r\n     style=\"display:block\"\r\n     data-ad-client=\"ca-pub-8106111766207173\"\r\n     data-ad-slot=\"8535551207\"\r\n     data-ad-format=\"auto\"\r\n     data-full-width-responsive=\"true\"><\/ins>\r\n<script>\r\n     (adsbygoogle = window.adsbygoogle || []).push({});\r\n<\/script><\/div><\/div><br style=\"clear: both; display: block; float: none;\"\/>\n<p>&#8220;Ja sam davno po\u010deo raditi, a bog zna dokad \u0107u mo\u0107i raditi&#8221;, rekao je Kujund\u017ei\u0107 pa je novinara upitao planira li on i u svojoj 74. godini raditi za CNN. Nakon toga je oti\u0161ao od novinara ne odgovoriv\u0161i na pitanje ho\u0107e li se povu\u0107i kad navr\u0161i 65. godina.<\/p>\n<div id=\"mojev-2586078441\" class=\"mojev-kraj-teksta mojev-entity-placement\" style=\"margin-bottom: 20px;margin-left: auto;margin-right: auto;text-align: center;\"><div class=\"mojev-adlabel\">oglas<\/div><div style=\"height: 250px;\"><script async src=\"https:\/\/pagead2.googlesyndication.com\/pagead\/js\/adsbygoogle.js?client=ca-pub-8106111766207173\"\r\n     crossorigin=\"anonymous\"><\/script>\r\n<!-- Display-1 -->\r\n<ins class=\"adsbygoogle\"\r\n     style=\"display:block\"\r\n     data-ad-client=\"ca-pub-8106111766207173\"\r\n     data-ad-slot=\"1465712950\"\r\n     data-ad-format=\"auto\"\r\n     data-full-width-responsive=\"true\"><\/ins>\r\n<script>\r\n     (adsbygoogle = window.adsbygoogle || []).push({});\r\n<\/script><\/div><\/div>","protected":false},"excerpt":{"rendered":"<p>Paladino ugledni neurokirurg koji ima 68 godina, ali da je politika bilo koje ku\u0107e autonomna i da svaka ku\u0107a odlu\u010duje tko joj je iznad 65. godine neophodan ili nije, kazao je na novinarsko pitanje ministar. <\/p>\n","protected":false},"author":1,"featured_media":9545,"comment_status":"closed","ping_status":"closed","sticky":false,"template":"","format":"standard","meta":{"footnotes":""},"categories":[9],"tags":[939,238],"class_list":["post-13897","post","type-post","status-publish","format-standard","has-post-thumbnail","hentry","category-vijesti","tag-milan-kujundzic","tag-politika"],"_links":{"self":[{"href":"https:\/\/www.mojevrijeme.hr\/magazin\/wp-json\/wp\/v2\/posts\/13897","targetHints":{"allow":["GET"]}}],"collection":[{"href":"https:\/\/www.mojevrijeme.hr\/magazin\/wp-json\/wp\/v2\/posts"}],"about":[{"href":"https:\/\/www.mojevrijeme.hr\/magazin\/wp-json\/wp\/v2\/types\/post"}],"author":[{"embeddable":true,"href":"https:\/\/www.mojevrijeme.hr\/magazin\/wp-json\/wp\/v2\/users\/1"}],"replies":[{"embeddable":true,"href":"https:\/\/www.mojevrijeme.hr\/magazin\/wp-json\/wp\/v2\/comments?post=13897"}],"version-history":[{"count":0,"href":"https:\/\/www.mojevrijeme.hr\/magazin\/wp-json\/wp\/v2\/posts\/13897\/revisions"}],"wp:featuredmedia":[{"embeddable":true,"href":"https:\/\/www.mojevrijeme.hr\/magazin\/wp-json\/wp\/v2\/media\/9545"}],"wp:attachment":[{"href":"https:\/\/www.mojevrijeme.hr\/magazin\/wp-json\/wp\/v2\/media?parent=13897"}],"wp:term":[{"taxonomy":"category","embeddable":true,"href":"https:\/\/www.mojevrijeme.hr\/magazin\/wp-json\/wp\/v2\/categories?post=13897"},{"taxonomy":"post_tag","embeddable":true,"href":"https:\/\/www.mojevrijeme.hr\/magazin\/wp-json\/wp\/v2\/tags?post=13897"}],"curies":[{"name":"wp","href":"https:\/\/api.w.org\/{rel}","templated":true}]}}