{"id":139234,"date":"2025-08-07T09:42:08","date_gmt":"2025-08-07T07:42:08","guid":{"rendered":"https:\/\/www.mojevrijeme.hr\/magazin\/?p=139234"},"modified":"2025-08-07T14:39:47","modified_gmt":"2025-08-07T12:39:47","slug":"sve-popularnija-krstenja-krizme-i-pogrebi-bez-svecenika","status":"publish","type":"post","link":"https:\/\/www.mojevrijeme.hr\/magazin\/2025\/08\/sve-popularnija-krstenja-krizme-i-pogrebi-bez-svecenika\/","title":{"rendered":"Sve su popularnija kr\u0161tenja, krizme i pogrebi bez sve\u0107enika"},"content":{"rendered":"\n<p>Kr\u0161tenje ili krizma bez sve\u0107enika? Zapravo, bez crkvenih ceremonija, a opet lijepo i sve\u010dano? Ono \u0161to je nezamislivo u samostalnoj Hrvatskoj, u Norve\u0161koj je posve uobi\u010dajeno. Umjesto tradicionalnog crkvenog kr\u0161tenja, krizme, vjen\u010danja ili pogreba, Norve\u017eani sve \u010de\u0161\u0107e biraju humanisti\u010dke ceremonije; ceremonije koje slave klju\u010dne trenutke u \u017eivotu osobe, od ro\u0111enja do smrti, ali bez religijskih elemenata i konotacija.<\/p>\n\n\n\n<p>Naime, humanizam je filozofski i eti\u010dki svjetonazor koji nagla\u0161ava osobu odgovornost; kako za sebe, tako i za dru\u0161tvo. Uz to promi\u010de solidarnost me\u0111u svim ljudima, slobodu, uklju\u010divost i unaprje\u0111enje dru\u0161tva kroz u\u010denje, znanje i kriti\u010dko promi\u0161ljanje.<\/p>\n\n\n\n<p>I zato je organizator humanisti\u010dkih imenovanja djeteta, popularnih &#8220;humanisti\u010dkih kr\u0161tenja&#8221;, potvrda, vjen\u010danja i posljednjih ispra\u0107aja Norve\u0161ko humanisti\u010dko dru\u0161tvo (<em>Human-Etisk Forbund<\/em>, HEF). Rije\u010d je o organizaciji koja djeluje jo\u0161 od 1956. godine i danas broji vi\u0161e od 100.000 \u010dlanova. HEF-ove usluge sve su tra\u017eenije, a mnogima su postale potpuno prirodan i dru\u0161tveno prihva\u0107en izbor.<\/p><div id=\"mojev-3910239355\" class=\"mojev-u-tekstu mojev-entity-placement\" style=\"margin-left: auto;margin-right: auto;text-align: center;\"><div class=\"mojev-adlabel\">oglas<\/div><div style=\"height: 250px;\"><script async src=\"https:\/\/pagead2.googlesyndication.com\/pagead\/js\/adsbygoogle.js?client=ca-pub-8106111766207173\"\r\n     crossorigin=\"anonymous\"><\/script>\r\n<!-- Prikazni 1 u tekstu -->\r\n<ins class=\"adsbygoogle\"\r\n     style=\"display:block\"\r\n     data-ad-client=\"ca-pub-8106111766207173\"\r\n     data-ad-slot=\"8535551207\"\r\n     data-ad-format=\"auto\"\r\n     data-full-width-responsive=\"true\"><\/ins>\r\n<script>\r\n     (adsbygoogle = window.adsbygoogle || []).push({});\r\n<\/script><\/div><\/div><br style=\"clear: both; display: block; float: none;\"\/>\n\n\n\n<h3 class=\"wp-block-heading\">Kr\u0161tenje bez sve\u0107enika i svete vode<\/h3>\n\n\n\n<p>Prvi va\u017ean trenutak u \u017eivotu djeteta obilje\u017eava se humanisti\u010dkim imenovanjem. Obred je to koji po formi podsje\u0107a na kr\u0161tenje, ali bez religijskih elemenata. Roditelji djetetu daju ime, pred obitelji i prijateljima govore o ljubavi, odgovornosti i roditeljstvu, a \u010desto biraju i kumove koji \u0107e biti posebna podr\u0161ka djetetu.<\/p>\n\n\n\n<p>Ceremonija se odr\u017eava u kulturnim centrima ili gradskoj vije\u0107nici, uz glazbu, govore i simboli\u010dki \u010din davanja imena. Godi\u0161nje se ovakvih obreda odr\u017ei vi\u0161e od 2.000, a interes neprestano raste.<\/p>\n\n\n\n<h3 class=\"wp-block-heading\">Krizma kao ispit etike i gra\u0111anske odgovornosti<\/h3>\n\n\n\n<p>U dobi od 14 do 15 godina, mladi mogu odabrati humanisti\u010dku ili gra\u0111ansku &#8220;krizmu&#8221;, alternativu tradicionalnoj crkvenoj krizmi. Umjesto vjeronauka, poha\u0111aju te\u010daj o ljudskim pravima, demokraciji, osobnoj odgovornosti i etici. Program traje nekoliko mjeseci i zavr\u0161ava sve\u010danom ceremonijom s diplomom.<\/p>\n\n\n\n<p>Oko petine norve\u0161kih tinejd\u017eera bira ovu opciju. U urbanim sredinama, poput Osla, brojke rastu i do \u010detvrtine, pa se slobodno mo\u017ee govoriti o ve\u0107 duboko ukorijenjenoj praksi.<\/p>\n\n\n\n<h3 class=\"wp-block-heading\">Ljubav pred svjedocima, ali ne pred oltarom<\/h3>\n\n\n\n<p>Norve\u017eani se i vjen\u010davaju humanisti\u010dki i to ne iz prosvjeda protiv religije, nego zato \u0161to im je to normalno. HEF-ovi vjen\u010dani ceremonijari imaju zakonske ovlasti, a parovi biraju potpuno personalizirane obrede na lokacijama po \u017eelji; od planinskih vidika do obiteljskih vrtova. <\/p>\n\n\n\n<p>U 2023. godini, vi\u0161e od 1.500 parova sklopilo je brak na ovaj na\u010din. Ceremonije su sve\u010danije nego u op\u0107ini, a osobnije od crkvenih. Glavna poruka je ljubav, sloboda i uzajamno po\u0161tovanje, ali bez crkvenih zavjeta.<\/p>\n\n\n\n<h3 class=\"wp-block-heading\">I posljednji ispra\u0107aj mo\u017ee biti humanisti\u010dki<\/h3>\n\n\n\n<p>I na kraju \u017eivota mnogi Norve\u017eani ne \u017eele sve\u0107enika. Umjesto toga, biraju humanisti\u010dki pogreb, koji je sve vi\u0161e zastupljen; posebno me\u0111u mla\u0111im obiteljima koje organiziraju ispra\u0107aj za roditelje ili partnere.<\/p>\n\n\n\n<p>Obred vode u\u010deni govornici, a uz pa\u017eljivo biranu glazbu, biografiju pokojnika, prisje\u0107anja prijatelja i obitelji. Nema vjerskih rituala, ali ima puno emocija, po\u0161tovanja i zahvalnosti. Svake godine odr\u017ei se vi\u0161e od 1.000 takvih pogreba, a broj raste sa svakom novom generacijom.<\/p>\n\n\n\n<p>Razloga je vi\u0161e za porast popularnosti humanisti\u010dkih ceremonija. Istina je da mnogi Norve\u017eani vi\u0161e ne vjeruju u Boga, ali i dalje \u017eele obilje\u017eiti va\u017ene \u017eivotne trenutke. Drugima, \u010dak i kada su religiozni, va\u017eno je da najva\u017eniji trenuci u njihovim \u017eivotima i \u017eivotima njihove djece budu univerzalni i uklju\u010divi, a da ceremonije odra\u017eavaju njihove vrijednosti kao \u0161to su sloboda izbora, ravnopravnost i osobna odgovornost.<\/p>\n\n\n\n<p>Uz to, kad je dijete ve\u0107 tinejd\u017eer, \u010desto ima autonomiju u odabiru izme\u0111u humanisti\u010dke ili crkvene potvrde. Po\u017eeli li kasnije primiti crkvene sakramente, to je zbog istinske \u017eelje za istima, a ne zbog tradicije ili roditeljske odluke.<\/p>\n\n\n\n<p>Zbog svega toga u Norve\u0161koj je potpuno dru\u0161tveno prihva\u0107eno slaviti i tugovati bez uplitanja Boga. Ili, kako to ka\u017eu u HEF-u: &#8220;Ne nudimo prazninu. Nudimo smisao bez dogme.&#8221;<\/p>\n<div id=\"mojev-715216613\" class=\"mojev-kraj-teksta mojev-entity-placement\" style=\"margin-bottom: 20px;margin-left: auto;margin-right: auto;text-align: center;\"><div class=\"mojev-adlabel\">oglas<\/div><div style=\"height: 250px;\"><script async src=\"https:\/\/pagead2.googlesyndication.com\/pagead\/js\/adsbygoogle.js?client=ca-pub-8106111766207173\"\r\n     crossorigin=\"anonymous\"><\/script>\r\n<!-- Display-1 -->\r\n<ins class=\"adsbygoogle\"\r\n     style=\"display:block\"\r\n     data-ad-client=\"ca-pub-8106111766207173\"\r\n     data-ad-slot=\"1465712950\"\r\n     data-ad-format=\"auto\"\r\n     data-full-width-responsive=\"true\"><\/ins>\r\n<script>\r\n     (adsbygoogle = window.adsbygoogle || []).push({});\r\n<\/script><\/div><\/div>","protected":false},"excerpt":{"rendered":"<p>Umjesto crkvenih obreda i sakramenata, biraju humanisti\u010dke ceremonije koji slave osobnu odgovornost, slobodu i bratstvo me\u0111u ljudima.<\/p>\n","protected":false},"author":1,"featured_media":139241,"comment_status":"closed","ping_status":"closed","sticky":false,"template":"","format":"standard","meta":{"footnotes":""},"categories":[2],"tags":[3796,3011,1755,303,4764],"class_list":["post-139234","post","type-post","status-publish","format-standard","has-post-thumbnail","hentry","category-mozaik","tag-krizma","tag-krstenje","tag-norveska","tag-religija","tag-sekularizam"],"_links":{"self":[{"href":"https:\/\/www.mojevrijeme.hr\/magazin\/wp-json\/wp\/v2\/posts\/139234","targetHints":{"allow":["GET"]}}],"collection":[{"href":"https:\/\/www.mojevrijeme.hr\/magazin\/wp-json\/wp\/v2\/posts"}],"about":[{"href":"https:\/\/www.mojevrijeme.hr\/magazin\/wp-json\/wp\/v2\/types\/post"}],"author":[{"embeddable":true,"href":"https:\/\/www.mojevrijeme.hr\/magazin\/wp-json\/wp\/v2\/users\/1"}],"replies":[{"embeddable":true,"href":"https:\/\/www.mojevrijeme.hr\/magazin\/wp-json\/wp\/v2\/comments?post=139234"}],"version-history":[{"count":23,"href":"https:\/\/www.mojevrijeme.hr\/magazin\/wp-json\/wp\/v2\/posts\/139234\/revisions"}],"predecessor-version":[{"id":139281,"href":"https:\/\/www.mojevrijeme.hr\/magazin\/wp-json\/wp\/v2\/posts\/139234\/revisions\/139281"}],"wp:featuredmedia":[{"embeddable":true,"href":"https:\/\/www.mojevrijeme.hr\/magazin\/wp-json\/wp\/v2\/media\/139241"}],"wp:attachment":[{"href":"https:\/\/www.mojevrijeme.hr\/magazin\/wp-json\/wp\/v2\/media?parent=139234"}],"wp:term":[{"taxonomy":"category","embeddable":true,"href":"https:\/\/www.mojevrijeme.hr\/magazin\/wp-json\/wp\/v2\/categories?post=139234"},{"taxonomy":"post_tag","embeddable":true,"href":"https:\/\/www.mojevrijeme.hr\/magazin\/wp-json\/wp\/v2\/tags?post=139234"}],"curies":[{"name":"wp","href":"https:\/\/api.w.org\/{rel}","templated":true}]}}