{"id":139425,"date":"2025-08-11T19:06:49","date_gmt":"2025-08-11T17:06:49","guid":{"rendered":"https:\/\/www.mojevrijeme.hr\/magazin\/?p=139425"},"modified":"2025-08-11T19:08:20","modified_gmt":"2025-08-11T17:08:20","slug":"vlasnica-doma-za-starije-osumnjicena-za-trgovanje-ljudima","status":"publish","type":"post","link":"https:\/\/www.mojevrijeme.hr\/magazin\/2025\/08\/vlasnica-doma-za-starije-osumnjicena-za-trgovanje-ljudima\/","title":{"rendered":"Vlasnica doma za starije osumnji\u010dena za trgovanje ljudima"},"content":{"rendered":"\n<p>Policijski slu\u017ebenici Policijske uprave zagreba\u010dke, u koordinaciji sa Slu\u017ebom za organizirani kriminalitet PNUSKOK-a, proveli su kriminalisti\u010dko istra\u017eivanje nad 37-godi\u0161njakinjom zbog sumnje u po\u010dinjenje kaznenog djela trgovanja ljudima na \u0161tetu pet \u017eena u dobi od 29 do 47 godina, dr\u017eavljanki tre\u0107ih zemalja.<\/p>\n\n\n\n<p>Istragom je utvr\u0111eno da je osumnji\u010dena, obmanjivanjem i la\u017enim obe\u0107anjima o vrsti i uvjetima rada, strane dr\u017eavljanke navodila da se zaposle u njenom domu za stare i nemo\u0107ne osobe. Zadr\u017eavala im je i nije ispla\u0107ivala pla\u0107e, oduzimala putne isprave uz la\u017eno obe\u0107anje da \u0107e im kod nadle\u017enih tijela ishoditi dozvole boravka i rada te tako regulirati njihov status stranaca u Hrvatskoj.<\/p>\n\n\n\n<p>Sumnja se da ih je zatvarala i zaklju\u010davala te im zabranjivala bilo kakav kontakt s drugim osobama na mjestima gdje su radile ili u smje\u0161taju u kojem su boravile te da su bile neprekidno pod nadzorom. Kada bi joj se obratile i izrazile negodovanje, prijetila im je prijavom policiji, protjerivanjem iz Hrvatske ili otkazom. Prema policiji, sve je to trajalo od po\u010detka 2025. godine.<\/p><div id=\"mojev-2214033419\" class=\"mojev-u-tekstu mojev-entity-placement\" style=\"margin-left: auto;margin-right: auto;text-align: center;\"><div class=\"mojev-adlabel\">oglas<\/div><div style=\"height: 250px;\"><script async src=\"https:\/\/pagead2.googlesyndication.com\/pagead\/js\/adsbygoogle.js?client=ca-pub-8106111766207173\"\r\n     crossorigin=\"anonymous\"><\/script>\r\n<!-- Prikazni 1 u tekstu -->\r\n<ins class=\"adsbygoogle\"\r\n     style=\"display:block\"\r\n     data-ad-client=\"ca-pub-8106111766207173\"\r\n     data-ad-slot=\"8535551207\"\r\n     data-ad-format=\"auto\"\r\n     data-full-width-responsive=\"true\"><\/ins>\r\n<script>\r\n     (adsbygoogle = window.adsbygoogle || []).push({});\r\n<\/script><\/div><\/div><br style=\"clear: both; display: block; float: none;\"\/>\n\n\n\n<p>Zbog svega su policija i Dr\u017eavni inspectorate obavili nadzor u objektu na podru\u010dju Zagreba\u010dke \u017eupanije koji je u naravi dom za starije i nemo\u0107ne osobe. Tamo su zatekli tri dr\u017eavljanke tre\u0107ih zemalja zaklju\u010dane. \u017dene su izdvojene i stavljene pod za\u0161titu, a tri su korisnika doma odlukom de\u017eurnog socijalnog radnika premje\u0161tena u druge smje\u0161taje. Preostale dvije \u017ertve istog kaznenog djela prona\u0111ene su na drugoj lokaciji te su tako\u0111er odmah stavljene pod za\u0161titu.<\/p>\n<div id=\"mojev-2677036394\" class=\"mojev-kraj-teksta mojev-entity-placement\" style=\"margin-bottom: 20px;margin-left: auto;margin-right: auto;text-align: center;\"><div class=\"mojev-adlabel\">oglas<\/div><div style=\"height: 250px;\"><script async src=\"https:\/\/pagead2.googlesyndication.com\/pagead\/js\/adsbygoogle.js?client=ca-pub-8106111766207173\"\r\n     crossorigin=\"anonymous\"><\/script>\r\n<!-- Display-1 -->\r\n<ins class=\"adsbygoogle\"\r\n     style=\"display:block\"\r\n     data-ad-client=\"ca-pub-8106111766207173\"\r\n     data-ad-slot=\"1465712950\"\r\n     data-ad-format=\"auto\"\r\n     data-full-width-responsive=\"true\"><\/ins>\r\n<script>\r\n     (adsbygoogle = window.adsbygoogle || []).push({});\r\n<\/script><\/div><\/div>","protected":false},"excerpt":{"rendered":"<p>Nakon dovr\u0161enog kriminalisti\u010dkog istra\u017eivanja, osumnji\u010dena je pritvorena. U njenim objektima prona\u0111eno je pet stranih radnica koje je zlostavljala i zastra\u0161ivala.<\/p>\n","protected":false},"author":1,"featured_media":91613,"comment_status":"closed","ping_status":"closed","sticky":false,"template":"","format":"standard","meta":{"footnotes":""},"categories":[9],"tags":[596,4321,4032],"class_list":["post-139425","post","type-post","status-publish","format-standard","has-post-thumbnail","hentry","category-vijesti","tag-crna-kronika","tag-privatni-domovi","tag-strani-radnici"],"_links":{"self":[{"href":"https:\/\/www.mojevrijeme.hr\/magazin\/wp-json\/wp\/v2\/posts\/139425","targetHints":{"allow":["GET"]}}],"collection":[{"href":"https:\/\/www.mojevrijeme.hr\/magazin\/wp-json\/wp\/v2\/posts"}],"about":[{"href":"https:\/\/www.mojevrijeme.hr\/magazin\/wp-json\/wp\/v2\/types\/post"}],"author":[{"embeddable":true,"href":"https:\/\/www.mojevrijeme.hr\/magazin\/wp-json\/wp\/v2\/users\/1"}],"replies":[{"embeddable":true,"href":"https:\/\/www.mojevrijeme.hr\/magazin\/wp-json\/wp\/v2\/comments?post=139425"}],"version-history":[{"count":5,"href":"https:\/\/www.mojevrijeme.hr\/magazin\/wp-json\/wp\/v2\/posts\/139425\/revisions"}],"predecessor-version":[{"id":139430,"href":"https:\/\/www.mojevrijeme.hr\/magazin\/wp-json\/wp\/v2\/posts\/139425\/revisions\/139430"}],"wp:featuredmedia":[{"embeddable":true,"href":"https:\/\/www.mojevrijeme.hr\/magazin\/wp-json\/wp\/v2\/media\/91613"}],"wp:attachment":[{"href":"https:\/\/www.mojevrijeme.hr\/magazin\/wp-json\/wp\/v2\/media?parent=139425"}],"wp:term":[{"taxonomy":"category","embeddable":true,"href":"https:\/\/www.mojevrijeme.hr\/magazin\/wp-json\/wp\/v2\/categories?post=139425"},{"taxonomy":"post_tag","embeddable":true,"href":"https:\/\/www.mojevrijeme.hr\/magazin\/wp-json\/wp\/v2\/tags?post=139425"}],"curies":[{"name":"wp","href":"https:\/\/api.w.org\/{rel}","templated":true}]}}