{"id":139447,"date":"2025-08-12T12:59:21","date_gmt":"2025-08-12T10:59:21","guid":{"rendered":"https:\/\/www.mojevrijeme.hr\/magazin\/?p=139447"},"modified":"2025-08-12T13:00:03","modified_gmt":"2025-08-12T11:00:03","slug":"primao-invalidsku-mirovinu-25-godina-a-u-ratu-nije-bio-ozlijeden","status":"publish","type":"post","link":"https:\/\/www.mojevrijeme.hr\/magazin\/2025\/08\/primao-invalidsku-mirovinu-25-godina-a-u-ratu-nije-bio-ozlijeden\/","title":{"rendered":"Primao invalidsku mirovinu 25 godina, a u ratu nije bio ozlije\u0111en"},"content":{"rendered":"\n<p>Dr\u017eavno odvjetni\u0161tvo u Koprivnici podiglo je optu\u017enicu protiv la\u017enog vojnog invalida, 53-godi\u0161njeg mu\u0161karca s koprivni\u010dkog podru\u010dja, kojem je godinama ispla\u0107ivana invalidska mirovina.<\/p>\n\n\n\n<p>Kako navodi DORH, okrivljenoga se tereti da je u razdoblju od sije\u010dnja 1996. do kolovoza 2022. u Koprivnici i Zagrebu, u postupku za ostvarivanje prava na invalidsku mirovinu kao vojni osiguranik, la\u017eno prikazivao da ispunjava uvjete za invalidsku mirovinu kao hrvatski branitelj zbog posljedica tjelesnog ozlje\u0111ivanja u Domovinskom ratu.<\/p>\n\n\n\n<p>Iako je bio svjestan \u010dinjenice da u ratu nije zadobio nikakve ozljede, ishodio je da mu se utvrdi invalidnost kao posljedica tjelesnog ozlje\u0111ivanja u Domovinskom ratu i bude mu priznato pravo na invalidsku mirovinu zbog op\u0107e nesposobnosti za rad, prenosi <a href=\"https:\/\/www.jutarnji.hr\/vijesti\/crna-kronika\/podignuta-optuznica-protiv-laznog-vojnog-invalida-primio-je-vise-od-1-8-milijuna-kuna-15612277\" target=\"_blank\" rel=\"noreferrer noopener\">Jutarnji<\/a>.<\/p><div id=\"mojev-2560881359\" class=\"mojev-u-tekstu mojev-entity-placement\" style=\"margin-left: auto;margin-right: auto;text-align: center;\"><div class=\"mojev-adlabel\">oglas<\/div><div style=\"height: 250px;\"><script async src=\"https:\/\/pagead2.googlesyndication.com\/pagead\/js\/adsbygoogle.js?client=ca-pub-8106111766207173\"\r\n     crossorigin=\"anonymous\"><\/script>\r\n<!-- Prikazni 1 u tekstu -->\r\n<ins class=\"adsbygoogle\"\r\n     style=\"display:block\"\r\n     data-ad-client=\"ca-pub-8106111766207173\"\r\n     data-ad-slot=\"8535551207\"\r\n     data-ad-format=\"auto\"\r\n     data-full-width-responsive=\"true\"><\/ins>\r\n<script>\r\n     (adsbygoogle = window.adsbygoogle || []).push({});\r\n<\/script><\/div><\/div><br style=\"clear: both; display: block; float: none;\"\/>\n\n\n\n<p>Mu\u0161karac je tako svakog mjeseca vi\u0161e od 25 godina redovito primao mirovinu koja mu ne pripada, pa mu je po osnovi ostvarene mirovine nepripadno ispla\u0107eno vi\u0161e od 1.800.000 tada\u0161njih kuna, navodi DORH.<\/p>\n\n\n\n<p>Ako bude osu\u0111en, la\u017enom invalidu prijeti kazna od jedne pa do osam godina zatvora. Osim toga, sud bi mu mogao narediti da vrati imovinsku \u0161tetu, odnosno iznos mirovine koju je nepripadno primao svih ovih godina.<\/p>\n<div id=\"mojev-2770865054\" class=\"mojev-kraj-teksta mojev-entity-placement\" style=\"margin-bottom: 20px;margin-left: auto;margin-right: auto;text-align: center;\"><div class=\"mojev-adlabel\">oglas<\/div><div style=\"height: 250px;\"><script async src=\"https:\/\/pagead2.googlesyndication.com\/pagead\/js\/adsbygoogle.js?client=ca-pub-8106111766207173\"\r\n     crossorigin=\"anonymous\"><\/script>\r\n<!-- Display-1 -->\r\n<ins class=\"adsbygoogle\"\r\n     style=\"display:block\"\r\n     data-ad-client=\"ca-pub-8106111766207173\"\r\n     data-ad-slot=\"1465712950\"\r\n     data-ad-format=\"auto\"\r\n     data-full-width-responsive=\"true\"><\/ins>\r\n<script>\r\n     (adsbygoogle = window.adsbygoogle || []).push({});\r\n<\/script><\/div><\/div>","protected":false},"excerpt":{"rendered":"<p>Prema tvrdnjama tu\u017eiteljstva, vi\u0161e od 25 godina primao je invalidsku mirovinu kao hrvatski branitelj i vojni invalid, iako u Domovinskom ratu nije zadobio nikakve ozljede, \u010dime je nepripadno stekao vi\u0161e od 1,8 milijuna kuna.<\/p>\n","protected":false},"author":1,"featured_media":26655,"comment_status":"closed","ping_status":"closed","sticky":false,"template":"","format":"standard","meta":{"footnotes":""},"categories":[9],"tags":[627,596,656],"class_list":["post-139447","post","type-post","status-publish","format-standard","has-post-thumbnail","hentry","category-vijesti","tag-branitelji","tag-crna-kronika","tag-prevare"],"_links":{"self":[{"href":"https:\/\/www.mojevrijeme.hr\/magazin\/wp-json\/wp\/v2\/posts\/139447","targetHints":{"allow":["GET"]}}],"collection":[{"href":"https:\/\/www.mojevrijeme.hr\/magazin\/wp-json\/wp\/v2\/posts"}],"about":[{"href":"https:\/\/www.mojevrijeme.hr\/magazin\/wp-json\/wp\/v2\/types\/post"}],"author":[{"embeddable":true,"href":"https:\/\/www.mojevrijeme.hr\/magazin\/wp-json\/wp\/v2\/users\/1"}],"replies":[{"embeddable":true,"href":"https:\/\/www.mojevrijeme.hr\/magazin\/wp-json\/wp\/v2\/comments?post=139447"}],"version-history":[{"count":3,"href":"https:\/\/www.mojevrijeme.hr\/magazin\/wp-json\/wp\/v2\/posts\/139447\/revisions"}],"predecessor-version":[{"id":139450,"href":"https:\/\/www.mojevrijeme.hr\/magazin\/wp-json\/wp\/v2\/posts\/139447\/revisions\/139450"}],"wp:featuredmedia":[{"embeddable":true,"href":"https:\/\/www.mojevrijeme.hr\/magazin\/wp-json\/wp\/v2\/media\/26655"}],"wp:attachment":[{"href":"https:\/\/www.mojevrijeme.hr\/magazin\/wp-json\/wp\/v2\/media?parent=139447"}],"wp:term":[{"taxonomy":"category","embeddable":true,"href":"https:\/\/www.mojevrijeme.hr\/magazin\/wp-json\/wp\/v2\/categories?post=139447"},{"taxonomy":"post_tag","embeddable":true,"href":"https:\/\/www.mojevrijeme.hr\/magazin\/wp-json\/wp\/v2\/tags?post=139447"}],"curies":[{"name":"wp","href":"https:\/\/api.w.org\/{rel}","templated":true}]}}