{"id":139486,"date":"2025-08-13T13:46:10","date_gmt":"2025-08-13T11:46:10","guid":{"rendered":"https:\/\/www.mojevrijeme.hr\/magazin\/?p=139486"},"modified":"2025-08-13T13:48:07","modified_gmt":"2025-08-13T11:48:07","slug":"pocinje-kljucna-faza-uzgoja-krizantema-za-blagdan-svih-svetih","status":"publish","type":"post","link":"https:\/\/www.mojevrijeme.hr\/magazin\/2025\/08\/pocinje-kljucna-faza-uzgoja-krizantema-za-blagdan-svih-svetih\/","title":{"rendered":"Po\u010dinje klju\u010dna faza uzgoja krizantema za blagdan Svih svetih"},"content":{"rendered":"\n<p>Po\u010detkom kolovoza u hrvatskim plastenicima kre\u0107e zamra\u010divanje krizantema. To je presudna faza u proizvodnji rezanog cvije\u0107a tipova &#8220;lopte&#8221; (ball, tzv. \u0161mitovke), &#8220;\u0161pine&#8221; (spider), &#8220;margarete&#8221; i &#8220;gumbi\u0107i&#8221;. Ovaj postupak kontrolira prijelaz biljke iz vegetativne u generativnu fazu, kako bi cvjetovi na vrijeme procvjetali za blagdan Svih svetih, 1. studenoga, poru\u010duju iz Savjetodavne slu\u017ebe Ministarstva poljoprivrede RH.<\/p>\n\n\n\n<p>Krizanteme su fotoperiodske biljke kratkog dana, \u0161to zna\u010di da za formiranje cvjetnog pupa trebaju manje sati svjetla, a vi\u0161e sati mraka. Tijekom po\u010detnog vegetativnog rasta stabljike i korijena, koji traje 4 do 5 tjedana nakon sadnje presadnica, potrebni su im uvjeti dugog dana s 13 sati svjetla i 11 sati mraka. Kada zapo\u010dne generativna faza; stvaranje cvjetnog pupa i cvatnja; tra\u017ee uvjete kratkog dana: 10 sati svjetla i 14 sati mraka.<\/p>\n\n\n\n<p>Vrijeme reakcije ovisi o tipu krizanteme. \u0160mitovkama treba 10 do 11 tjedana kratkog dana za formiranje pupa, dok \u0161pine, margarete i gumbi\u0107i reagiraju br\u017ee; u roku od 7 do 9 tjedana. Prirodni kratki dan u na\u0161im krajevima po\u010dinje oko 5. rujna, kada dan traje 13 sati i 4 minute (u Zagrebu izlazak Sunca je u 6:22, a zalazak u 19:28), no za planiranu cvatnju zamra\u010divanje po\u010dinje ranije.<\/p><div id=\"mojev-3703247375\" class=\"mojev-u-tekstu mojev-entity-placement\" style=\"margin-left: auto;margin-right: auto;text-align: center;\"><div class=\"mojev-adlabel\">oglas<\/div><div style=\"height: 250px;\"><script async src=\"https:\/\/pagead2.googlesyndication.com\/pagead\/js\/adsbygoogle.js?client=ca-pub-8106111766207173\"\r\n     crossorigin=\"anonymous\"><\/script>\r\n<!-- Prikazni 1 u tekstu -->\r\n<ins class=\"adsbygoogle\"\r\n     style=\"display:block\"\r\n     data-ad-client=\"ca-pub-8106111766207173\"\r\n     data-ad-slot=\"8535551207\"\r\n     data-ad-format=\"auto\"\r\n     data-full-width-responsive=\"true\"><\/ins>\r\n<script>\r\n     (adsbygoogle = window.adsbygoogle || []).push({});\r\n<\/script><\/div><\/div><br style=\"clear: both; display: block; float: none;\"\/>\n\n\n\n<h3 class=\"wp-block-heading\">Preporuke za idealan termin cvatnje 1. studenoga<\/h3>\n\n\n\n<p>Za \u0161mitovke: sadnja 28. tjedan (7.\u201313. srpnja), vegetativni razvoj 5 tjedana, zamra\u010divanje od 32. tjedna (4.\u201310. kolovoza) do pojave cvjetnog pupa po\u010detkom rujna, a potom 10\u201311 tjedana kratkog dana do 44. tjedna (27.\u201331. listopada).<\/p>\n\n\n\n<p>Za sorte koje br\u017ee reagiraju: sadnja 29.\u201330. tjedan (14.\u201327. srpnja), zamra\u010divanje 33.\u201334. tjedan (11.\u201324. kolovoza), s 7 do 9 tjedana kratkog dana do cvatnje.<\/p>\n\n\n\n<h3 class=\"wp-block-heading\">Kako zamra\u010divati?<\/h3>\n\n\n\n<p>Zamra\u010divanje se izvodi prekrivanjem biljaka crnom, nepropusnom folijom kako bi se umjetno stvorili uvjeti kratkog dana. Primjerice, po\u010detkom zamra\u010divanja 5. kolovoza, kada dan traje 14 sati i 35 minuta (izlazak Sunca u 5:44, zalazak u 20:19), folija se postavlja tako da &#8220;no\u0107&#8221; traje od 18 sati do 8 sati ujutro, odnosno 14 sati mraka. Pokriva\u010d se svakodnevno uklanja ujutro, a postupak se ponavlja oko 30 dana, sve dok cvjetni pup ne postane vidljiv.<\/p>\n\n\n\n<h3 class=\"wp-block-heading\">Koja temperatura godi krizantemama?<\/h3>\n\n\n\n<p>Optimalna temperatura za uzgoj krizantema kre\u0107e se izme\u0111u 16 i 25 Celzijevih stupnjeva. Ni\u017ee no\u0107ne temperature od 16 \u00b0C ne utje\u010du na cvatnju ako je pup ve\u0107 formiran, no pri temperaturama blizu nule potrebna je za\u0161tita od mraza, upozoravaju iz Savjetodavne slu\u017ebe.<\/p>\n\n\n<i>Na\u0161a rubrika <strong>Vrt<\/strong> ima svoju Facebook grupu. Pridru\u017eite se ljubiteljima vrtlarstva, pohvalite se uspjesima, pitajte stru\u010dnjake, razmijenite savjete i inspirirajte se. <a style=\"text-decoration: none; font-weight: bold;\" href=\"https:\/\/www.facebook.com\/groups\/635825835756841\" target=\"_blank\" rel=\"noopener noreferrer\">\nKliknite ovdje<\/a> i postanite dio na\u0161e zajednice.<\/i><div id=\"mojev-3571078644\" class=\"mojev-kraj-teksta mojev-entity-placement\" style=\"margin-bottom: 20px;margin-left: auto;margin-right: auto;text-align: center;\"><div class=\"mojev-adlabel\">oglas<\/div><div style=\"height: 250px;\"><script async src=\"https:\/\/pagead2.googlesyndication.com\/pagead\/js\/adsbygoogle.js?client=ca-pub-8106111766207173\"\r\n     crossorigin=\"anonymous\"><\/script>\r\n<!-- Display-1 -->\r\n<ins class=\"adsbygoogle\"\r\n     style=\"display:block\"\r\n     data-ad-client=\"ca-pub-8106111766207173\"\r\n     data-ad-slot=\"1465712950\"\r\n     data-ad-format=\"auto\"\r\n     data-full-width-responsive=\"true\"><\/ins>\r\n<script>\r\n     (adsbygoogle = window.adsbygoogle || []).push({});\r\n<\/script><\/div><\/div>","protected":false},"excerpt":{"rendered":"<p>Po\u010detkom kolovoza u hrvatskim plastenicima kre\u0107e zamra\u010divanje krizantema, presudna faza koja odre\u0111uje ho\u0107e li lopte, \u0161pine, margarete i gumbi\u0107i procvjetati to\u010dno za blagdan Svih svetih.<\/p>\n","protected":false},"author":1,"featured_media":139490,"comment_status":"closed","ping_status":"closed","sticky":false,"template":"","format":"standard","meta":{"footnotes":""},"categories":[3497],"tags":[3623,3790,1420],"class_list":["post-139486","post","type-post","status-publish","format-standard","has-post-thumbnail","hentry","category-vrt","tag-cvjetnjak","tag-krizanteme","tag-svi-sveti"],"_links":{"self":[{"href":"https:\/\/www.mojevrijeme.hr\/magazin\/wp-json\/wp\/v2\/posts\/139486","targetHints":{"allow":["GET"]}}],"collection":[{"href":"https:\/\/www.mojevrijeme.hr\/magazin\/wp-json\/wp\/v2\/posts"}],"about":[{"href":"https:\/\/www.mojevrijeme.hr\/magazin\/wp-json\/wp\/v2\/types\/post"}],"author":[{"embeddable":true,"href":"https:\/\/www.mojevrijeme.hr\/magazin\/wp-json\/wp\/v2\/users\/1"}],"replies":[{"embeddable":true,"href":"https:\/\/www.mojevrijeme.hr\/magazin\/wp-json\/wp\/v2\/comments?post=139486"}],"version-history":[{"count":5,"href":"https:\/\/www.mojevrijeme.hr\/magazin\/wp-json\/wp\/v2\/posts\/139486\/revisions"}],"predecessor-version":[{"id":139492,"href":"https:\/\/www.mojevrijeme.hr\/magazin\/wp-json\/wp\/v2\/posts\/139486\/revisions\/139492"}],"wp:featuredmedia":[{"embeddable":true,"href":"https:\/\/www.mojevrijeme.hr\/magazin\/wp-json\/wp\/v2\/media\/139490"}],"wp:attachment":[{"href":"https:\/\/www.mojevrijeme.hr\/magazin\/wp-json\/wp\/v2\/media?parent=139486"}],"wp:term":[{"taxonomy":"category","embeddable":true,"href":"https:\/\/www.mojevrijeme.hr\/magazin\/wp-json\/wp\/v2\/categories?post=139486"},{"taxonomy":"post_tag","embeddable":true,"href":"https:\/\/www.mojevrijeme.hr\/magazin\/wp-json\/wp\/v2\/tags?post=139486"}],"curies":[{"name":"wp","href":"https:\/\/api.w.org\/{rel}","templated":true}]}}