{"id":139593,"date":"2025-08-15T18:02:36","date_gmt":"2025-08-15T16:02:36","guid":{"rendered":"https:\/\/www.mojevrijeme.hr\/magazin\/?p=139593"},"modified":"2025-08-15T18:05:19","modified_gmt":"2025-08-15T16:05:19","slug":"strah-nas-je-malih-mirovina-a-ne-od-povratka-jugoslavije","status":"publish","type":"post","link":"https:\/\/www.mojevrijeme.hr\/magazin\/2025\/08\/strah-nas-je-malih-mirovina-a-ne-od-povratka-jugoslavije\/","title":{"rendered":"&#8216;Strah nas je malih mirovina, a ne povratka Jugoslavije&#8217;"},"content":{"rendered":"\n<p>Izjava pjeva\u010da <strong>Marka Perkovi\u0107a Thompsona<\/strong> o smrti Jugoslavije nije pretjerano odu\u0161evila umirovljenike. Kako nam sami ka\u017eu, s dr\u017eavom koje nema ve\u0107 35 godina se ne zamaraju, jer ih to ne\u0107e nahraniti niti \u0107e im kupiti lijekove.<\/p>\n\n\n\n<p>Podsjetimo, popularni pjeva\u010d domoljubnih pjesama izjavio je u Sinju: &#8220;Gospodo drugovi, Jugoslavije vi\u0161e nema, ona je mrtva. Oni koji \u017eele \u017eivjeti u na\u0161oj domovini moraju po\u0161tivati branitelje&#8221;. I zato smo na\u0161e \u010ditatelje, od kojih su mnogi branitelji, pitali boje li &#8220;bauka komunizma&#8221; i &#8220;jugonostalgije&#8221; koji navodno prijete hrvatskom demokratskom dru\u0161tvu.<\/p>\n\n\n\n<p>&#8220;Moj stari je natukao par godina na prvoj crti i ka\u017ee da Jugoslavija \u017eivi samo u glavama ratnih profitera i da ju koriste da zapale rulju od koje \u017eive. Sram me je da se u 2025. godini o tome raspravlja. Da sam par godina mla\u0111i i ja bih s ga\u0111enjem ostavio ovu zemlju iza sebe pa nek \u2018domoljubi\u2019 u\u017eivaju u njoj&#8221;, napisao nam je <strong>Josip<\/strong>. <\/p><div id=\"mojev-1962878640\" class=\"mojev-u-tekstu mojev-entity-placement\" style=\"margin-left: auto;margin-right: auto;text-align: center;\"><div class=\"mojev-adlabel\">oglas<\/div><div style=\"height: 250px;\"><script async src=\"https:\/\/pagead2.googlesyndication.com\/pagead\/js\/adsbygoogle.js?client=ca-pub-8106111766207173\"\r\n     crossorigin=\"anonymous\"><\/script>\r\n<!-- Prikazni 1 u tekstu -->\r\n<ins class=\"adsbygoogle\"\r\n     style=\"display:block\"\r\n     data-ad-client=\"ca-pub-8106111766207173\"\r\n     data-ad-slot=\"8535551207\"\r\n     data-ad-format=\"auto\"\r\n     data-full-width-responsive=\"true\"><\/ins>\r\n<script>\r\n     (adsbygoogle = window.adsbygoogle || []).push({});\r\n<\/script><\/div><\/div><br style=\"clear: both; display: block; float: none;\"\/>\n\n\n\n<p><strong>Vlasta<\/strong> pak ka\u017ee da strahuje zbog galopiraju\u0107eg siroma\u0161tva, a ne zbog mogu\u0107eg povratka Jugoslavije. \u201cStrah me je kakvu \u0107u sutra pla\u0107u dobiti, strah me je u\u0107i u du\u0107an zbog novih cijena, strah me je koliko \u0107u mirovine imati za dvije godine, strah me je za budu\u0107nost djeteta. Kakva god bila ta Jugoslavija, takvih strahova ljudi nisu imali.&#8221;<\/p>\n\n\n\n<p>I <strong>Zdravka<\/strong> govori o svakodnevnim brigama: &#8220;Bojim se kako \u0107u pre\u017eivjeti mjesec, ho\u0107u li platiti sve ra\u010dune bez opomene pred ovrhu. I da, bojim se da se ne razbolim pa da ne mogu do\u0107i na red kod doktora do smrti. Sre\u0107om, imam grobnicu.&#8221;<\/p>\n\n\n\n<p>S trunkom nostalgije, <strong>Bojan<\/strong> se prisjetio mladosti: \u201cFrka mi je da se ne vratimo u sedamdesete i osamdesete kad smo u Vara\u017edinu pr\u017eili <em>rock<\/em>, kad je sendvi\u010d od \u0161unke imao okus po \u0161unki, a pandur je znao re\u0107i \u2018bolje pijte gemi\u0161te\u2019 nego da pu\u0161ite <em>jointove<\/em>. Tad nas politika nije zanimala.&#8221;<\/p>\n\n\n\n<p><strong>Dubravka<\/strong> podsje\u0107a da su upravo Hrvatskoj \u017eene dobile pravo glasa tek 1945. godine. &#8220;I onda nas netko pita za\u0161to smo lajave! Morale, i jo\u0161 uvijek moramo, nadoknaditi sve \u0161to nam je uskra\u0107eno.&#8221; <strong>Vi\u0161nja<\/strong> isti\u010de da je za biv\u0161u dr\u017eavu ve\u017eu nostalgi\u010dne uspomene &#8220;zbog kulture, po\u0161tenja i sigurnosti&#8221;. <\/p>\n\n\n\n<p>Magdalena smatra da je Jugoslavija &#8220;kost u grlu dana\u0161njim vladarima&#8221;, a <strong>Jasna <\/strong>najve\u0107im strahom vidi &#8220;ljudsku glupost, licemjerje i hu\u0161kanje pod krinkom domoljublja, dok isti ti pune svoje d\u017eepove.&#8221; <strong>\u0110ur\u0111ica<\/strong> se ironi\u010dno osvr\u0107e: &#8220;Sre\u0107om, MPT je rekao da je Jugoslavija mrtva. Eto, vjerovat \u0107u mu.&#8221;<\/p>\n<div id=\"mojev-3998980932\" class=\"mojev-kraj-teksta mojev-entity-placement\" style=\"margin-bottom: 20px;margin-left: auto;margin-right: auto;text-align: center;\"><div class=\"mojev-adlabel\">oglas<\/div><div style=\"height: 250px;\"><script async src=\"https:\/\/pagead2.googlesyndication.com\/pagead\/js\/adsbygoogle.js?client=ca-pub-8106111766207173\"\r\n     crossorigin=\"anonymous\"><\/script>\r\n<!-- Display-1 -->\r\n<ins class=\"adsbygoogle\"\r\n     style=\"display:block\"\r\n     data-ad-client=\"ca-pub-8106111766207173\"\r\n     data-ad-slot=\"1465712950\"\r\n     data-ad-format=\"auto\"\r\n     data-full-width-responsive=\"true\"><\/ins>\r\n<script>\r\n     (adsbygoogle = window.adsbygoogle || []).push({});\r\n<\/script><\/div><\/div>","protected":false},"excerpt":{"rendered":"<p>Izjava Marka Perkovi\u0107a Thompsona da je Jugoslavija mrtva izazvala je kod umirovljenika podsmjeh. Kako ka\u017eu, povratak dr\u017eave koje nema ve\u0107 35 godina ne pla\u0161i ih ni pribli\u017eno koliko rast cijena, male mirovine i \u010dekanje kod lije\u010dnika.<\/p>\n","protected":false},"author":1,"featured_media":85173,"comment_status":"closed","ping_status":"closed","sticky":false,"template":"","format":"standard","meta":{"footnotes":""},"categories":[9],"tags":[1231,188,1330],"class_list":["post-139593","post","type-post","status-publish","format-standard","has-post-thumbnail","hentry","category-vijesti","tag-anketa","tag-jugoslavija","tag-thompson"],"_links":{"self":[{"href":"https:\/\/www.mojevrijeme.hr\/magazin\/wp-json\/wp\/v2\/posts\/139593","targetHints":{"allow":["GET"]}}],"collection":[{"href":"https:\/\/www.mojevrijeme.hr\/magazin\/wp-json\/wp\/v2\/posts"}],"about":[{"href":"https:\/\/www.mojevrijeme.hr\/magazin\/wp-json\/wp\/v2\/types\/post"}],"author":[{"embeddable":true,"href":"https:\/\/www.mojevrijeme.hr\/magazin\/wp-json\/wp\/v2\/users\/1"}],"replies":[{"embeddable":true,"href":"https:\/\/www.mojevrijeme.hr\/magazin\/wp-json\/wp\/v2\/comments?post=139593"}],"version-history":[{"count":9,"href":"https:\/\/www.mojevrijeme.hr\/magazin\/wp-json\/wp\/v2\/posts\/139593\/revisions"}],"predecessor-version":[{"id":139602,"href":"https:\/\/www.mojevrijeme.hr\/magazin\/wp-json\/wp\/v2\/posts\/139593\/revisions\/139602"}],"wp:featuredmedia":[{"embeddable":true,"href":"https:\/\/www.mojevrijeme.hr\/magazin\/wp-json\/wp\/v2\/media\/85173"}],"wp:attachment":[{"href":"https:\/\/www.mojevrijeme.hr\/magazin\/wp-json\/wp\/v2\/media?parent=139593"}],"wp:term":[{"taxonomy":"category","embeddable":true,"href":"https:\/\/www.mojevrijeme.hr\/magazin\/wp-json\/wp\/v2\/categories?post=139593"},{"taxonomy":"post_tag","embeddable":true,"href":"https:\/\/www.mojevrijeme.hr\/magazin\/wp-json\/wp\/v2\/tags?post=139593"}],"curies":[{"name":"wp","href":"https:\/\/api.w.org\/{rel}","templated":true}]}}