{"id":139681,"date":"2025-08-17T10:56:03","date_gmt":"2025-08-17T08:56:03","guid":{"rendered":"https:\/\/www.mojevrijeme.hr\/magazin\/?p=139681"},"modified":"2025-08-17T10:56:05","modified_gmt":"2025-08-17T08:56:05","slug":"knezevic-komu-su-rasle-place-i-mirovine-kad-ljudi-jedva-plate-hranu-i-rezije","status":"publish","type":"post","link":"https:\/\/www.mojevrijeme.hr\/magazin\/2025\/08\/knezevic-komu-su-rasle-place-i-mirovine-kad-ljudi-jedva-plate-hranu-i-rezije\/","title":{"rendered":"Kne\u017eevi\u0107: Komu su rasle pla\u0107e i mirovine kad ljudi jedva plate hranu i re\u017eije?"},"content":{"rendered":"\n<p>Cijena potro\u0161a\u010dke ko\u0161arice za srpanj 2025. godine u Hrvatskoj za \u010detvero\u010dlanu obitelj iznosila je 484,08 eura, dok je tro\u010dlana obitelj za temeljnu prehranu i higijenu trebati izdvojiti 385,69 eura. Samcu je trebalo 247.14 eura samo da bi skromno izgurao mjesec.<\/p>\n\n\n\n<p>Izra\u010dunao je to portal za pra\u0107enje cijena <a href=\"http:\/\/www.koliko.hr\" data-type=\"link\" data-id=\"www.koliko.hr\">Koliko.HR<\/a> u suradnji sa Hrvatskom udrugom za za\u0161titu potro\u0161a\u010da (HUZP) u mjese\u010dnom istra\u017eivanju kretanja maloprodajnih cijena. Ko\u0161arica sadr\u017ei temeljne prehrambene i higijenske artikle u koli\u010dinama nu\u017enim za \u017eivot.<\/p>\n\n\n\n<p>\u201cKo\u0161arica je potvrdila ono \u0161to stalno govorimo: da u Republici Hrvatskoj moramo previ\u0161e dati za hranu i za re\u017eije, a da onda premalo ostane za sve drugo. Primanja ve\u0107ine stanovnika nedostatna su za to. Badava \u0161to se premijer hvali da su napravili ovo, da su napravili ono, da nikada nisu bile ve\u0107e pla\u0107e i mirovine. Za koga su ve\u0107e pla\u0107e i mirovine?\u201d rekla je <strong>Ana Kne\u017eevi\u0107<\/strong>, predsjednica Hrvatske udruge za za\u0161titu potro\u0161a\u010da za RTL.<\/p><div id=\"mojev-1231122527\" class=\"mojev-u-tekstu mojev-entity-placement\" style=\"margin-left: auto;margin-right: auto;text-align: center;\"><div class=\"mojev-adlabel\">oglas<\/div><div style=\"height: 250px;\"><script async src=\"https:\/\/pagead2.googlesyndication.com\/pagead\/js\/adsbygoogle.js?client=ca-pub-8106111766207173\"\r\n     crossorigin=\"anonymous\"><\/script>\r\n<!-- Prikazni 1 u tekstu -->\r\n<ins class=\"adsbygoogle\"\r\n     style=\"display:block\"\r\n     data-ad-client=\"ca-pub-8106111766207173\"\r\n     data-ad-slot=\"8535551207\"\r\n     data-ad-format=\"auto\"\r\n     data-full-width-responsive=\"true\"><\/ins>\r\n<script>\r\n     (adsbygoogle = window.adsbygoogle || []).push({});\r\n<\/script><\/div><\/div><br style=\"clear: both; display: block; float: none;\"\/>\n\n\n\n<p>Ko\u0161arica obuhva\u0107a isklju\u010divo osnovne prehrambene i higijenske artikle u koli\u010dinama koje su dovoljne za skromne, ali uravnote\u017eene mjese\u010dne potrebe ku\u0107anstava. Sastoji se od namirnica poput kruha, bra\u0161na, tjestenine, ri\u017ee, krumpira, svje\u017eeg vo\u0107a i povr\u0107a, mesa, ribe, mlije\u010dnih proizvoda i osnovnih za\u010dina, uz higijenske potrep\u0161tine poput sapuna, \u0161ampona, deterd\u017eenta i toaletnog papira.<\/p>\n\n\n\n<p>Koli\u010dine su izra\u010dunate tako da pokrivaju stvarne potrebe i navike hrvatskih potro\u0161a\u010da, bez rasko\u0161i i bez vi\u0161kova. Kad god je mogu\u0107e, prednost je dana proizvodima hrvatskih proizvo\u0111a\u010da.<\/p>\n<div id=\"mojev-1521800933\" class=\"mojev-kraj-teksta mojev-entity-placement\" style=\"margin-bottom: 20px;margin-left: auto;margin-right: auto;text-align: center;\"><div class=\"mojev-adlabel\">oglas<\/div><div style=\"height: 250px;\"><script async src=\"https:\/\/pagead2.googlesyndication.com\/pagead\/js\/adsbygoogle.js?client=ca-pub-8106111766207173\"\r\n     crossorigin=\"anonymous\"><\/script>\r\n<!-- Display-1 -->\r\n<ins class=\"adsbygoogle\"\r\n     style=\"display:block\"\r\n     data-ad-client=\"ca-pub-8106111766207173\"\r\n     data-ad-slot=\"1465712950\"\r\n     data-ad-format=\"auto\"\r\n     data-full-width-responsive=\"true\"><\/ins>\r\n<script>\r\n     (adsbygoogle = window.adsbygoogle || []).push({});\r\n<\/script><\/div><\/div>","protected":false},"excerpt":{"rendered":"<p>Potro\u0161a\u010dka ko\u0161arica u Hrvatskoj i dalje previ\u0161e optere\u0107uje ku\u0107ne bud\u017eete pokazuje istra\u017eivanje portala Koliko.HR i HUZP-a.<\/p>\n","protected":false},"author":1,"featured_media":137263,"comment_status":"closed","ping_status":"closed","sticky":false,"template":"","format":"standard","meta":{"footnotes":""},"categories":[9],"tags":[3342,4704,1491],"class_list":["post-139681","post","type-post","status-publish","format-standard","has-post-thumbnail","hentry","category-vijesti","tag-ana-knezevic","tag-kolikohr","tag-potrosacka-kosarica"],"_links":{"self":[{"href":"https:\/\/www.mojevrijeme.hr\/magazin\/wp-json\/wp\/v2\/posts\/139681","targetHints":{"allow":["GET"]}}],"collection":[{"href":"https:\/\/www.mojevrijeme.hr\/magazin\/wp-json\/wp\/v2\/posts"}],"about":[{"href":"https:\/\/www.mojevrijeme.hr\/magazin\/wp-json\/wp\/v2\/types\/post"}],"author":[{"embeddable":true,"href":"https:\/\/www.mojevrijeme.hr\/magazin\/wp-json\/wp\/v2\/users\/1"}],"replies":[{"embeddable":true,"href":"https:\/\/www.mojevrijeme.hr\/magazin\/wp-json\/wp\/v2\/comments?post=139681"}],"version-history":[{"count":2,"href":"https:\/\/www.mojevrijeme.hr\/magazin\/wp-json\/wp\/v2\/posts\/139681\/revisions"}],"predecessor-version":[{"id":139683,"href":"https:\/\/www.mojevrijeme.hr\/magazin\/wp-json\/wp\/v2\/posts\/139681\/revisions\/139683"}],"wp:featuredmedia":[{"embeddable":true,"href":"https:\/\/www.mojevrijeme.hr\/magazin\/wp-json\/wp\/v2\/media\/137263"}],"wp:attachment":[{"href":"https:\/\/www.mojevrijeme.hr\/magazin\/wp-json\/wp\/v2\/media?parent=139681"}],"wp:term":[{"taxonomy":"category","embeddable":true,"href":"https:\/\/www.mojevrijeme.hr\/magazin\/wp-json\/wp\/v2\/categories?post=139681"},{"taxonomy":"post_tag","embeddable":true,"href":"https:\/\/www.mojevrijeme.hr\/magazin\/wp-json\/wp\/v2\/tags?post=139681"}],"curies":[{"name":"wp","href":"https:\/\/api.w.org\/{rel}","templated":true}]}}