{"id":139727,"date":"2025-08-18T09:07:11","date_gmt":"2025-08-18T07:07:11","guid":{"rendered":"https:\/\/www.mojevrijeme.hr\/magazin\/?p=139727"},"modified":"2025-08-18T09:29:35","modified_gmt":"2025-08-18T07:29:35","slug":"mira-zivot-s-850-eura-mirovine-je-mucenje-a-ne-lijepa-starost","status":"publish","type":"post","link":"https:\/\/www.mojevrijeme.hr\/magazin\/2025\/08\/mira-zivot-s-850-eura-mirovine-je-mucenje-a-ne-lijepa-starost\/","title":{"rendered":"Mira: \u017divot s 850 eura mirovine je mu\u010denje, a ne lijepa starost"},"content":{"rendered":"\n<p>Kako pre\u017eivjeti \u010dak i s iznadprosje\u010dnom mirovinom? Pita se to na\u0161a \u010ditateljica <strong>Mira <\/strong>koja je cijeli radni vijek provela kao tehnolog u jednoj doma\u0107oj kompaniji. Iako je, dodaje, s primanjima bila zadovoljna, mirovina joj nije ispunila o\u010dekivanja.<\/p>\n\n\n\n<p>&#8220;Primam oko 850 eura. Na papiru, mo\u017eda se nekome to \u010dini kao dobar iznos, ali stvarnost je sasvim druk\u010dija. Ako netko misli da se s tim novcem \u017eivi lagodno, razo\u010darat \u0107u ga: to je dovoljno tek za tanko pre\u017eivljavanje. Svaki mjesec ra\u010dunam od prvog do prvog i nikako da do\u010dekam dan kada \u0107u re\u0107i da sam ne\u0161to stvarno uspjela u\u0161tedjeti.&#8221;<\/p>\n\n\n\n<p>Mira \u017eivi u Zagrebu u vlastitoj garsonjeri za koju ka\u017ee da ju je jedva otkupila, ali da jo\u0161 uvijek nije obnovljena nakon potresa. &#8220;\u017divim s rupom u zidu i bez ikakvih naznaka da \u0107e se to rije\u0161iti. Po svemu sude\u0107i, morat \u0107u se sama upustiti u popravak, a to su tro\u0161kovi koje s ovom penzijom jednostavno ne mogu podnijeti. Godine prolaze, obe\u0107anja se gomilaju, a mi, obi\u010dni gra\u0111ani, ostajemo prepu\u0161teni sami sebi.&#8221;<\/p><div id=\"mojev-2377639722\" class=\"mojev-u-tekstu mojev-entity-placement\" style=\"margin-left: auto;margin-right: auto;text-align: center;\"><div class=\"mojev-adlabel\">oglas<\/div><div style=\"height: 250px;\"><script async src=\"https:\/\/pagead2.googlesyndication.com\/pagead\/js\/adsbygoogle.js?client=ca-pub-8106111766207173\"\r\n     crossorigin=\"anonymous\"><\/script>\r\n<!-- Prikazni 1 u tekstu -->\r\n<ins class=\"adsbygoogle\"\r\n     style=\"display:block\"\r\n     data-ad-client=\"ca-pub-8106111766207173\"\r\n     data-ad-slot=\"8535551207\"\r\n     data-ad-format=\"auto\"\r\n     data-full-width-responsive=\"true\"><\/ins>\r\n<script>\r\n     (adsbygoogle = window.adsbygoogle || []).push({});\r\n<\/script><\/div><\/div><br style=\"clear: both; display: block; float: none;\"\/>\n\n\n\n<p>Iako je svojevremeno od Grada Zagreba planirala zatra\u017eiti parcelu na kojoj bi posadila vrt, od toga je odustala. Shvatila je da bi morala ulo\u017eiti u alat i materijal, a s vrlo neizvjesnim ishodom. &#8220;Gradsko sam dijete i ne mogu zamisliti da bih se pod stare dane rastezala po zemlji od jutra do mraka, a i realno, nemam snage za to. Ne mo\u017ee svatko \u017eivjeti od zemlje, pogotovo kad se radi o ljudima koji su \u010ditav \u017eivot \u017eivjeli u gradu.&#8221;<\/p>\n\n\n\n<p>Ipak, tro\u0161kovi su joj, smatra, preveliki za mirovinu. &#8220;Samo na lijekove i vitamine mjese\u010dno mi odlazi oko 100 eura, a na hranu vi\u0161e od 400. I zato neka mi nitko ne spominje &#8216;osnovnu potro\u0161a\u010dku ko\u0161aricu&#8217; za samca od 270 eura. To je statistika koja nema veze s realno\u0161\u0107u. Osnovno nije dovoljno jer ako jedemo samo ono najjeftinije, dugoro\u010dno \u0107emo potro\u0161iti puno vi\u0161e na lijekove. \u0160to kvalitetnije jede\u0161, manje tro\u0161i\u0161 na doktora, a zdravlje se ne mo\u017ee kupiti na akciji&#8221;, dodaje Mira i navodi da se ne sje\u0107a kada je zadnji put kupila bocu nekog pi\u0107a ili vina s kojima bi mogla po\u010dastiti goste i prolaznike.<\/p>\n\n\n\n<p>Kad plati re\u017eije i hitne izdatke, ostaje joj ravno 150 eura. &#8220;Trebam li si kupiti cipele, mo\u017eda ne\u0161to za odjenuti, ili odvojiti za odlazak u kazali\u0161te? Ali istina je da ne idem ni na kave ni u kazali\u0161te ni na izlete. Trenuta\u010dno moram kupiti novi fri\u017eider, a perilica rublja mi je pred izdahom. Dakle, ono \u0161to bi trebalo biti &#8216;vi\u0161ak&#8217; za dru\u0161tveni \u017eivot ili malo veselja, tro\u0161im na golo pre\u017eivljavanje.&#8221;<\/p>\n\n\n\n<p>&#8220;Moj \u017eivot u penziji se svodi na stalno odricanje. Ljudi misle da je 850 eura velika mirovina, a zapravo je to bijeda. A pritom nas stalno uvjeravaju da je situacija u zemlji bolja, da inflacija jenjava, da standard raste. Zato pitam premijera Plenkovi\u0107a i njegovu vladu: jeste li svjesni kako gra\u0111ani stvarno \u017eive? Vidite li uop\u0107e razliku izme\u0111u brojki na papiru i stvarnosti u kojoj svaki umirovljenik vodi vlastitu bitku za golo pre\u017eivljavanje?&#8221; zaklju\u010duje Mira. A kako vi \u017eivite i raspore\u0111ujete mirovinu? Napi\u0161ite nam.<\/p>\n\n\n\n<div id=\"crveno\"><\/p>\n\n\n\n<h3 class=\"wp-block-heading\">Zanima nas va\u0161a pri\u010da<\/h3>\n\n\n\n<p>\u017delite li i vi, posve anonimno, podijeliti svoje iskustvo i vi\u0111enje ove teme s nama i na\u0161im \u010ditateljima, mo\u017eete to u\u010diniti putem web obrasca <a rel=\"noreferrer noopener\" href=\"https:\/\/www.mojevrijeme.hr\/magazin\/povjerljivo\/\" target=\"_blank\">Povjerljivo<\/a>. Napi\u0161ite svoju pri\u010du!<\/p>\n\n\n\n<p><\/div>\n<div id=\"mojev-1022733214\" class=\"mojev-kraj-teksta mojev-entity-placement\" style=\"margin-bottom: 20px;margin-left: auto;margin-right: auto;text-align: center;\"><div class=\"mojev-adlabel\">oglas<\/div><div style=\"height: 250px;\"><script async src=\"https:\/\/pagead2.googlesyndication.com\/pagead\/js\/adsbygoogle.js?client=ca-pub-8106111766207173\"\r\n     crossorigin=\"anonymous\"><\/script>\r\n<!-- Display-1 -->\r\n<ins class=\"adsbygoogle\"\r\n     style=\"display:block\"\r\n     data-ad-client=\"ca-pub-8106111766207173\"\r\n     data-ad-slot=\"1465712950\"\r\n     data-ad-format=\"auto\"\r\n     data-full-width-responsive=\"true\"><\/ins>\r\n<script>\r\n     (adsbygoogle = window.adsbygoogle || []).push({});\r\n<\/script><\/div><\/div>","protected":false},"excerpt":{"rendered":"<p>Ako mislite da je mirovina od 850 eura luksuz, varate se. Mira iz Zagreba opisuje kako nakon pla\u0107anja hrane, lijekova i re\u017eija jedva uspije pre\u017eivjeti mjesec, dok za popravak stana o\u0161te\u0107enog u potresu i osnovne ku\u0107anske aparate vi\u0161e nema snage ni novca.<\/p>\n","protected":false},"author":1,"featured_media":135277,"comment_status":"closed","ping_status":"closed","sticky":false,"template":"","format":"standard","meta":{"footnotes":""},"categories":[3552],"tags":[18,236],"class_list":["post-139727","post","type-post","status-publish","format-standard","has-post-thumbnail","hentry","category-povjerljivo","tag-mirovine","tag-standard"],"_links":{"self":[{"href":"https:\/\/www.mojevrijeme.hr\/magazin\/wp-json\/wp\/v2\/posts\/139727","targetHints":{"allow":["GET"]}}],"collection":[{"href":"https:\/\/www.mojevrijeme.hr\/magazin\/wp-json\/wp\/v2\/posts"}],"about":[{"href":"https:\/\/www.mojevrijeme.hr\/magazin\/wp-json\/wp\/v2\/types\/post"}],"author":[{"embeddable":true,"href":"https:\/\/www.mojevrijeme.hr\/magazin\/wp-json\/wp\/v2\/users\/1"}],"replies":[{"embeddable":true,"href":"https:\/\/www.mojevrijeme.hr\/magazin\/wp-json\/wp\/v2\/comments?post=139727"}],"version-history":[{"count":12,"href":"https:\/\/www.mojevrijeme.hr\/magazin\/wp-json\/wp\/v2\/posts\/139727\/revisions"}],"predecessor-version":[{"id":139740,"href":"https:\/\/www.mojevrijeme.hr\/magazin\/wp-json\/wp\/v2\/posts\/139727\/revisions\/139740"}],"wp:featuredmedia":[{"embeddable":true,"href":"https:\/\/www.mojevrijeme.hr\/magazin\/wp-json\/wp\/v2\/media\/135277"}],"wp:attachment":[{"href":"https:\/\/www.mojevrijeme.hr\/magazin\/wp-json\/wp\/v2\/media?parent=139727"}],"wp:term":[{"taxonomy":"category","embeddable":true,"href":"https:\/\/www.mojevrijeme.hr\/magazin\/wp-json\/wp\/v2\/categories?post=139727"},{"taxonomy":"post_tag","embeddable":true,"href":"https:\/\/www.mojevrijeme.hr\/magazin\/wp-json\/wp\/v2\/tags?post=139727"}],"curies":[{"name":"wp","href":"https:\/\/api.w.org\/{rel}","templated":true}]}}