{"id":139749,"date":"2025-08-18T17:20:57","date_gmt":"2025-08-18T15:20:57","guid":{"rendered":"https:\/\/www.mojevrijeme.hr\/magazin\/?p=139749"},"modified":"2025-08-18T18:00:56","modified_gmt":"2025-08-18T16:00:56","slug":"umirovljenici-porucuju-zivimo-s-300-eura-ali-mozemo-i-s-manje","status":"publish","type":"post","link":"https:\/\/www.mojevrijeme.hr\/magazin\/2025\/08\/umirovljenici-porucuju-zivimo-s-300-eura-ali-mozemo-i-s-manje\/","title":{"rendered":"Umirovljenici poru\u010duju: \u017divimo s 300 eura, ali mo\u017eemo i s manje"},"content":{"rendered":"\n<p>Gospo\u0111a Mira iz Zagreba, koja nakon desetlje\u0107a rada i uredno pla\u0107enih doprinosa, danas pre\u017eivljava s 850 eura mirovine. <a href=\"https:\/\/www.mojevrijeme.hr\/magazin\/2025\/08\/mira-zivot-s-850-eura-mirovine-je-mucenje-a-ne-lijepa-starost\/\">Po\u017ealila se<\/a> da joj je te\u0161ko \u017eivjeti u glavnom gradu. Naizgled obi\u010dna pri\u010da o umirovljeni\u010dkom standardu izazvala je erupciju komentara; no ne na ra\u010dun sustava ili politike, ve\u0107 protiv same Mire.<\/p>\n\n\n\n<p>\u201cJe, to je mu\u010denje, a kako se mu\u010de umirovljenici koji imaju puno manje?&#8221;, napisala je Mirica. &#8220;A kaj je onda \u017eivot sa 380 eura&#8221;, dodao je Zdravko. Umjesto solidarnosti, zavladao je natjecateljski duh pa su se na\u0161i umirovljenici krenuli hvaliti tko ima manju mirovinu. A tko ima najmanju, taj &#8220;ima pravo&#8221; drugima prou\u010diti da su nezahvalni, ma koliko rada i doprinosa stajalo iza njihovih primanja. Poput gospo\u0111e Marice koja je jasno istaknula svoje vrline komentarom: &#8220;Moj suprug ima 600 eura a ja nemam nikakva primanja. Nas dvoje od toga \u017eivimo pa \u0161utimo i pro\u017eivljavamo kako znamo i umijemo.&#8221; Dakle, svi oni koji imate vi\u0161e od Marice, umuknite! <\/p>\n\n\n\n<p>Paradoks je o\u010dit; umirovljenici su ve\u0107 dugo sami sebi najve\u0107i neprijatelji. Umjesto da zajedno u okviru mogu\u0107eg tra\u017ee pravednije mirovine, jedni drugima predbacuju \u0161to su &#8220;previ\u0161e zaradili&#8221; i \u0161to &#8220;ne znaju biti skromni&#8221;. Na taj na\u010din, svaka kritika mo\u0107nih se raspline u me\u0111usobnom nadmetanju tko ima gori \u017eivot, a izostaje debata o mogu\u0107im konkretnim rje\u0161enjima. Uglavnom, sve zavr\u0161i na &#8220;prepla\u0107enim saborskim zastupnicima&#8221; (kao da su se sami instalirali u Sabor) i &#8220;povla\u0161tenim umirovljenicima&#8221;.<\/p><div id=\"mojev-3903234940\" class=\"mojev-u-tekstu mojev-entity-placement\" style=\"margin-left: auto;margin-right: auto;text-align: center;\"><div class=\"mojev-adlabel\">oglas<\/div><div style=\"height: 250px;\"><script async src=\"https:\/\/pagead2.googlesyndication.com\/pagead\/js\/adsbygoogle.js?client=ca-pub-8106111766207173\"\r\n     crossorigin=\"anonymous\"><\/script>\r\n<!-- Prikazni 1 u tekstu -->\r\n<ins class=\"adsbygoogle\"\r\n     style=\"display:block\"\r\n     data-ad-client=\"ca-pub-8106111766207173\"\r\n     data-ad-slot=\"8535551207\"\r\n     data-ad-format=\"auto\"\r\n     data-full-width-responsive=\"true\"><\/ins>\r\n<script>\r\n     (adsbygoogle = window.adsbygoogle || []).push({});\r\n<\/script><\/div><\/div><br style=\"clear: both; display: block; float: none;\"\/>\n\n\n\n<p>Da stvar bude gora, u svom jadu napadaju svakoga tko se zauzme za njih ili ka\u017ee iskreno kako stvari stoje. Umjesto upiranja u sindikalna kola ili podr\u017eavanje umirovljeni\u010dkih stranaka, biraju sipati \u017eu\u010d i prazniti frustracije, optu\u017eivati druge za svoju sudbinu. Iako je svakoj razumnoj osobi jasno da to mo\u017ee proizvesti samo stajanje na mjestu, ako ne i korak unatrag.<\/p>\n\n\n\n<p>U takvom mentalitetu i <a href=\"https:\/\/www.mojevrijeme.hr\/magazin\/2023\/08\/siromastvo-iscrpljuje-mentalne-kapacitete-smanjuje-iq-i-tako-se-odrzava\/\">glupilu siroma\u0161tva<\/a> (da, istra\u017eivanja pokazuju da siroma\u0161tvo smanjuje kvocijent inteligencije uslijed su\u017eenih perspektiva i fokusiranja na golo pre\u017eivljavanje), broje se i zalogaji. Josipa tako ka\u017ee: &#8220;Mira tro\u0161i 400 eura mjese\u010dno samo na hranu? Toliko ne potro\u0161imo k\u0107er i ja zajedno kroz mjesec!&#8221; Iako je potro\u0161a\u010dka ko\u0161arica <a href=\"http:\/\/www.koliko.hr\" data-type=\"link\" data-id=\"www.koliko.hr\">Koliko.HR<\/a> portala pokazala da minimalno 270 eura mo\u017ee zadovoljiti nutritivne i kalorijske potrebe odrasle osobe. U svijetu u kojem je siroma\u0161tvo postalo vrlina i dokaz moralne superiornosti, Mira je prava rasipnica jer si priu\u0161ti, recimo, konfekcionirani pr\u0161ut ili skuplji <em>Grana padano<\/em>.<\/p>\n\n\n\n<p>Ipak, neki su poku\u0161ali prizemljiti raspravu. Zvonko je to\u010dno konstatirao: \u201cNije ona sretna sa 850 eura. Ona je to zaradila. \u010cudno je da se svi uspore\u0111uju s umirovljenicima ispod 1.000 eura, a ne s onima koji imaju 2.000 i vi\u0161e, a nisu je radom zaradili.&#8221;<\/p>\n\n\n\n<p>No to je rijedak glas razuma. Ve\u0107ina se zadovoljila mantrom &#8220;meni je gore, pa i tebi mora biti dovoljno&#8221;. Time se stvara mentalitet u kojem se nitko ne pita za\u0161to mirovine nisu dostojne \u017eivota, nego se svi ravnaju prema najlo\u0161ijem primjeru. Ako se normalizira \u017eivot s 300 eura, onda je 850 eura zaista &#8220;bogatstvo\u201d. Ali tada nestaje svaka osnova za pravedniji sustav. <\/p>\n\n\n\n<p>Ili, kako je to napisala jedna \u010ditateljica Mirjana: &#8220;Ne mogu oni meni dati tako malu mirovinu, s koliko malo ja znam raspolagati&#8221;. To je pravi melem za u\u0161i svakog premijera i vladaju\u0107e garniture, zar ne? No kamo nas vodi takvo razmi\u0161ljanje koje svaku nepravdu opravdava time da negdje uvijek postoji netko tko \u017eivi jo\u0161 gore?<\/p>\n\n\n\n<div id=\"crveno\"><\/p>\n\n\n\n<h3 class=\"wp-block-heading\">Zanima nas va\u0161a pri\u010da<\/h3>\n\n\n\n<p>\u017delite li i vi, posve anonimno, podijeliti svoje iskustvo i vi\u0111enje ove teme s nama i na\u0161im \u010ditateljima, mo\u017eete to u\u010diniti putem web obrasca <a rel=\"noreferrer noopener\" href=\"https:\/\/www.mojevrijeme.hr\/magazin\/povjerljivo\/\" target=\"_blank\">Povjerljivo<\/a>. Napi\u0161ite svoju pri\u010du!<\/p>\n\n\n\n<p><\/div>\n<div id=\"mojev-3231473671\" class=\"mojev-kraj-teksta mojev-entity-placement\" style=\"margin-bottom: 20px;margin-left: auto;margin-right: auto;text-align: center;\"><div class=\"mojev-adlabel\">oglas<\/div><div style=\"height: 250px;\"><script async src=\"https:\/\/pagead2.googlesyndication.com\/pagead\/js\/adsbygoogle.js?client=ca-pub-8106111766207173\"\r\n     crossorigin=\"anonymous\"><\/script>\r\n<!-- Display-1 -->\r\n<ins class=\"adsbygoogle\"\r\n     style=\"display:block\"\r\n     data-ad-client=\"ca-pub-8106111766207173\"\r\n     data-ad-slot=\"1465712950\"\r\n     data-ad-format=\"auto\"\r\n     data-full-width-responsive=\"true\"><\/ins>\r\n<script>\r\n     (adsbygoogle = window.adsbygoogle || []).push({});\r\n<\/script><\/div><\/div>","protected":false},"excerpt":{"rendered":"<p>U Hrvatskoj se sve \u010de\u0161\u0107e mo\u017ee \u010duti kako je i s 300 eura mogu\u0107e \u017eivjeti pa oni s ve\u0107im mirovinama ispadaju bahati \u010dim se po\u017eale da im je te\u0161ko.<\/p>\n","protected":false},"author":1,"featured_media":71059,"comment_status":"closed","ping_status":"closed","sticky":false,"template":"","format":"standard","meta":{"footnotes":""},"categories":[9],"tags":[1082,18],"class_list":["post-139749","post","type-post","status-publish","format-standard","has-post-thumbnail","hentry","category-vijesti","tag-komentar","tag-mirovine"],"_links":{"self":[{"href":"https:\/\/www.mojevrijeme.hr\/magazin\/wp-json\/wp\/v2\/posts\/139749","targetHints":{"allow":["GET"]}}],"collection":[{"href":"https:\/\/www.mojevrijeme.hr\/magazin\/wp-json\/wp\/v2\/posts"}],"about":[{"href":"https:\/\/www.mojevrijeme.hr\/magazin\/wp-json\/wp\/v2\/types\/post"}],"author":[{"embeddable":true,"href":"https:\/\/www.mojevrijeme.hr\/magazin\/wp-json\/wp\/v2\/users\/1"}],"replies":[{"embeddable":true,"href":"https:\/\/www.mojevrijeme.hr\/magazin\/wp-json\/wp\/v2\/comments?post=139749"}],"version-history":[{"count":11,"href":"https:\/\/www.mojevrijeme.hr\/magazin\/wp-json\/wp\/v2\/posts\/139749\/revisions"}],"predecessor-version":[{"id":139762,"href":"https:\/\/www.mojevrijeme.hr\/magazin\/wp-json\/wp\/v2\/posts\/139749\/revisions\/139762"}],"wp:featuredmedia":[{"embeddable":true,"href":"https:\/\/www.mojevrijeme.hr\/magazin\/wp-json\/wp\/v2\/media\/71059"}],"wp:attachment":[{"href":"https:\/\/www.mojevrijeme.hr\/magazin\/wp-json\/wp\/v2\/media?parent=139749"}],"wp:term":[{"taxonomy":"category","embeddable":true,"href":"https:\/\/www.mojevrijeme.hr\/magazin\/wp-json\/wp\/v2\/categories?post=139749"},{"taxonomy":"post_tag","embeddable":true,"href":"https:\/\/www.mojevrijeme.hr\/magazin\/wp-json\/wp\/v2\/tags?post=139749"}],"curies":[{"name":"wp","href":"https:\/\/api.w.org\/{rel}","templated":true}]}}