{"id":139916,"date":"2025-08-22T18:52:31","date_gmt":"2025-08-22T16:52:31","guid":{"rendered":"https:\/\/www.mojevrijeme.hr\/magazin\/?p=139916"},"modified":"2025-08-22T18:58:55","modified_gmt":"2025-08-22T16:58:55","slug":"piletic-nema-odgode-isplate-inkluzivnog-dodatka","status":"publish","type":"post","link":"https:\/\/www.mojevrijeme.hr\/magazin\/2025\/08\/piletic-nema-odgode-isplate-inkluzivnog-dodatka\/","title":{"rendered":"Pileti\u0107: Nema odgode isplate inkluzivnog dodatka"},"content":{"rendered":"\n<p>Za inkluzivni dodatak Vlada je osigurala 726 milijuna eura, a Minstar socijale i umirovljenika, <strong>Marin Pileti\u0107<\/strong> (HDZ), ne misli da je to malo. Ipak, kako je kazao za <a href=\"https:\/\/net.hr\/danas\/rtl-danas\/marin-piletic-otkrio-koliko-bi-mogla-iznositi-13-mirovina-i-hoce-li-biti-povecanja-osnovice-placa-b44dae82-7ea5-11f0-9658-9600040c8f8e\" target=\"_blank\" rel=\"noreferrer noopener\">RTL<\/a>, jesenskim rebalansom prora\u010duna ta \u0107e se stavka dignuti na 900 milijuna eura. Dodaje, nije to premalo s obzirom na broj korisnika.<\/p>\n\n\n\n<p>Oni koji su dobili rje\u0161enje, ne trebaju strahovati od odgode isplate. &#8220;Nema odgoda, svi koji dobiju rje\u0161enje u teku\u0107em mjesecu mogu ra\u010dunati na isplatu nakon 15. idu\u0107i mjesec.&#8221; No \u0161to je s onima koji na rje\u0161enje \u010dekaju i godinu dana?<\/p>\n\n\n\n<p>Posjetimo, jo\u0161 120 tisu\u0107a ljudi \u010deka rje\u0161enje, ponajvi\u0161e zahvaljuju\u0107i nedostatku vje\u0161taka. &#8220;Me\u0111utim, u ovih 120 tisu\u0107a nisu svi korisnici koji nemaju neku razinu dodatka i ve\u0107 ga primaju, nego i veliki broj korisnika koji nisu zadovoljni razinom dodatka. Inkluzivni dodatak je zakonsko pravo i u prora\u010dunu se novci moraju osigurati. Nema bojazni za korisnike da netko zbog planirane stavke u prora\u010dunu ne\u0107e dobiti inkluzivni dodatak&#8221;, zaklju\u010dio je ministar Pileti\u0107.<\/p><div id=\"mojev-1881186475\" class=\"mojev-u-tekstu mojev-entity-placement\" style=\"margin-left: auto;margin-right: auto;text-align: center;\"><div class=\"mojev-adlabel\">oglas<\/div><div style=\"height: 250px;\"><script async src=\"https:\/\/pagead2.googlesyndication.com\/pagead\/js\/adsbygoogle.js?client=ca-pub-8106111766207173\"\r\n     crossorigin=\"anonymous\"><\/script>\r\n<!-- Prikazni 1 u tekstu -->\r\n<ins class=\"adsbygoogle\"\r\n     style=\"display:block\"\r\n     data-ad-client=\"ca-pub-8106111766207173\"\r\n     data-ad-slot=\"8535551207\"\r\n     data-ad-format=\"auto\"\r\n     data-full-width-responsive=\"true\"><\/ins>\r\n<script>\r\n     (adsbygoogle = window.adsbygoogle || []).push({});\r\n<\/script><\/div><\/div><br style=\"clear: both; display: block; float: none;\"\/>\n\n\n\n<p>Inkluzivni dodatak je nov\u010dana naknada namijenjena osobi s invaliditetom u svrhu prevladavanja razli\u010ditih prepreka koje mogu sprje\u010davati njezino puno i u\u010dinkovito sudjelovanje u dru\u0161tvu na ravnopravnoj osnovi s drugima. Imate li pravo na dodatak i u kojem iznosu, pro\u010ditajte na <a href=\"https:\/\/www.mojevrijeme.hr\/magazin\/2025\/01\/inkluzivni-dodatak-tko-ga-moze-dobiti-i-koliki-je-iznos\/\">ovoj poveznici.<\/a><\/p>\n\n\n\n<h3 class=\"wp-block-heading\">Kako ubrzati stvar?<\/h3>\n\n\n\n<p>S obzirom na dugo \u010dekanje na rje\u0161avanje zahtjeva, o\u010dito je kako i poprili\u010dan broj onih koji imaju pravo na inkluzivni dodatak ga ne\u0107e niti do\u017eivjeti, \u0161to je svakako porazna \u010dinjenica za zakonodavca, pogotovo u slu\u010dajevima kada je rije\u010d o invalidima s te\u017eim o\u0161te\u0107enjima, ranije je objavio Sindikat umirovljenika Hrvatske (<a href=\"http:\/\/suh.hr\">SUH<\/a>).<\/p>\n\n\n\n<p>S obzirom da prema Zakonu o op\u0107em upravnom postupku rok za dono\u0161enje rje\u0161enja iznosi 30, a najdu\u017ee 60 dana, svi gra\u0111ani koji su podnijeli zahtjev mogu uputiti \u017ealbu zbog \u0161utnje uprave. Neki su to, nakon vi\u0161emjese\u010dnog \u010dekanja i u\u010dinili, i rje\u0161enje im je nakon toga vrlo brzo stiglo, savjetuje SUH.<\/p>\n\n\n\n<h3 class=\"wp-block-heading\">Kako podnijeti \u017ealbu?<\/h3>\n\n\n\n<p>\u017dalba se mo\u017ee podnijeti Zavodu ili izravno Ministarstvu rada, mirovinskog sustava, obitelji i socijalne politike, a o samoj \u017ealbi onda odlu\u010duje upravo Ministarstvo koje odluku mora donijeti u roku od 60 dana od dana predaje uredne \u017ealbe.<\/p>\n\n\n\n<p>A ako Ministarstvo utvrdi da Zavod za socijalni rad nije donio rje\u0161enje iz opravdanih razloga, odredit \u0107e mu novi rok za dono\u0161enje rje\u0161enja koji ne mo\u017ee biti du\u017ei od 30 dana. Ali ako su razlozi neopravdani, Ministarstvo mo\u017ee samo rije\u0161iti upravnu stvar ili nalo\u017eiti Zavodu da u roku od 15 dana donese tra\u017eeno rje\u0161enje. Postoji opcija i da i Ministarstvo ne donese odluku o \u017ealbi u roku 60 dana, pa tada osoba po isteku osmog dana od isteka tog roka od 60 dana mo\u017ee pokrenuti upravni spor protiv Ministarstva pred nadle\u017enim upravnim sudom. No, tada \u0107e vam ve\u0107 trebati anga\u017eman odvjetnika \u0161to sa sobom nosi tro\u0161kove, upozoravaju iz Sindikata umirovljenika Hrvatske.<\/p>\n<div id=\"mojev-1561009444\" class=\"mojev-kraj-teksta mojev-entity-placement\" style=\"margin-bottom: 20px;margin-left: auto;margin-right: auto;text-align: center;\"><div class=\"mojev-adlabel\">oglas<\/div><div style=\"height: 250px;\"><script async src=\"https:\/\/pagead2.googlesyndication.com\/pagead\/js\/adsbygoogle.js?client=ca-pub-8106111766207173\"\r\n     crossorigin=\"anonymous\"><\/script>\r\n<!-- Display-1 -->\r\n<ins class=\"adsbygoogle\"\r\n     style=\"display:block\"\r\n     data-ad-client=\"ca-pub-8106111766207173\"\r\n     data-ad-slot=\"1465712950\"\r\n     data-ad-format=\"auto\"\r\n     data-full-width-responsive=\"true\"><\/ins>\r\n<script>\r\n     (adsbygoogle = window.adsbygoogle || []).push({});\r\n<\/script><\/div><\/div>","protected":false},"excerpt":{"rendered":"<p>120.000 hrvatskih gra\u0111ana \u010deka rje\u0161enje o priznavanju inkluzivnog dodatka. Rije\u010d je nov\u010danoj naknadi koja je namijenjena osobi s invaliditetom u svrhu prevladavanja razli\u010ditih prepreka koje mogu sprje\u010davati njezino puno i u\u010dinkovito sudjelovanje u dru\u0161tvu na ravnopravnoj osnovi s drugima.<\/p>\n","protected":false},"author":1,"featured_media":139920,"comment_status":"closed","ping_status":"closed","sticky":false,"template":"","format":"standard","meta":{"footnotes":""},"categories":[9],"tags":[4299,3231],"class_list":["post-139916","post","type-post","status-publish","format-standard","has-post-thumbnail","hentry","category-vijesti","tag-inkluzivni-dodatak","tag-marin-piletic"],"_links":{"self":[{"href":"https:\/\/www.mojevrijeme.hr\/magazin\/wp-json\/wp\/v2\/posts\/139916","targetHints":{"allow":["GET"]}}],"collection":[{"href":"https:\/\/www.mojevrijeme.hr\/magazin\/wp-json\/wp\/v2\/posts"}],"about":[{"href":"https:\/\/www.mojevrijeme.hr\/magazin\/wp-json\/wp\/v2\/types\/post"}],"author":[{"embeddable":true,"href":"https:\/\/www.mojevrijeme.hr\/magazin\/wp-json\/wp\/v2\/users\/1"}],"replies":[{"embeddable":true,"href":"https:\/\/www.mojevrijeme.hr\/magazin\/wp-json\/wp\/v2\/comments?post=139916"}],"version-history":[{"count":9,"href":"https:\/\/www.mojevrijeme.hr\/magazin\/wp-json\/wp\/v2\/posts\/139916\/revisions"}],"predecessor-version":[{"id":139926,"href":"https:\/\/www.mojevrijeme.hr\/magazin\/wp-json\/wp\/v2\/posts\/139916\/revisions\/139926"}],"wp:featuredmedia":[{"embeddable":true,"href":"https:\/\/www.mojevrijeme.hr\/magazin\/wp-json\/wp\/v2\/media\/139920"}],"wp:attachment":[{"href":"https:\/\/www.mojevrijeme.hr\/magazin\/wp-json\/wp\/v2\/media?parent=139916"}],"wp:term":[{"taxonomy":"category","embeddable":true,"href":"https:\/\/www.mojevrijeme.hr\/magazin\/wp-json\/wp\/v2\/categories?post=139916"},{"taxonomy":"post_tag","embeddable":true,"href":"https:\/\/www.mojevrijeme.hr\/magazin\/wp-json\/wp\/v2\/tags?post=139916"}],"curies":[{"name":"wp","href":"https:\/\/api.w.org\/{rel}","templated":true}]}}