{"id":139934,"date":"2025-08-23T00:08:19","date_gmt":"2025-08-22T22:08:19","guid":{"rendered":"https:\/\/www.mojevrijeme.hr\/magazin\/?p=139934"},"modified":"2025-08-23T00:08:20","modified_gmt":"2025-08-22T22:08:20","slug":"sanja-boluje-od-raka-godinu-dana-cekala-je-162-eura-inkluzivnog-dodatka","status":"publish","type":"post","link":"https:\/\/www.mojevrijeme.hr\/magazin\/2025\/08\/sanja-boluje-od-raka-godinu-dana-cekala-je-162-eura-inkluzivnog-dodatka\/","title":{"rendered":"Sanja boluje od raka, godinu dana \u010dekala je 162 eura inkluzivnog dodatka"},"content":{"rendered":"\n<p>Ministar socijale<strong> Marin Pileti\u0107<\/strong> umirio je dio javnosti izjavom da \u0107e rezervirana bud\u017eetska sredstva inkluzivni dodatak, do kraja godine rasti, a nakon rebalansa prora\u010duna. No to malo zna\u010di onima koji i du\u017ee od godinu dana \u010dekaju na rje\u0161enje. Mnogi od onih koji su predali zahtjev, na\u017ealost, ni ne do\u010dekaju taj papir, a njihove obitelji nemaju pravo na naknadnu isplatu tih sredstava. <\/p>\n\n\n\n<p>Zagrep\u010danka <strong>Sanja \u0160utej<\/strong> ve\u0107 devet godina bori se s rakom. Pro\u0161la je pet operacija, a na inkluzivni dodatak \u010dekala je \u010dak godinu dana. &#8220;Morala sam pro\u0107i puno nalaza. To se odnosi u Centar za socijalnu skrb. Oni po\u0161alju u Mirovinsko, a Mirovinsko natrag u Centar. Dok dobije\u0161 rje\u0161enje pro\u0111e vi\u0161e od godinu dana&#8221;, svjedo\u010dila je o svom slu\u010daju za RTL.<\/p>\n\n\n\n<p>Rje\u0161enjem je dobila tek 162 eura mjese\u010dno. Bolje i\u0161ta, nego ni\u0161ta, dodaje, ali nedovoljno za odr\u017eavanje zdravlja koje treba; sve te vitamine i pripravke koje tro\u0161i zbog bolesti.<\/p><div id=\"mojev-3687691942\" class=\"mojev-u-tekstu mojev-entity-placement\" style=\"margin-left: auto;margin-right: auto;text-align: center;\"><div class=\"mojev-adlabel\">oglas<\/div><div style=\"height: 250px;\"><script async src=\"https:\/\/pagead2.googlesyndication.com\/pagead\/js\/adsbygoogle.js?client=ca-pub-8106111766207173\"\r\n     crossorigin=\"anonymous\"><\/script>\r\n<!-- Prikazni 1 u tekstu -->\r\n<ins class=\"adsbygoogle\"\r\n     style=\"display:block\"\r\n     data-ad-client=\"ca-pub-8106111766207173\"\r\n     data-ad-slot=\"8535551207\"\r\n     data-ad-format=\"auto\"\r\n     data-full-width-responsive=\"true\"><\/ins>\r\n<script>\r\n     (adsbygoogle = window.adsbygoogle || []).push({});\r\n<\/script><\/div><\/div><br style=\"clear: both; display: block; float: none;\"\/>\n\n\n\n<p>Zahtjev za inkluzivni dodatak predaje se Zavodu za socijalni rad koji ga potom proslje\u0111uje Zavodu za vje\u0161ta\u010denje. Za vi\u0161e od 203 tisu\u0107e korisnika odobren je, a rje\u0161enje jo\u0161 \u010deka njih oko 108 tisu\u0107a. Visina dodatka, ovisno o te\u017eini invaliditeta; iznosi od 138 do 720 eura na mjesec. Postupak je dug i spor, izme\u0111u ostalog, i zbog nedostatka vje\u0161taka. <\/p>\n\n\n\n<p>&#8220;Imamo situacije kod bolesnika koji imaju kroni\u010dne bolesti i te\u0161ka oboljenja, pogotovo onkolo\u0161ki pacijenti, da prije preminu nego \u0161to ostvare svoje pravo na inkluzivni dodatak&#8221;, ka\u017ee za <a href=\"https:\/\/net.hr\/danas\/rtl-danas\/sanja-se-bori-s-rakom-na-inkluzivni-dodatak-cekala-je-godinu-dana-a-sada-ima-poruku-za-ministra-aed95765-7f80-11f0-9658-9600040c8f8e\" target=\"_blank\" rel=\"noreferrer noopener\">RTL <\/a>Suzana Re\u0161etar, predsjednica Udruge Sjena. <\/p>\n\n\n\n<p>Pove\u0107ati sredstva i ubrzati postupak, zahtjevi su koje ministru Pileti\u0107u upu\u0107uju udruge. &#8220;Tra\u017eimo da ljudi ne \u010dekaju godinu dana. Ako i netko umre dok \u010deka, bilo bi dobro da njegova obitelj naslijedi taj novac&#8221;, ka\u017ee Sanja \u0160utej.<\/p>\n<div id=\"mojev-1109380061\" class=\"mojev-kraj-teksta mojev-entity-placement\" style=\"margin-bottom: 20px;margin-left: auto;margin-right: auto;text-align: center;\"><div class=\"mojev-adlabel\">oglas<\/div><div style=\"height: 250px;\"><script async src=\"https:\/\/pagead2.googlesyndication.com\/pagead\/js\/adsbygoogle.js?client=ca-pub-8106111766207173\"\r\n     crossorigin=\"anonymous\"><\/script>\r\n<!-- Display-1 -->\r\n<ins class=\"adsbygoogle\"\r\n     style=\"display:block\"\r\n     data-ad-client=\"ca-pub-8106111766207173\"\r\n     data-ad-slot=\"1465712950\"\r\n     data-ad-format=\"auto\"\r\n     data-full-width-responsive=\"true\"><\/ins>\r\n<script>\r\n     (adsbygoogle = window.adsbygoogle || []).push({});\r\n<\/script><\/div><\/div>","protected":false},"excerpt":{"rendered":"<p>Dok ministar Marin Pileti\u0107 najavljuje ve\u0107a sredstva za inkluzivni dodatak, tisu\u0107e te\u0161ko bolesnih gra\u0111ana i dalje mjesecima, pa i vi\u0161e od godinu dana, \u010dekaju na rje\u0161enje.<\/p>\n","protected":false},"author":1,"featured_media":139938,"comment_status":"closed","ping_status":"closed","sticky":false,"template":"","format":"standard","meta":{"footnotes":""},"categories":[9],"tags":[4299],"class_list":["post-139934","post","type-post","status-publish","format-standard","has-post-thumbnail","hentry","category-vijesti","tag-inkluzivni-dodatak"],"_links":{"self":[{"href":"https:\/\/www.mojevrijeme.hr\/magazin\/wp-json\/wp\/v2\/posts\/139934","targetHints":{"allow":["GET"]}}],"collection":[{"href":"https:\/\/www.mojevrijeme.hr\/magazin\/wp-json\/wp\/v2\/posts"}],"about":[{"href":"https:\/\/www.mojevrijeme.hr\/magazin\/wp-json\/wp\/v2\/types\/post"}],"author":[{"embeddable":true,"href":"https:\/\/www.mojevrijeme.hr\/magazin\/wp-json\/wp\/v2\/users\/1"}],"replies":[{"embeddable":true,"href":"https:\/\/www.mojevrijeme.hr\/magazin\/wp-json\/wp\/v2\/comments?post=139934"}],"version-history":[{"count":7,"href":"https:\/\/www.mojevrijeme.hr\/magazin\/wp-json\/wp\/v2\/posts\/139934\/revisions"}],"predecessor-version":[{"id":139942,"href":"https:\/\/www.mojevrijeme.hr\/magazin\/wp-json\/wp\/v2\/posts\/139934\/revisions\/139942"}],"wp:featuredmedia":[{"embeddable":true,"href":"https:\/\/www.mojevrijeme.hr\/magazin\/wp-json\/wp\/v2\/media\/139938"}],"wp:attachment":[{"href":"https:\/\/www.mojevrijeme.hr\/magazin\/wp-json\/wp\/v2\/media?parent=139934"}],"wp:term":[{"taxonomy":"category","embeddable":true,"href":"https:\/\/www.mojevrijeme.hr\/magazin\/wp-json\/wp\/v2\/categories?post=139934"},{"taxonomy":"post_tag","embeddable":true,"href":"https:\/\/www.mojevrijeme.hr\/magazin\/wp-json\/wp\/v2\/tags?post=139934"}],"curies":[{"name":"wp","href":"https:\/\/api.w.org\/{rel}","templated":true}]}}