{"id":139991,"date":"2025-08-24T10:04:27","date_gmt":"2025-08-24T08:04:27","guid":{"rendered":"https:\/\/www.mojevrijeme.hr\/magazin\/?p=139991"},"modified":"2025-08-24T10:07:24","modified_gmt":"2025-08-24T08:07:24","slug":"naknada-od-138-do-720-eura-hoce-li-biti-novca-za-sve","status":"publish","type":"post","link":"https:\/\/www.mojevrijeme.hr\/magazin\/2025\/08\/naknada-od-138-do-720-eura-hoce-li-biti-novca-za-sve\/","title":{"rendered":"Naknada od 138 do 720 eura: Ho\u0107e li biti novca za sve?"},"content":{"rendered":"\n<p>U vrijeme dono\u0161enja Zakona o inkluzivnom dodatku, potkraj 2023. godine bilo je malo manje od 150.000 korisnika \u010detiriju prava. Dono\u0161enjem zakona broj zahtjeva porastao je na vi\u0161e od 340.000.<\/p>\n\n\n\n<p>Na rje\u0161enje se \u010deka mjesecima, iz zavoda za socijalni rad zastoje opravdavaju velikim brojem zaprimljenih zahtjeva, no, mnogi se pitaju je li se dr\u017eava prera\u010dunala i je li osigurano dovoljno novca. Iz Ministarstva poru\u010duju: za inkluzivni dodatak u prora\u010dunu imaju 726 milijuna eura, a rebalansom \u0107e se taj iznos pove\u0107ati na oko 900 milijuna.<\/p>\n\n\n\n<p>Pedeset\u0161estogodi\u0161nja <strong>Suzana<\/strong> s karcinomima se bori 16 godina. \u010cak 9 je mjeseci \u010dekala inkluzivni dodatak. &#8220;Tra\u017eila sam ga zato \u0161to mi je pro\u0161le godine evidentiran tre\u0107i put karcinom. Imala sam dojku, \u0161titnja\u010du pa su sad metastaze. I onda su nam rekli na KBC Rebru da imamo pravo. Predala sam pro\u0161le godine u sedmom mjesecu, a dobila sam isplatu ove godine u \u010detvrtom mjesecu&#8221;, kazala je za <a href=\"https:\/\/vijesti.hrt.hr\/hrvatska\/vise-od-340000-zahtjeva-za-inkluzivni-dodatak-ima-li-dovoljno-novca--12301031\" target=\"_blank\" rel=\"noreferrer noopener\">javnu televiziju<\/a> Suzana Crnekovi\u0107.<\/p><div id=\"mojev-482429695\" class=\"mojev-u-tekstu mojev-entity-placement\" style=\"margin-left: auto;margin-right: auto;text-align: center;\"><div class=\"mojev-adlabel\">oglas<\/div><div style=\"height: 250px;\"><script async src=\"https:\/\/pagead2.googlesyndication.com\/pagead\/js\/adsbygoogle.js?client=ca-pub-8106111766207173\"\r\n     crossorigin=\"anonymous\"><\/script>\r\n<!-- Prikazni 1 u tekstu -->\r\n<ins class=\"adsbygoogle\"\r\n     style=\"display:block\"\r\n     data-ad-client=\"ca-pub-8106111766207173\"\r\n     data-ad-slot=\"8535551207\"\r\n     data-ad-format=\"auto\"\r\n     data-full-width-responsive=\"true\"><\/ins>\r\n<script>\r\n     (adsbygoogle = window.adsbygoogle || []).push({});\r\n<\/script><\/div><\/div><br style=\"clear: both; display: block; float: none;\"\/>\n\n\n\n<p>Rije\u010d je o za nju prijeko potrebnom iznosu. &#8220;Bolovanja su mala kakva jesu i sad kad ih budu pove\u0107ali, ljudi imaju od 110 do 565 eura za bolovanje. Onda znate koliko zna\u010di inkluzivni dodatak.&#8221;<\/p>\n\n\n\n<p>U Uredu pravobranitelja ka\u017eu kako je pritu\u017ebi i nezadovoljnih gra\u0111ana sve je vi\u0161e. &#8220;Broj pritu\u017ebi gra\u0111ana je zna\u010dajan. Pritu\u017euju se na trajanje postupka, dobivanje rje\u0161enja, na trajanje potupka vje\u0161ta\u010denja, \u010dak na trajanje postupka dobivanja uop\u0107e informacija o tijeku postupka. Prema javljanjima ta su \u010dekanja svakako izvan zakonom propisanih rokova i oni mogu trajati \u010dak i do godinu dana&#8221;, istaknuo je <strong>Darijo Juri\u0161i\u0107<\/strong>, pravobranitelj za osobe s invaliditetom.<\/p>\n\n\n\n<p>U Zavodu za socijalni rad zastoje opravdavaju prevelikim brojem pristiglih zahtjeva. Od po\u010detka pro\u0161le godine stiglo ih je vi\u0161e od 340.000. Rije\u010d je o naknadi koja mo\u017ee iznositi od 138 do 720 eura.<\/p>\n\n\n\n<p>&#8220;Imali smo nekakve kalkulacije u kojima nismo niti slutili da bi se ova brojka novih zahtjeva mogla popeti tako visoko i \u0161to je direktno utjecalo na dugotrajnost postupaka koji se vode, odnosno uvjetno u odre\u0111enim situacijama prekora\u010divanje rokova jer se zavod za vje\u0161ta\u010denje osoba s invaliditetom zaista se na\u0161ao u nezavidnoj situaciji preoptere\u0107enosti novim zahtjevima&#8221;, naglasio je socijalni radnik <strong>Alen Mini\u0107<\/strong>, predstojnik slu\u017ebe Grada Zagreba Hrvatskog zavoda za socijalni rad.<\/p>\n\n\n\n<p>A njih je vi\u0161e od 186.000. Rje\u0161enje \u010deka gotovo 109.000 gra\u0111ana. O sporijem radu zbog manjka novca, ka\u017eu, nema govora. &#8220;Hrvatski zavod za socijalni rad raspola\u017ee s dovoljno sredstva i imamo dovoljno zasad iznosa za redovne isplate inkluzivnog dodatka. Ako u slu\u010daju da bude potrebno osigurat \u0107e se preraspodjela unutar dr\u017eavnog prora\u010duna i jo\u0161 dodatna sredstva&#8221;, rekao je Mini\u0107 u programu <a href=\"https:\/\/vijesti.hrt.hr\/hrvatska\/vise-od-340000-zahtjeva-za-inkluzivni-dodatak-ima-li-dovoljno-novca--12301031\" target=\"_blank\" rel=\"noreferrer noopener\">HRT-a<\/a>.<\/p>\n\n\n\n<p><\/p>\n<div id=\"mojev-1865742408\" class=\"mojev-kraj-teksta mojev-entity-placement\" style=\"margin-bottom: 20px;margin-left: auto;margin-right: auto;text-align: center;\"><div class=\"mojev-adlabel\">oglas<\/div><div style=\"height: 250px;\"><script async src=\"https:\/\/pagead2.googlesyndication.com\/pagead\/js\/adsbygoogle.js?client=ca-pub-8106111766207173\"\r\n     crossorigin=\"anonymous\"><\/script>\r\n<!-- Display-1 -->\r\n<ins class=\"adsbygoogle\"\r\n     style=\"display:block\"\r\n     data-ad-client=\"ca-pub-8106111766207173\"\r\n     data-ad-slot=\"1465712950\"\r\n     data-ad-format=\"auto\"\r\n     data-full-width-responsive=\"true\"><\/ins>\r\n<script>\r\n     (adsbygoogle = window.adsbygoogle || []).push({});\r\n<\/script><\/div><\/div>","protected":false},"excerpt":{"rendered":"<p>Inkluzivni dodatak zami\u0161ljen je kao jedinstvena mjese\u010dna potpora za \u017eivotne potrebe najranjivijih skupina, ali u praksi je provedba spora jer je broj zahtjeva daleko prema\u0161io o\u010dekivanja.<\/p>\n","protected":false},"author":1,"featured_media":139994,"comment_status":"closed","ping_status":"closed","sticky":false,"template":"","format":"standard","meta":{"footnotes":""},"categories":[9],"tags":[4299],"class_list":["post-139991","post","type-post","status-publish","format-standard","has-post-thumbnail","hentry","category-vijesti","tag-inkluzivni-dodatak"],"_links":{"self":[{"href":"https:\/\/www.mojevrijeme.hr\/magazin\/wp-json\/wp\/v2\/posts\/139991","targetHints":{"allow":["GET"]}}],"collection":[{"href":"https:\/\/www.mojevrijeme.hr\/magazin\/wp-json\/wp\/v2\/posts"}],"about":[{"href":"https:\/\/www.mojevrijeme.hr\/magazin\/wp-json\/wp\/v2\/types\/post"}],"author":[{"embeddable":true,"href":"https:\/\/www.mojevrijeme.hr\/magazin\/wp-json\/wp\/v2\/users\/1"}],"replies":[{"embeddable":true,"href":"https:\/\/www.mojevrijeme.hr\/magazin\/wp-json\/wp\/v2\/comments?post=139991"}],"version-history":[{"count":2,"href":"https:\/\/www.mojevrijeme.hr\/magazin\/wp-json\/wp\/v2\/posts\/139991\/revisions"}],"predecessor-version":[{"id":139993,"href":"https:\/\/www.mojevrijeme.hr\/magazin\/wp-json\/wp\/v2\/posts\/139991\/revisions\/139993"}],"wp:featuredmedia":[{"embeddable":true,"href":"https:\/\/www.mojevrijeme.hr\/magazin\/wp-json\/wp\/v2\/media\/139994"}],"wp:attachment":[{"href":"https:\/\/www.mojevrijeme.hr\/magazin\/wp-json\/wp\/v2\/media?parent=139991"}],"wp:term":[{"taxonomy":"category","embeddable":true,"href":"https:\/\/www.mojevrijeme.hr\/magazin\/wp-json\/wp\/v2\/categories?post=139991"},{"taxonomy":"post_tag","embeddable":true,"href":"https:\/\/www.mojevrijeme.hr\/magazin\/wp-json\/wp\/v2\/tags?post=139991"}],"curies":[{"name":"wp","href":"https:\/\/api.w.org\/{rel}","templated":true}]}}